{"id":77049,"date":"2015-02-03T14:18:11","date_gmt":"2015-02-03T13:18:11","guid":{"rendered":"http:\/\/www.iphone-ticker.de\/?p=77049"},"modified":"2015-02-03T18:01:16","modified_gmt":"2015-02-03T17:01:16","slug":"lightning-tizi-zeigt-den-schlingel-wir-zeigen-eine-5e-alternative","status":"publish","type":"post","link":"https:\/\/www.iphone-ticker.de\/lightning-tizi-zeigt-den-schlingel-wir-zeigen-eine-5e-alternative-77049\/","title":{"rendered":"Lightning: Tizi zeigt den Schlingel &#8211; Wir zeigen eine 5\u20ac-Alternative"},"content":{"rendered":"<p>Schlingel, Schlingel&#8230; \u00dcber die Vorliebe der Equinux-Verantwortlichen f\u00fcr das einfache Vokabular der 70er-Jahre-Aktionfilm-\u00c4ra haben wir schon zur Vorstellung der Tankstation mit dem Kopf gesch\u00fcttelt. Der heute Ver\u00f6ffentlichte <a rel=\"noindex, nofollow\" href=\"http:\/\/www.ifun.de\/amzn\/B00STH836E\">Schlingel<\/a> zeigt sich von unserer Kritik jedoch unbeeindruckt und setzt die eigenwilligen Namensgebungen der M\u00fcnchner Zubeh\u00f6rschmiede weiter fort. <\/p>\n<p><a href=\"http:\/\/www.iphone-ticker.de\/wp-content\/uploads\/2015\/02\/schlingel.png\"><img loading=\"lazy\" decoding=\"async\" src=\"http:\/\/www.iphone-ticker.de\/wp-content\/uploads\/2015\/02\/schlingel.png\" alt=\"schlingel\" width=\"500\" height=\"286\" class=\"aligncenter size-full wp-image-77050\" srcset=\"https:\/\/images.iphone-ticker.de\/wp-content\/uploads\/2015\/02\/schlingel.png 500w, https:\/\/images.iphone-ticker.de\/wp-content\/uploads\/2015\/02\/schlingel-300x172.png 300w\" sizes=\"auto, (max-width: 500px) 100vw, 500px\" \/><\/a><\/p>\n<p>Mit dem <a rel=\"noindex, nofollow\" href=\"http:\/\/www.ifun.de\/amzn\/B00STH836E\">Schlingel<\/a> f\u00fchrt Equinux jetzt ein beidseitig nutzbares USB-Lightningkabel auf dem deutschen Markt ein, das sich mit seiner Kabel-Schlinge an Schlu\u0308sselbund, Rucksack, Reise- oder Handtasche befestigen l\u00e4sst. So wie die ku\u0308rzlich vorgestellten <a href=\"http:\/\/www.ifun.de\/tizi-flip-lightning-kabel-apple-lizenziert-beidseitig-steckbares-usb-kabel-70392\/\">Flip Lightningkabel<\/a> nutzt auch der Schlingel die Flip-Technologie. <\/p>\n<p>Der USB-Stecker kennt kein Oben oder Unten und passt beim ersten Anschlie\u00dfen am USB-Anschluss immer richtig. Zum Befestigen setzt der 15 cm lange Schlingel auf ein Stecksystem. Schlingel gibt es ab sofort zum Einfu\u0308hrungspreis von <a rel=\"noindex, nofollow\" href=\"http:\/\/www.ifun.de\/amzn\/B00STH836E\">25\u20ac bei Amazon<\/a>. <\/p>\n<p><a href=\"http:\/\/www.iphone-ticker.de\/wp-content\/uploads\/2015\/02\/light.png\"><img loading=\"lazy\" decoding=\"async\" src=\"http:\/\/www.iphone-ticker.de\/wp-content\/uploads\/2015\/02\/light.png\" alt=\"light\" width=\"700\" height=\"205\" class=\"aligncenter size-full wp-image-77051\" srcset=\"https:\/\/images.iphone-ticker.de\/wp-content\/uploads\/2015\/02\/light.png 700w, https:\/\/images.iphone-ticker.de\/wp-content\/uploads\/2015\/02\/light-300x88.png 300w\" sizes=\"auto, (max-width: 700px) 100vw, 700px\" \/><\/a><\/p>\n<p>Ein durchaus brauchbares Produkt, dessen Verkaufspreis jedoch n\u00f6rdlich unserer Toleranzgrenze f\u00fcr kleine Lightinng-Notfall-Kabel verortet ist. Seit unserer Vorstellung <a href=\"http:\/\/www.iphone-ticker.de\/?p=68167\">dieses<\/a> Lightning-Schl\u00fcsselanh\u00e4nger im vergangenen Sommer, f\u00fchren wir den <a href=\"http:\/\/www.iphone-ticker.de\/?p=68167\">starren Stecker<\/a> am Schl\u00fcsselbund mit und haben uns schon mehrmals \u00fcber den t\u00e4glichen Begleiter gefreut. <\/p>\n<p>Inzwischen bietet der Hersteller des 5\u20ac-Steckers auch eine <a rel=\"noindex, nofollow\" href=\"http:\/\/www.ifun.de\/amzn\/B00LA6NPDM\">biegsame Variante<\/a> an. Hier l\u00e4sst sich das USB-Kabel zwar nicht drehen &#8211; f\u00fcr den Noteinsatz reicht der wesentlich g\u00fcnstigere Begleiter aber allemal aus. Kostenpunkt des biegsamen &#8222;Chain Charger&#8220;: <a rel=\"noindex, nofollow\" href=\"http:\/\/www.ifun.de\/amzn\/B00LA6NPDM\">4,99\u20ac<\/a>. <\/p>\n<p><a href=\"http:\/\/www.iphone-ticker.de\/wp-content\/uploads\/2015\/02\/chain.png\"><img loading=\"lazy\" decoding=\"async\" src=\"http:\/\/www.iphone-ticker.de\/wp-content\/uploads\/2015\/02\/chain.png\" alt=\"chain\" width=\"700\" height=\"452\" class=\"aligncenter size-full wp-image-77052\" srcset=\"https:\/\/images.iphone-ticker.de\/wp-content\/uploads\/2015\/02\/chain.png 700w, https:\/\/images.iphone-ticker.de\/wp-content\/uploads\/2015\/02\/chain-300x194.png 300w\" sizes=\"auto, (max-width: 700px) 100vw, 700px\" \/><\/a><\/p>\n","protected":false},"excerpt":{"rendered":"<a href=\"https:\/\/www.iphone-ticker.de\/lightning-tizi-zeigt-den-schlingel-wir-zeigen-eine-5e-alternative-77049\/\"><img width=\"150\" height=\"150\" src=\"https:\/\/images.iphone-ticker.de\/wp-content\/uploads\/2015\/02\/schlingel-150x150.png\" class=\"alignright tfe wp-post-image\" alt=\"\" decoding=\"async\" loading=\"lazy\" \/><\/a><p>Schlingel, Schlingel&#8230; \u00dcber die Vorliebe der Equinux-Verantwortlichen f\u00fcr das einfache Vokabular der 70er-Jahre-Aktionfilm-\u00c4ra haben wir schon zur Vorstellung der Tankstation mit dem Kopf gesch\u00fcttelt. Der heute Ver\u00f6ffentlichte Schlingel zeigt sich von unserer Kritik jedoch unbeeindruckt und setzt die eigenwilligen Namensgebungen der M\u00fcnchner Zubeh\u00f6rschmiede weiter fort. Mit dem Schlingel f\u00fchrt Equinux jetzt ein beidseitig nutzbares USB-Lightningkabel [&hellip;]<\/p>\n","protected":false},"author":1,"featured_media":77050,"comment_status":"open","ping_status":"closed","sticky":false,"template":"","format":"standard","meta":{"footnotes":""},"categories":[24,1975],"tags":[258,1653,5239],"class_list":["post-77049","post","type-post","status-publish","format-standard","has-post-thumbnail","hentry","category-zubehor","category-feature","tag-kabel","tag-lightning","tag-zubehoer"],"aioseo_notices":[],"featured_image":["http:\/\/www.iphone-ticker.de\/wp-content\/uploads\/2015\/02\/chain-charger-tizi.png"],"rest_api_enabler":{"featured_image":"http:\/\/www.iphone-ticker.de\/wp-content\/uploads\/2015\/02\/chain-charger-tizi.png"},"_links":{"self":[{"href":"https:\/\/www.iphone-ticker.de\/apiv2\/wp\/v2\/posts\/77049","targetHints":{"allow":["GET"]}}],"collection":[{"href":"https:\/\/www.iphone-ticker.de\/apiv2\/wp\/v2\/posts"}],"about":[{"href":"https:\/\/www.iphone-ticker.de\/apiv2\/wp\/v2\/types\/post"}],"author":[{"embeddable":true,"href":"https:\/\/www.iphone-ticker.de\/apiv2\/wp\/v2\/users\/1"}],"replies":[{"embeddable":true,"href":"https:\/\/www.iphone-ticker.de\/apiv2\/wp\/v2\/comments?post=77049"}],"version-history":[{"count":1,"href":"https:\/\/www.iphone-ticker.de\/apiv2\/wp\/v2\/posts\/77049\/revisions"}],"predecessor-version":[{"id":77054,"href":"https:\/\/www.iphone-ticker.de\/apiv2\/wp\/v2\/posts\/77049\/revisions\/77054"}],"wp:featuredmedia":[{"embeddable":true,"href":"https:\/\/www.iphone-ticker.de\/apiv2\/wp\/v2\/media\/77050"}],"wp:attachment":[{"href":"https:\/\/www.iphone-ticker.de\/apiv2\/wp\/v2\/media?parent=77049"}],"wp:term":[{"taxonomy":"category","embeddable":true,"href":"https:\/\/www.iphone-ticker.de\/apiv2\/wp\/v2\/categories?post=77049"},{"taxonomy":"post_tag","embeddable":true,"href":"https:\/\/www.iphone-ticker.de\/apiv2\/wp\/v2\/tags?post=77049"}],"curies":[{"name":"wp","href":"https:\/\/api.w.org\/{rel}","templated":true}]}}