{"id":76872,"date":"2015-01-29T16:22:23","date_gmt":"2015-01-29T15:22:23","guid":{"rendered":"http:\/\/www.iphone-ticker.de\/?p=76872"},"modified":"2015-01-29T20:50:11","modified_gmt":"2015-01-29T19:50:11","slug":"facebook-will-eure-standortdaten-neue-datenrichtlinie-tritt-freitag-in-kraft","status":"publish","type":"post","link":"https:\/\/www.iphone-ticker.de\/facebook-will-eure-standortdaten-neue-datenrichtlinie-tritt-freitag-in-kraft-76872\/","title":{"rendered":"Facebook will eure Standortdaten: Neue Datenrichtlinie tritt Freitag in Kraft"},"content":{"rendered":"<p>Kurz zur Erinnerung: Ab Morgen tritt die neue <a href=\"https:\/\/www.facebook.com\/about\/privacy\/update\/\">Datenrichtlinie<\/a> (Facebook schreibt explizit nicht &#8222;Datenschutzrichtlinie&#8220;) des sozialen Netzwerkes Facebook in Kraft und wird, \u00dcberraschung, mit eurem ersten Login nach dem 30. Januar automatisch akzeptiert.<\/p>\n<p><a href=\"http:\/\/www.iphone-ticker.de\/wp-content\/uploads\/2014\/11\/zuck.jpg\"><img loading=\"lazy\" decoding=\"async\" src=\"http:\/\/www.iphone-ticker.de\/wp-content\/uploads\/2014\/11\/zuck.jpg\" alt=\"zuck\" width=\"500\" height=\"354\" class=\"aligncenter size-full wp-image-73717\" srcset=\"https:\/\/images.iphone-ticker.de\/wp-content\/uploads\/2014\/11\/zuck.jpg 500w, https:\/\/images.iphone-ticker.de\/wp-content\/uploads\/2014\/11\/zuck-300x212.jpg 300w\" sizes=\"auto, (max-width: 500px) 100vw, 500px\" \/><\/a><\/p>\n<p>Grund genug, sich vielleicht noch mal f\u00fcnf Minuten Zeit zu nehmen, um die <a href=\"https:\/\/www.facebook.com\/about\/privacy\/update\/\">hier zusammengefassten<\/a> Aktualisierungen des Dokumentes durchzugehen. Die neue Richtlinie, die g\u00fcltig f\u00fcr alle Facebook-Marken, -Produkte und -Dienste ist, die keine eigene Datenschutzrichtlinie haben, meldet erstmals auch Interesse an euren Ger\u00e4testandorten an. <\/p>\n<p>So wird Facebook zuk\u00fcnftig nicht nur euer Surf-Verhalten, eure Kommunikation und eure sozialen Kontakte auswerten sondern auch die Ger\u00e4teinformationen all jener Mobilger\u00e4te, auf denen die Facebook-App bzw. eine Pertner-Anwendung installiert ist. Die beiden wichtigen Abs\u00e4tze: <\/p>\n<blockquote><p>Wir k\u00f6nnen die Informationen, die wir von deinen unterschiedlichen Ger\u00e4ten sammeln, miteinander in Verbindung bringen, so dass wir dir auf allen deinen Ger\u00e4ten einheitliche Dienste zur Verf\u00fcgung stellen k\u00f6nnen. Hier sind einige Beispiele f\u00fcr Ger\u00e4teinformationen, die wir sammeln: <\/p>\n<p>Attribute wie Betriebssystem, Hardware-Version, Ger\u00e4teeinstellungen, Datei- und Software-Namen und -Arten, Batterie- und Signalst\u00e4rke sowie Ger\u00e4tekennungen. Ger\u00e4testandorte, einschlie\u00dflich spezieller geografischer Orte, beispielsweise \u00fcber GPS, Bluetooth oder WLAN-Signale. Verbindungsinformationen, wie Name deines Mobilfunk- oder Internetdienstanbieters, Browsertyp, Sprache und Zeitzone, Handynummer und IP-Adresse.\n<\/p><\/blockquote>\n<p>Ebenfalls interessant: Ab morgen streicht Facebook auch all jene Informationen ein, die bei der Nutzung von Webseiten und Apps anfallen, die die von Facebook bereitgestellten Dienste, etwa den einfachen Facebook-Login, nutzen.<\/p>\n<blockquote><p>Wir sammeln Informationen, wenn du Webseiten und Apps Dritter besuchst, die unsere Dienste nutzen (z. B. wenn sie unsere \u201eGef\u00e4llt mir\u201c-Schaltfl\u00e4che oder die Facebook-Anmeldung anbieten oder unsere Bewertungs- und Werbedienste nutzen). Dazu z\u00e4hlen auch Informationen \u00fcber die von dir besuchten Webseiten und Apps und \u00fcber deine Nutzung unserer Dienste auf solchen Webseiten und Apps sowie Informationen, die der Entwickler oder Herausgeber der App oder Webseite dir bzw. uns zur Verf\u00fcgung stellt.<\/p><\/blockquote>\n","protected":false},"excerpt":{"rendered":"<a href=\"https:\/\/www.iphone-ticker.de\/facebook-will-eure-standortdaten-neue-datenrichtlinie-tritt-freitag-in-kraft-76872\/\"><img decoding=\"async\" width=\"150\" src=\"http:\/\/www.iphone-ticker.de\/wp-content\/uploads\/2014\/11\/zuck.jpg\" class=\"alignright wp-post-image tfe\" alt=\"zuck\" title=\"\" \/><\/a><p>Kurz zur Erinnerung: Ab Morgen tritt die neue Datenrichtlinie (Facebook schreibt explizit nicht &#8222;Datenschutzrichtlinie&#8220;) des sozialen Netzwerkes Facebook in Kraft und wird, \u00dcberraschung, mit eurem ersten Login nach dem 30. Januar automatisch akzeptiert. Grund genug, sich vielleicht noch mal f\u00fcnf Minuten Zeit zu nehmen, um die hier zusammengefassten Aktualisierungen des Dokumentes durchzugehen. Die neue Richtlinie, [&hellip;]<\/p>\n","protected":false},"author":1,"featured_media":0,"comment_status":"open","ping_status":"closed","sticky":false,"template":"","format":"standard","meta":{"footnotes":""},"categories":[1,1975],"tags":[672,455,238],"class_list":["post-76872","post","type-post","status-publish","format-standard","hentry","category-news","category-feature","tag-datenschutz","tag-facebook","tag-security"],"aioseo_notices":[],"featured_image":["http:\/\/www.iphone-ticker.de\/wp-content\/uploads\/2013\/12\/face.jpg"],"rest_api_enabler":{"featured_image":"http:\/\/www.iphone-ticker.de\/wp-content\/uploads\/2013\/12\/face.jpg"},"_links":{"self":[{"href":"https:\/\/www.iphone-ticker.de\/apiv2\/wp\/v2\/posts\/76872","targetHints":{"allow":["GET"]}}],"collection":[{"href":"https:\/\/www.iphone-ticker.de\/apiv2\/wp\/v2\/posts"}],"about":[{"href":"https:\/\/www.iphone-ticker.de\/apiv2\/wp\/v2\/types\/post"}],"author":[{"embeddable":true,"href":"https:\/\/www.iphone-ticker.de\/apiv2\/wp\/v2\/users\/1"}],"replies":[{"embeddable":true,"href":"https:\/\/www.iphone-ticker.de\/apiv2\/wp\/v2\/comments?post=76872"}],"version-history":[{"count":1,"href":"https:\/\/www.iphone-ticker.de\/apiv2\/wp\/v2\/posts\/76872\/revisions"}],"predecessor-version":[{"id":76873,"href":"https:\/\/www.iphone-ticker.de\/apiv2\/wp\/v2\/posts\/76872\/revisions\/76873"}],"wp:attachment":[{"href":"https:\/\/www.iphone-ticker.de\/apiv2\/wp\/v2\/media?parent=76872"}],"wp:term":[{"taxonomy":"category","embeddable":true,"href":"https:\/\/www.iphone-ticker.de\/apiv2\/wp\/v2\/categories?post=76872"},{"taxonomy":"post_tag","embeddable":true,"href":"https:\/\/www.iphone-ticker.de\/apiv2\/wp\/v2\/tags?post=76872"}],"curies":[{"name":"wp","href":"https:\/\/api.w.org\/{rel}","templated":true}]}}