{"id":7670,"date":"2009-09-02T22:44:12","date_gmt":"2009-09-02T20:44:12","guid":{"rendered":"http:\/\/www.iphone-ticker.de\/2009\/09\/02\/ifa-alle-iphone-modelle-vorratig\/"},"modified":"2009-09-02T22:46:31","modified_gmt":"2009-09-02T20:46:31","slug":"ifa-alle-iphone-modelle-vorratig","status":"publish","type":"post","link":"https:\/\/www.iphone-ticker.de\/ifa-alle-iphone-modelle-vorratig-7670\/","title":{"rendered":"IFA: Alle iPhone-Modelle vorr\u00e4tig"},"content":{"rendered":"<p>Wer gaaaanz dringend ein iPhone mit T-Mobile-Vertrag braucht, kann sein Gl\u00fcck auf der am Freitag in Berlin startenden Ex-Funkausstellung IFA versuchen. Ein V\u00f6gelchen zwitschert uns, dass dort mindestens 200 Ger\u00e4te &#8211; darunter alle Varianten &#8211; vorr\u00e4tig sind. <em>(Bevor uns jemand verklagt: Wir k\u00f6nnen das nicht garantieren, gehen aber davon aus, dass es so ist\u2026)<\/em><\/p>\n","protected":false},"excerpt":{"rendered":"<p>Wer gaaaanz dringend ein iPhone mit T-Mobile-Vertrag braucht, kann sein Gl\u00fcck auf der am Freitag in Berlin startenden Ex-Funkausstellung IFA versuchen. Ein V\u00f6gelchen zwitschert uns, dass dort mindestens 200 Ger\u00e4te &#8211; darunter alle Varianten &#8211; vorr\u00e4tig sind. (Bevor uns jemand verklagt: Wir k\u00f6nnen das nicht garantieren, gehen aber davon aus, dass es so ist\u2026)<\/p>\n","protected":false},"author":2,"featured_media":0,"comment_status":"open","ping_status":"closed","sticky":false,"template":"","format":"standard","meta":{"footnotes":""},"categories":[1],"tags":[122,37],"class_list":["post-7670","post","type-post","status-publish","format-standard","hentry","category-news","tag-ifa","tag-t-mobile"],"aioseo_notices":[],"rest_api_enabler":[],"_links":{"self":[{"href":"https:\/\/www.iphone-ticker.de\/apiv2\/wp\/v2\/posts\/7670","targetHints":{"allow":["GET"]}}],"collection":[{"href":"https:\/\/www.iphone-ticker.de\/apiv2\/wp\/v2\/posts"}],"about":[{"href":"https:\/\/www.iphone-ticker.de\/apiv2\/wp\/v2\/types\/post"}],"author":[{"embeddable":true,"href":"https:\/\/www.iphone-ticker.de\/apiv2\/wp\/v2\/users\/2"}],"replies":[{"embeddable":true,"href":"https:\/\/www.iphone-ticker.de\/apiv2\/wp\/v2\/comments?post=7670"}],"version-history":[{"count":0,"href":"https:\/\/www.iphone-ticker.de\/apiv2\/wp\/v2\/posts\/7670\/revisions"}],"wp:attachment":[{"href":"https:\/\/www.iphone-ticker.de\/apiv2\/wp\/v2\/media?parent=7670"}],"wp:term":[{"taxonomy":"category","embeddable":true,"href":"https:\/\/www.iphone-ticker.de\/apiv2\/wp\/v2\/categories?post=7670"},{"taxonomy":"post_tag","embeddable":true,"href":"https:\/\/www.iphone-ticker.de\/apiv2\/wp\/v2\/tags?post=7670"}],"curies":[{"name":"wp","href":"https:\/\/api.w.org\/{rel}","templated":true}]}}