{"id":7578,"date":"2009-08-21T03:10:52","date_gmt":"2009-08-21T01:10:52","guid":{"rendered":"http:\/\/www.iphone-ticker.de\/2009\/08\/21\/projektschule-iphones-fur-die-gesamte-5-klasse-video\/"},"modified":"2009-08-21T03:30:26","modified_gmt":"2009-08-21T01:30:26","slug":"projektschule-iphones-fur-die-gesamte-5-klasse-video","status":"publish","type":"post","link":"https:\/\/www.iphone-ticker.de\/projektschule-iphones-fur-die-gesamte-5-klasse-video-7578\/","title":{"rendered":"Projektschule: iPhones f\u00fcr die gesamte 5. Klasse (Video)"},"content":{"rendered":"<p>Die auf der <a href=\"http:\/\/www.projektschule-goldau.ch\/\">Webseite der Projektschule-Goldau<\/a> dokumentierten Erlebnisse der 5. Klasse, gilt es zuk\u00fcnftig im Auge zu behalten. Hier werden die Erfahrungen des jetzt angelaufenen Pilotprojektes &#8211; an der Goldau-Schule hat jedes schulpflichtige Kind der 5. Jahrgangsstufe ein pers\u00f6nliches iPhones 3G f\u00fcr die n\u00e4chsten 24 Monate zur Verf\u00fcgung gestellt bekommen &#8211; notiert, die positiven und negativen Einfl\u00fcsse der iPhone-Ausstattung besprochen.<\/p>\n<p style=\"text-align: center\"><img decoding=\"async\" src=\"http:\/\/www.iphone-ticker.de\/wp-content\/uploads\/2009\/08\/goldaukids.png\" alt=\"goldaukids.png\" \/><\/p>\n<p>Die Kinder sollen das Ger\u00e4t innerhalb und ausserhalb der Schule als Teil ihrer pers\u00f6nlichen Lern- und Arbeitsumgebung nutzen und damit emanzipiert und kritisch mit zuk\u00fcnftig immer verf\u00fcgbarer Informations- und Kommunikationstechnologie umgehen lernen. Das vom Institut f\u00fcr Medien und Schule (IMS) der PHZ Schwyz initiierte und geleitete und auf zwei Jahre angelegte Projekt wird von Swisscom unterst\u00fctzt, so dass der Schule, den Eltern und den Kindern keine Kosten entstehen.<\/p>\n<p>Christian (Danke! ) hat uns auf die jetzt ver\u00f6ffentlichte Pressemitteilung aufmerksam gemacht. Hier hei\u00dft es weiter:<\/p>\n<blockquote><p><em>&#8222;Die Erkenntnisse aus diesem im deutschsprachigen Raum bisher einmaligen Pilotprojekt sollen ver\u00f6ffentlicht werden und so die Diskussion zum sinnvollen und verantwortungsvollen Einsatz von ICT in der Schule weiter tragen.<\/em>&#8222;<\/p><\/blockquote>\n<p>Alle Informationen zum iPhone-Projekt lassen sich <a href=\"http:\/\/www.projektschule-goldau.ch\/das-iphone-projekt\">hier nachlesen<\/a>. Das <a href=\"http:\/\/www.projektschule-goldau.ch\/\">Blog der Schule<\/a> informiert \u00fcber den zuk\u00fcnftigen Verlauf das unten eingebettete Video zeigt die ersten &#8222;Gehversuche&#8220; der Sch\u00fcler.<\/p>\n<p><center><object data=\"http:\/\/www.sf.tv\/videoplayer\/embed\/ae937eb8-bdbd-4786-8c48-d424f4543d24\" type=\"application\/x-shockwave-flash\" style=\"width: 550px; height: 300px\"><param name=\"movie\" value=\"http:\/\/www.sf.tv\/videoplayer\/embed\/ae937eb8-bdbd-4786-8c48-d424f4543d24\"><\/param><param name=\"quality\" value=\"high\"><\/param><param name=\"allowFullScreen\" value=\"true\"><\/param><\/object><\/center><\/p>\n","protected":false},"excerpt":{"rendered":"<a href=\"https:\/\/www.iphone-ticker.de\/projektschule-iphones-fur-die-gesamte-5-klasse-video-7578\/\"><img decoding=\"async\" width=\"150\" src=\"http:\/\/www.iphone-ticker.de\/wp-content\/uploads\/2009\/08\/goldaukids.png\" class=\"alignright wp-post-image tfe\" alt=\"goldaukids.png\" title=\"\" \/><\/a><p>Die auf der Webseite der Projektschule-Goldau dokumentierten Erlebnisse der 5. Klasse, gilt es zuk\u00fcnftig im Auge zu behalten. Hier werden die Erfahrungen des jetzt angelaufenen Pilotprojektes &#8211; an der Goldau-Schule hat jedes schulpflichtige Kind der 5. Jahrgangsstufe ein pers\u00f6nliches iPhones 3G f\u00fcr die n\u00e4chsten 24 Monate zur Verf\u00fcgung gestellt bekommen &#8211; notiert, die positiven und [&hellip;]<\/p>\n","protected":false},"author":1,"featured_media":0,"comment_status":"open","ping_status":"closed","sticky":false,"template":"","format":"standard","meta":{"footnotes":""},"categories":[1],"tags":[61,456,157,8],"class_list":["post-7578","post","type-post","status-publish","format-standard","hentry","category-news","tag-kinder","tag-schule","tag-schweiz","tag-video"],"aioseo_notices":[],"rest_api_enabler":[],"_links":{"self":[{"href":"https:\/\/www.iphone-ticker.de\/apiv2\/wp\/v2\/posts\/7578","targetHints":{"allow":["GET"]}}],"collection":[{"href":"https:\/\/www.iphone-ticker.de\/apiv2\/wp\/v2\/posts"}],"about":[{"href":"https:\/\/www.iphone-ticker.de\/apiv2\/wp\/v2\/types\/post"}],"author":[{"embeddable":true,"href":"https:\/\/www.iphone-ticker.de\/apiv2\/wp\/v2\/users\/1"}],"replies":[{"embeddable":true,"href":"https:\/\/www.iphone-ticker.de\/apiv2\/wp\/v2\/comments?post=7578"}],"version-history":[{"count":0,"href":"https:\/\/www.iphone-ticker.de\/apiv2\/wp\/v2\/posts\/7578\/revisions"}],"wp:attachment":[{"href":"https:\/\/www.iphone-ticker.de\/apiv2\/wp\/v2\/media?parent=7578"}],"wp:term":[{"taxonomy":"category","embeddable":true,"href":"https:\/\/www.iphone-ticker.de\/apiv2\/wp\/v2\/categories?post=7578"},{"taxonomy":"post_tag","embeddable":true,"href":"https:\/\/www.iphone-ticker.de\/apiv2\/wp\/v2\/tags?post=7578"}],"curies":[{"name":"wp","href":"https:\/\/api.w.org\/{rel}","templated":true}]}}