{"id":74851,"date":"2014-12-04T15:07:37","date_gmt":"2014-12-04T14:07:37","guid":{"rendered":"http:\/\/www.iphone-ticker.de\/?p=74851"},"modified":"2014-12-05T16:46:30","modified_gmt":"2014-12-05T15:46:30","slug":"fertigungstoleranz-berichte-ueber-verschobene-iphone-6-kameras-mehren-sich","status":"publish","type":"post","link":"https:\/\/www.iphone-ticker.de\/fertigungstoleranz-berichte-ueber-verschobene-iphone-6-kameras-mehren-sich-74851\/","title":{"rendered":"Fertigungstoleranz? Berichte \u00fcber verschobene iPhone 6-Kameras mehren sich"},"content":{"rendered":"<p>Die Welt hat ein neues iPhone 6-Problem. Die Frontkamera der aktuellen Ger\u00e4te-Generation, dies geht aus zahlreichen Nutzer-Zuschriften vor, die ifun.de inzwischen vorliegen, ist auf zahlreichen Ger\u00e4ten leicht nach links verschoben platziert und sorgt so f\u00fcr ein Halbmond-\u00e4hnlichen Ring, der die Abweichung im Submillimeter-Bereich bereits mit blo\u00dfem Auge erkennen l\u00e4sst. <\/p>\n<p><a href=\"http:\/\/www.iphone-ticker.de\/wp-content\/uploads\/2014\/12\/millimeter.jpg\"><img loading=\"lazy\" decoding=\"async\" src=\"http:\/\/www.iphone-ticker.de\/wp-content\/uploads\/2014\/12\/millimeter.jpg\" alt=\"millimeter\" width=\"500\" height=\"333\" class=\"aligncenter size-full wp-image-74853\" srcset=\"https:\/\/images.iphone-ticker.de\/wp-content\/uploads\/2014\/12\/millimeter.jpg 500w, https:\/\/images.iphone-ticker.de\/wp-content\/uploads\/2014\/12\/millimeter-300x199.jpg 300w\" sizes=\"auto, (max-width: 500px) 100vw, 500px\" \/><\/a><\/p>\n<p>Auf die Fertigungstoleranz, die die Funktionsf\u00e4higkeit der vorderseitig angebrachten Kamera bei keinem unserer Leser einschr\u00e4nkt, wurden wir inzwischen so oft hingewiesen, dass wir mittlerweile davon ausgehen, dass Apple die leichte Verschiebung des Kamera-Moduls toleriert. Unter anderem schreibt Raphael: <\/p>\n<blockquote><p>Also bei mir bleibt der Halbmond um die Kamera. Die Funktionen der Kamera sind bei mir nicht eingeschr\u00e4nkt aber wenn man den Fehler einmal gesehen hat, f\u00e4llt er immer sofort auf. Leider\u2026 Ich habe mein iPhone bei der Telekom gekauft, werde aber in den n\u00e4chsten Tagen mal beim Apple Store vorbeischauen [&#8230;]<\/p><\/blockquote>\n<p>Ausschlaggebend f\u00fcr die nun zahlreich vorliegenden Sichtungen (des bislang \u00fcbersehenden <em>Problems<\/em>) d\u00fcrfte <a href=\"https:\/\/www.reddit.com\/r\/apple\/comments\/2nuw63\/is_your_iphone_6_frontfacing_camera_misaligned\/\">dieses<\/a> Nutzer-Posting auf dem Community-Forum Reddit sein. Der vor drei Tagen eingereichte Eintrag verbreitete sich unter dem Stichwort #crescentgate in den sozialen Netzen, hier kritisieren die Nutzer vor allem den augenscheinlich schwindenden Anspruch der Apple-eigenen Qualit\u00e4tssicherung.<\/p>\n<p><a href=\"http:\/\/www.iphone-ticker.de\/wp-content\/uploads\/2014\/12\/kamera-w.jpg\"><img loading=\"lazy\" decoding=\"async\" src=\"http:\/\/www.iphone-ticker.de\/wp-content\/uploads\/2014\/12\/kamera-w.jpg\" alt=\"kamera-w\" width=\"700\" height=\"329\" class=\"aligncenter size-full wp-image-74854\" srcset=\"https:\/\/images.iphone-ticker.de\/wp-content\/uploads\/2014\/12\/kamera-w.jpg 700w, https:\/\/images.iphone-ticker.de\/wp-content\/uploads\/2014\/12\/kamera-w-300x141.jpg 300w\" sizes=\"auto, (max-width: 700px) 100vw, 700px\" \/><\/a><\/p>\n<p>Unsere Meinung: Auch wenn die Kritik am Luxus-Produkt iPhone mit Blick auf seinen Verkaufspreis durchaus gerechtfertigt sein kann, motiviert uns die Abweichung der Kamera-Platzierung um eine halbe Haaresbreite nicht zum Gang in den Apple-Store. <\/p>\n","protected":false},"excerpt":{"rendered":"<a href=\"https:\/\/www.iphone-ticker.de\/fertigungstoleranz-berichte-ueber-verschobene-iphone-6-kameras-mehren-sich-74851\/\"><img width=\"150\" height=\"150\" src=\"https:\/\/images.iphone-ticker.de\/wp-content\/uploads\/2014\/12\/kamera-w-150x150.jpg\" class=\"alignright tfe wp-post-image\" alt=\"\" decoding=\"async\" loading=\"lazy\" \/><\/a><p>Die Welt hat ein neues iPhone 6-Problem. Die Frontkamera der aktuellen Ger\u00e4te-Generation, dies geht aus zahlreichen Nutzer-Zuschriften vor, die ifun.de inzwischen vorliegen, ist auf zahlreichen Ger\u00e4ten leicht nach links verschoben platziert und sorgt so f\u00fcr ein Halbmond-\u00e4hnlichen Ring, der die Abweichung im Submillimeter-Bereich bereits mit blo\u00dfem Auge erkennen l\u00e4sst. Auf die Fertigungstoleranz, die die Funktionsf\u00e4higkeit [&hellip;]<\/p>\n","protected":false},"author":1,"featured_media":74854,"comment_status":"open","ping_status":"closed","sticky":false,"template":"","format":"standard","meta":{"footnotes":""},"categories":[749,1975],"tags":[344,139,32],"class_list":["post-74851","post","type-post","status-publish","format-standard","has-post-thumbnail","hentry","category-iphone-2","category-feature","tag-iphone","tag-kamera","tag-kritik"],"aioseo_notices":[],"featured_image":["http:\/\/www.iphone-ticker.de\/wp-content\/uploads\/2014\/12\/kamera.jpg"],"rest_api_enabler":{"featured_image":"http:\/\/www.iphone-ticker.de\/wp-content\/uploads\/2014\/12\/kamera.jpg"},"_links":{"self":[{"href":"https:\/\/www.iphone-ticker.de\/apiv2\/wp\/v2\/posts\/74851","targetHints":{"allow":["GET"]}}],"collection":[{"href":"https:\/\/www.iphone-ticker.de\/apiv2\/wp\/v2\/posts"}],"about":[{"href":"https:\/\/www.iphone-ticker.de\/apiv2\/wp\/v2\/types\/post"}],"author":[{"embeddable":true,"href":"https:\/\/www.iphone-ticker.de\/apiv2\/wp\/v2\/users\/1"}],"replies":[{"embeddable":true,"href":"https:\/\/www.iphone-ticker.de\/apiv2\/wp\/v2\/comments?post=74851"}],"version-history":[{"count":1,"href":"https:\/\/www.iphone-ticker.de\/apiv2\/wp\/v2\/posts\/74851\/revisions"}],"predecessor-version":[{"id":74855,"href":"https:\/\/www.iphone-ticker.de\/apiv2\/wp\/v2\/posts\/74851\/revisions\/74855"}],"wp:featuredmedia":[{"embeddable":true,"href":"https:\/\/www.iphone-ticker.de\/apiv2\/wp\/v2\/media\/74854"}],"wp:attachment":[{"href":"https:\/\/www.iphone-ticker.de\/apiv2\/wp\/v2\/media?parent=74851"}],"wp:term":[{"taxonomy":"category","embeddable":true,"href":"https:\/\/www.iphone-ticker.de\/apiv2\/wp\/v2\/categories?post=74851"},{"taxonomy":"post_tag","embeddable":true,"href":"https:\/\/www.iphone-ticker.de\/apiv2\/wp\/v2\/tags?post=74851"}],"curies":[{"name":"wp","href":"https:\/\/api.w.org\/{rel}","templated":true}]}}