{"id":73764,"date":"2014-11-10T10:38:27","date_gmt":"2014-11-10T09:38:27","guid":{"rendered":"http:\/\/www.iphone-ticker.de\/?p=73764"},"modified":"2014-11-10T10:38:27","modified_gmt":"2014-11-10T09:38:27","slug":"neue-sortier-helfer-fuer-facebooks-newsfeed","status":"publish","type":"post","link":"https:\/\/www.iphone-ticker.de\/neue-sortier-helfer-fuer-facebooks-newsfeed-73764\/","title":{"rendered":"Neue Sortier-Helfer f\u00fcr Facebooks Newsfeed"},"content":{"rendered":"<p>Das soziale Netzwerk Facebook befindet sich aktuell noch immer auf der &#8222;Wir gehen auf die Kritik unserer Nutzer ein&#8220;-Tour und hat jetzt neue <a href=\"http:\/\/newsroom.fb.com\/news\/2014\/11\/news-feed-fyi-more-ways-to-control-what-you-see-in-your-news-feed\/\">Sortier-Helfer<\/a> f\u00fcr euer Newsfeed vorgestellt. <\/p>\n<p><a href=\"http:\/\/www.iphone-ticker.de\/wp-content\/uploads\/2014\/11\/see.jpg\"><img loading=\"lazy\" decoding=\"async\" src=\"http:\/\/www.iphone-ticker.de\/wp-content\/uploads\/2014\/11\/see.jpg\" alt=\"see\" width=\"400\" height=\"138\" class=\"aligncenter size-full wp-image-73766\" srcset=\"https:\/\/images.iphone-ticker.de\/wp-content\/uploads\/2014\/11\/see.jpg 400w, https:\/\/images.iphone-ticker.de\/wp-content\/uploads\/2014\/11\/see-300x103.jpg 300w\" sizes=\"auto, (max-width: 400px) 100vw, 400px\" \/><\/a><\/p>\n<p>Nur wenige Tage nach Zuckerbergs <a href=\"http:\/\/www.iphone-ticker.de\/schneller-und-darum-besser-zuckerberg-begruendet-zwangs-messenger-73716\/\" title=\"\u201cSchneller und darum besser\u201d: Zuckerberg begr\u00fcndet Zwangs-Messenger\">Frage-Antwort-Auftritt<\/a>, in dem der Facebook-Chef erstmals die Zwangs-Einf\u00fchrung des neuen Facebook-Messengers rechtfertigte, stellt Produkt Manager Greg Marra jetzt die verbesserte Ansicht des Newsfeeds vor. <\/p>\n<p>So bietet der \u00fcberarbeitete Nachrichten-Stream jetzt die M\u00f6glichkeit an ausgew\u00e4hlte Nachrichten zu verstecken, kann die Anzeige der Neuigkeiten ausgew\u00e4hlter Benutzer komplett unterdr\u00fccken, ohne deren Verfasser zu &#8222;entfreunden&#8220; und bietet neue Feedback-Optionen an. So l\u00e4sst sich nun auch konfigurieren, dass bestimmte Personen &#8222;weniger h\u00e4ufig&#8220; in eurem Feed vertreten sein sollen. <\/p>\n<p>Neue Optionen, die Facebook vor allem dabei helfen werden euch und eure Geschm\u00e4cker besser kennenzulernen. <\/p>\n<blockquote><p>News Feed settings will be available starting today on desktop and mobile. The new options for giving feedback about your News Feed will be available today on desktop, and coming to mobile in the coming weeks.<\/p><\/blockquote>\n<p><div class=\"responsive-video\"><iframe loading=\"lazy\" src=\"\/\/player.vimeo.com\/video\/111122883?title=0&amp;byline=0&amp;portrait=0\" width=\"700\" height=\"433\" frameborder=\"0\" webkitallowfullscreen mozallowfullscreen allowfullscreen><\/iframe><\/div><\/p>\n<div id=\"article-single-app-preview\">\n<div id=\"article-single-app-preview-icon\"><img loading=\"lazy\" decoding=\"async\" src=\"https:\/\/www.iphone-ticker.de\/wp-content\/plugins\/appstore-lookup\/timthumb.php?src=http:\/\/placekitten.com\/57\/57&zc=0&amp;w=72&amp;q=80\"  alt=\"App Icon\"  height=\"72\" width=\"72\" class=\"asl-icon-img\" \/><\/div>\n<div id=\"article-single-app-preview-desc\"><span class=\"name\">App Not Found<\/span><br \/>\n<span class=\"seller\">Seller Not Found<\/span><\/div>\n<a href=\"http:\/\/www.ifun.de\/app\/284882215\"><div id=\"article-single-app-preview-download\">Free<br \/>\n<span class=\"size\">19.73MB<\/span><\/div><\/a>\n<\/div>\n","protected":false},"excerpt":{"rendered":"<a href=\"https:\/\/www.iphone-ticker.de\/neue-sortier-helfer-fuer-facebooks-newsfeed-73764\/\"><img width=\"150\" height=\"150\" src=\"https:\/\/images.iphone-ticker.de\/wp-content\/uploads\/2014\/11\/follow-150x150.jpg\" class=\"alignright tfe wp-post-image\" alt=\"\" decoding=\"async\" loading=\"lazy\" \/><\/a><p>Das soziale Netzwerk Facebook befindet sich aktuell noch immer auf der &#8222;Wir gehen auf die Kritik unserer Nutzer ein&#8220;-Tour und hat jetzt neue Sortier-Helfer f\u00fcr euer Newsfeed vorgestellt. Nur wenige Tage nach Zuckerbergs Frage-Antwort-Auftritt, in dem der Facebook-Chef erstmals die Zwangs-Einf\u00fchrung des neuen Facebook-Messengers rechtfertigte, stellt Produkt Manager Greg Marra jetzt die verbesserte Ansicht des [&hellip;]<\/p>\n","protected":false},"author":1,"featured_media":73767,"comment_status":"open","ping_status":"closed","sticky":false,"template":"","format":"standard","meta":{"footnotes":""},"categories":[489],"tags":[455,8],"class_list":["post-73764","post","type-post","status-publish","format-standard","has-post-thumbnail","hentry","category-videos","tag-facebook","tag-video"],"aioseo_notices":[],"featured_image":["http:\/\/www.iphone-ticker.de\/wp-content\/uploads\/2014\/11\/follow.jpg"],"rest_api_enabler":{"featured_image":"http:\/\/www.iphone-ticker.de\/wp-content\/uploads\/2014\/11\/follow.jpg"},"_links":{"self":[{"href":"https:\/\/www.iphone-ticker.de\/apiv2\/wp\/v2\/posts\/73764","targetHints":{"allow":["GET"]}}],"collection":[{"href":"https:\/\/www.iphone-ticker.de\/apiv2\/wp\/v2\/posts"}],"about":[{"href":"https:\/\/www.iphone-ticker.de\/apiv2\/wp\/v2\/types\/post"}],"author":[{"embeddable":true,"href":"https:\/\/www.iphone-ticker.de\/apiv2\/wp\/v2\/users\/1"}],"replies":[{"embeddable":true,"href":"https:\/\/www.iphone-ticker.de\/apiv2\/wp\/v2\/comments?post=73764"}],"version-history":[{"count":2,"href":"https:\/\/www.iphone-ticker.de\/apiv2\/wp\/v2\/posts\/73764\/revisions"}],"predecessor-version":[{"id":73769,"href":"https:\/\/www.iphone-ticker.de\/apiv2\/wp\/v2\/posts\/73764\/revisions\/73769"}],"wp:featuredmedia":[{"embeddable":true,"href":"https:\/\/www.iphone-ticker.de\/apiv2\/wp\/v2\/media\/73767"}],"wp:attachment":[{"href":"https:\/\/www.iphone-ticker.de\/apiv2\/wp\/v2\/media?parent=73764"}],"wp:term":[{"taxonomy":"category","embeddable":true,"href":"https:\/\/www.iphone-ticker.de\/apiv2\/wp\/v2\/categories?post=73764"},{"taxonomy":"post_tag","embeddable":true,"href":"https:\/\/www.iphone-ticker.de\/apiv2\/wp\/v2\/tags?post=73764"}],"curies":[{"name":"wp","href":"https:\/\/api.w.org\/{rel}","templated":true}]}}