{"id":72835,"date":"2014-10-17T17:23:12","date_gmt":"2014-10-17T15:23:12","guid":{"rendered":"http:\/\/www.iphone-ticker.de\/?p=72835"},"modified":"2014-10-20T10:03:50","modified_gmt":"2014-10-20T08:03:50","slug":"iphone-telefonate-auf-mac-und-ipad-aktivieren-und-abstellen","status":"publish","type":"post","link":"https:\/\/www.iphone-ticker.de\/iphone-telefonate-auf-mac-und-ipad-aktivieren-und-abstellen-72835\/","title":{"rendered":"iPhone-Telefonate auf Mac und iPad aktivieren und abstellen"},"content":{"rendered":"<p>Nachdem hier schon mehrere Anfragen per E-Mail kamen noch einmal zur Erinnerung: Mit iOS 8 und OS X Yosemite bietet sich nun die M\u00f6glichkeit, Telefonate auch vom iPad, iPod touch oder Mac aus zu f\u00fchren. Ein iPhone ist in diesem Setup nat\u00fcrlich zwingend notwendig und agiert dabei als \u201edrahtlose Telefonzentrale\u201c.<\/p>\n<p><a href=\"http:\/\/www.iphone-ticker.de\/wp-content\/uploads\/2014\/10\/continuity-telefon-einstellungen.jpg\"><img loading=\"lazy\" decoding=\"async\" src=\"http:\/\/www.iphone-ticker.de\/wp-content\/uploads\/2014\/10\/continuity-telefon-einstellungen.jpg\" alt=\"continuity-telefon-einstellungen\" width=\"500\" height=\"197\" class=\"alignnone size-full wp-image-72839\" srcset=\"https:\/\/images.iphone-ticker.de\/wp-content\/uploads\/2014\/10\/continuity-telefon-einstellungen.jpg 500w, https:\/\/images.iphone-ticker.de\/wp-content\/uploads\/2014\/10\/continuity-telefon-einstellungen-300x118.jpg 300w\" sizes=\"auto, (max-width: 500px) 100vw, 500px\" \/><\/a><\/p>\n<p>Voraussetzung daf\u00fcr, dass das ganze gelingt ist neben aktuellen Betriebssystemversionen auch die Tatsache, dass sich alle Ger\u00e4te im selben WLAN-Netz befinden und zudem mit der gleichen Apple-ID bei iCloud angemeldet sind. Eingehende Anrufe bimmeln dann auf allen Ger\u00e4ten und ihr k\u00f6nnt am Mac oder iPad telefonieren und ebenso auch von diesen Ger\u00e4ten aus ein Telefonat beginnen.<\/p>\n<h2>Wo aktiviere ich Mac- und iPad-Telefonate?<\/h2>\n<p>Die neue Funktion setzt zwingend die Aktivierung von FaceTime voraus. Falls ihr Apples Video- und Sprachchats abgestellt habt, kann auch das neue Integrations-Feature zum Telefonieren mit Mac und iPad nicht funktionieren. Sobald FaceTime aktiv ist, seht ihr in den iOS-Einstellungen im Bereich FaceTime einen zweiten Schalter f\u00fcr die \u201eiPhone-Mobilanrufe\u201c und k\u00f6nnt die Funktion hier aktivieren. Auf dem Mac findet ihr diesen Schalter \u00fcbrigens direkt in der FaceTime-App und nicht in den Systemeinstellungen.<\/p>\n<p>Auch Ausschalten l\u00e4sst sich das Ganze dann an dieser Stelle wieder. Ebenso k\u00f6nnt ihr wie <a href=\"http:\/\/www.ifun.de\/iphone-anrufe-auf-dem-ipad-abstellen-66659\/\">hier beschrieben<\/a> einzelne iOS-Ger\u00e4te von dieser Funktion ausnehmen.<\/p>\n<p>Als Mindestvoraussetzungen f\u00fcr die Continuity- oder im Deutschen auch Integrationsfeatures genannten Optionen nennt Apple das Phone 5 oder neuer, iPad (4. Generation), iPad Air, iPad mini, iPad mini mit Retina Display und iPod touch (5. Generation).<\/p>\n<p><a href=\"http:\/\/www.iphone-ticker.de\/wp-content\/uploads\/2014\/10\/700.jpg\"><img loading=\"lazy\" decoding=\"async\" src=\"http:\/\/www.iphone-ticker.de\/wp-content\/uploads\/2014\/10\/700.jpg\" alt=\"700\" width=\"700\" height=\"451\" class=\"alignnone size-full wp-image-72837\" srcset=\"https:\/\/images.iphone-ticker.de\/wp-content\/uploads\/2014\/10\/700.jpg 700w, https:\/\/images.iphone-ticker.de\/wp-content\/uploads\/2014\/10\/700-300x193.jpg 300w\" sizes=\"auto, (max-width: 700px) 100vw, 700px\" \/><\/a><\/p>\n","protected":false},"excerpt":{"rendered":"<a href=\"https:\/\/www.iphone-ticker.de\/iphone-telefonate-auf-mac-und-ipad-aktivieren-und-abstellen-72835\/\"><img width=\"150\" height=\"150\" src=\"https:\/\/images.iphone-ticker.de\/wp-content\/uploads\/2014\/10\/700-150x150.jpg\" class=\"alignright tfe wp-post-image\" alt=\"\" decoding=\"async\" loading=\"lazy\" \/><\/a><p>Nachdem hier schon mehrere Anfragen per E-Mail kamen noch einmal zur Erinnerung: Mit iOS 8 und OS X Yosemite bietet sich nun die M\u00f6glichkeit, Telefonate auch vom iPad, iPod touch oder Mac aus zu f\u00fchren. Ein iPhone ist in diesem Setup nat\u00fcrlich zwingend notwendig und agiert dabei als \u201edrahtlose Telefonzentrale\u201c. Voraussetzung daf\u00fcr, dass das ganze [&hellip;]<\/p>\n","protected":false},"author":2,"featured_media":72837,"comment_status":"open","ping_status":"closed","sticky":false,"template":"","format":"standard","meta":{"footnotes":""},"categories":[639,1975],"tags":[2673,2415,532,344,53,951,2804],"class_list":["post-72835","post","type-post","status-publish","format-standard","has-post-thumbnail","hentry","category-ios","category-feature","tag-continuity","tag-ios-8","tag-ipad","tag-iphone","tag-mac","tag-telefonieren","tag-yosemite"],"aioseo_notices":[],"featured_image":["http:\/\/www.iphone-ticker.de\/wp-content\/uploads\/2014\/10\/iphone-telefonate-header.jpg"],"rest_api_enabler":{"featured_image":"http:\/\/www.iphone-ticker.de\/wp-content\/uploads\/2014\/10\/iphone-telefonate-header.jpg"},"_links":{"self":[{"href":"https:\/\/www.iphone-ticker.de\/apiv2\/wp\/v2\/posts\/72835","targetHints":{"allow":["GET"]}}],"collection":[{"href":"https:\/\/www.iphone-ticker.de\/apiv2\/wp\/v2\/posts"}],"about":[{"href":"https:\/\/www.iphone-ticker.de\/apiv2\/wp\/v2\/types\/post"}],"author":[{"embeddable":true,"href":"https:\/\/www.iphone-ticker.de\/apiv2\/wp\/v2\/users\/2"}],"replies":[{"embeddable":true,"href":"https:\/\/www.iphone-ticker.de\/apiv2\/wp\/v2\/comments?post=72835"}],"version-history":[{"count":5,"href":"https:\/\/www.iphone-ticker.de\/apiv2\/wp\/v2\/posts\/72835\/revisions"}],"predecessor-version":[{"id":72843,"href":"https:\/\/www.iphone-ticker.de\/apiv2\/wp\/v2\/posts\/72835\/revisions\/72843"}],"wp:featuredmedia":[{"embeddable":true,"href":"https:\/\/www.iphone-ticker.de\/apiv2\/wp\/v2\/media\/72837"}],"wp:attachment":[{"href":"https:\/\/www.iphone-ticker.de\/apiv2\/wp\/v2\/media?parent=72835"}],"wp:term":[{"taxonomy":"category","embeddable":true,"href":"https:\/\/www.iphone-ticker.de\/apiv2\/wp\/v2\/categories?post=72835"},{"taxonomy":"post_tag","embeddable":true,"href":"https:\/\/www.iphone-ticker.de\/apiv2\/wp\/v2\/tags?post=72835"}],"curies":[{"name":"wp","href":"https:\/\/api.w.org\/{rel}","templated":true}]}}