{"id":72608,"date":"2014-10-13T10:46:05","date_gmt":"2014-10-13T08:46:05","guid":{"rendered":"http:\/\/www.iphone-ticker.de\/?p=72608"},"modified":"2014-10-13T10:46:05","modified_gmt":"2014-10-13T08:46:05","slug":"iphone-fotos-stehen-auf-dem-kopf-ios-8-0-2-dreht-bilder-der-kompass-hilft","status":"publish","type":"post","link":"https:\/\/www.iphone-ticker.de\/iphone-fotos-stehen-auf-dem-kopf-ios-8-0-2-dreht-bilder-der-kompass-hilft-72608\/","title":{"rendered":"iPhone-Fotos stehen auf dem Kopf: iOS 8.0.2 dreht Bilder, der Kompass hilft"},"content":{"rendered":"<p>Nicht nur das offizielle Apple Support-Forum <a href=\"https:\/\/discussions.apple.com\/message\/26697476#26697476\">quillt derzeit \u00fcber<\/a> vor Fragen zur Ausrichtung neu geschossener Fotos, auch unser E-Mail-Briefkasten liefert neue Zuschriften zum Thema im kontinuierlichen 2-Tage-Rhythmus. <\/p>\n<p><a href=\"http:\/\/www.iphone-ticker.de\/wp-content\/uploads\/2014\/10\/hdr.jpg\"><img loading=\"lazy\" decoding=\"async\" src=\"http:\/\/www.iphone-ticker.de\/wp-content\/uploads\/2014\/10\/hdr.jpg\" alt=\"hdr\" width=\"500\" height=\"170\" class=\"aligncenter size-full wp-image-72610\" srcset=\"https:\/\/images.iphone-ticker.de\/wp-content\/uploads\/2014\/10\/hdr.jpg 500w, https:\/\/images.iphone-ticker.de\/wp-content\/uploads\/2014\/10\/hdr-300x102.jpg 300w\" sizes=\"auto, (max-width: 500px) 100vw, 500px\" \/><\/a><\/p>\n<p>Sowohl auf den neuen iPhone 6-Modellen als auch auf frisch aktualisierten iOS 8-Ger\u00e4ten \u00e4lterer Hardware-Generationen werden viele Fotos seit iOS 8.0.2 kopf\u00fcber angezeigt. Stellenweise steht zudem die Kamera-App auf dem Kopf.<\/p>\n<p>Ein Fehler, auf den uns unter anderem ifun.de Leser Sascha aufmerksam gemacht hat: <\/p>\n<blockquote><p>Moin, mal eine kurze Frage: bin ich eigentlich der einzige der Probleme mit der Ausrichtung des neuen iPhones unter iOS8 hat? Wenn ich meine Kamera-App starte, dann kommt es ab und zu vor dass s\u00e4mtliche Beschriftungen im Bild wie zum Beispiel Blitz und so weiter auf dem Kopf stehen oder sogar spiegelverkehrt sind. Wenn ich mir Videos anschauen m\u00f6chte die ich mit der Kamera aufgenommen habe, kann ich das Telefon in den Landscape Modus drehen, das Video bleibt allerdings im Normalmodus. Oder das Foto wird mir nachher in der Ansicht auf dem Kopf angezeigt. Ist das ein Fehler des Ausrichtungssensors meines iPhone 6 oder ist es allgemein ein Fehler von iOS8?<\/p><\/blockquote>\n<p>Wir k\u00f6nnen entwarnen. <\/p>\n<p>In den meisten F\u00e4llen l\u00e4sst sich das Problem mit einer Neu-Kalibrierung des iOS-Kompass l\u00f6sen. Startet die Kompass-App, dreht euer Telefon einmal im Kreis &#8211; so dass die rote Kugel einmal den Rand des eingeblendeten Diagramms abf\u00e4hrt &#8211; und startet die Kamera-App anschlie\u00dfend erneut. In neun von zehn F\u00e4llen sollten Kamera, Foto-Anzeige und Foto-Archiv nun wieder in der Lage sein die Bilder ordentlich und nicht mehr auf dem Kopf stehend anzuzeigen. <\/p>\n<p><a href=\"http:\/\/www.iphone-ticker.de\/wp-content\/uploads\/2014\/10\/kalib.jpg\"><img loading=\"lazy\" decoding=\"async\" src=\"http:\/\/www.iphone-ticker.de\/wp-content\/uploads\/2014\/10\/kalib.jpg\" alt=\"kalib\" width=\"700\" height=\"498\" class=\"aligncenter size-full wp-image-72611\" srcset=\"https:\/\/images.iphone-ticker.de\/wp-content\/uploads\/2014\/10\/kalib.jpg 700w, https:\/\/images.iphone-ticker.de\/wp-content\/uploads\/2014\/10\/kalib-300x213.jpg 300w\" sizes=\"auto, (max-width: 700px) 100vw, 700px\" \/><\/a><\/p>\n","protected":false},"excerpt":{"rendered":"<a href=\"https:\/\/www.iphone-ticker.de\/iphone-fotos-stehen-auf-dem-kopf-ios-8-0-2-dreht-bilder-der-kompass-hilft-72608\/\"><img width=\"150\" height=\"150\" src=\"https:\/\/images.iphone-ticker.de\/wp-content\/uploads\/2014\/10\/kalib-icon-150x150.jpg\" class=\"alignright tfe wp-post-image\" alt=\"\" decoding=\"async\" loading=\"lazy\" srcset=\"https:\/\/images.iphone-ticker.de\/wp-content\/uploads\/2014\/10\/kalib-icon-150x150.jpg 150w, https:\/\/images.iphone-ticker.de\/wp-content\/uploads\/2014\/10\/kalib-icon.jpg 286w\" sizes=\"auto, (max-width: 150px) 100vw, 150px\" \/><\/a><p>Nicht nur das offizielle Apple Support-Forum quillt derzeit \u00fcber vor Fragen zur Ausrichtung neu geschossener Fotos, auch unser E-Mail-Briefkasten liefert neue Zuschriften zum Thema im kontinuierlichen 2-Tage-Rhythmus. Sowohl auf den neuen iPhone 6-Modellen als auch auf frisch aktualisierten iOS 8-Ger\u00e4ten \u00e4lterer Hardware-Generationen werden viele Fotos seit iOS 8.0.2 kopf\u00fcber angezeigt. Stellenweise steht zudem die Kamera-App [&hellip;]<\/p>\n","protected":false},"author":1,"featured_media":72612,"comment_status":"open","ping_status":"closed","sticky":false,"template":"","format":"standard","meta":{"footnotes":""},"categories":[639],"tags":[10,2800,703,5661,2495,344],"class_list":["post-72608","post","type-post","status-publish","format-standard","has-post-thumbnail","hentry","category-ios","tag-bilder","tag-but","tag-fotos","tag-ios","tag-ios8","tag-iphone"],"aioseo_notices":[],"featured_image":["http:\/\/www.iphone-ticker.de\/wp-content\/uploads\/2014\/10\/grill.jpg"],"rest_api_enabler":{"featured_image":"http:\/\/www.iphone-ticker.de\/wp-content\/uploads\/2014\/10\/grill.jpg"},"_links":{"self":[{"href":"https:\/\/www.iphone-ticker.de\/apiv2\/wp\/v2\/posts\/72608","targetHints":{"allow":["GET"]}}],"collection":[{"href":"https:\/\/www.iphone-ticker.de\/apiv2\/wp\/v2\/posts"}],"about":[{"href":"https:\/\/www.iphone-ticker.de\/apiv2\/wp\/v2\/types\/post"}],"author":[{"embeddable":true,"href":"https:\/\/www.iphone-ticker.de\/apiv2\/wp\/v2\/users\/1"}],"replies":[{"embeddable":true,"href":"https:\/\/www.iphone-ticker.de\/apiv2\/wp\/v2\/comments?post=72608"}],"version-history":[{"count":1,"href":"https:\/\/www.iphone-ticker.de\/apiv2\/wp\/v2\/posts\/72608\/revisions"}],"predecessor-version":[{"id":72613,"href":"https:\/\/www.iphone-ticker.de\/apiv2\/wp\/v2\/posts\/72608\/revisions\/72613"}],"wp:featuredmedia":[{"embeddable":true,"href":"https:\/\/www.iphone-ticker.de\/apiv2\/wp\/v2\/media\/72612"}],"wp:attachment":[{"href":"https:\/\/www.iphone-ticker.de\/apiv2\/wp\/v2\/media?parent=72608"}],"wp:term":[{"taxonomy":"category","embeddable":true,"href":"https:\/\/www.iphone-ticker.de\/apiv2\/wp\/v2\/categories?post=72608"},{"taxonomy":"post_tag","embeddable":true,"href":"https:\/\/www.iphone-ticker.de\/apiv2\/wp\/v2\/tags?post=72608"}],"curies":[{"name":"wp","href":"https:\/\/api.w.org\/{rel}","templated":true}]}}