{"id":71316,"date":"2014-09-16T09:05:08","date_gmt":"2014-09-16T07:05:08","guid":{"rendered":"http:\/\/www.iphone-ticker.de\/?p=71316"},"modified":"2014-09-16T09:06:14","modified_gmt":"2014-09-16T07:06:14","slug":"tim-cook-imessage-ist-verschluesselt-und-wir-kennen-den-schluessel-nicht","status":"publish","type":"post","link":"https:\/\/www.iphone-ticker.de\/tim-cook-imessage-ist-verschluesselt-und-wir-kennen-den-schluessel-nicht-71316\/","title":{"rendered":"Tim Cook: &#8222;iMessage ist verschl\u00fcsselt; wir kennen den Schl\u00fcssel nicht&#8220;"},"content":{"rendered":"<p>Im zweiten Teil des jetzt ver\u00f6ffentlichten TV-Interviews mit Tim Cook &#8211; dieser hatte sich bereits am Wochenende den Fragen des US-Talkmasters <a href=\"http:\/\/charlierose.com\/\">Charlie Rose<\/a> gestellt &#8211; geht der Apple-Chef heute unter anderem auf Cupertinos Umgang mit den pers\u00f6nlichen Daten seiner Kunden ein. <\/p>\n<p><a href=\"http:\/\/www.iphone-ticker.de\/wp-content\/uploads\/2014\/09\/cook-500.jpg\"><img loading=\"lazy\" decoding=\"async\" src=\"http:\/\/www.iphone-ticker.de\/wp-content\/uploads\/2014\/09\/cook-500.jpg\" alt=\"cook-500\" width=\"500\" height=\"321\" class=\"aligncenter size-full wp-image-71318\" srcset=\"https:\/\/images.iphone-ticker.de\/wp-content\/uploads\/2014\/09\/cook-500.jpg 500w, https:\/\/images.iphone-ticker.de\/wp-content\/uploads\/2014\/09\/cook-500-300x192.jpg 300w\" sizes=\"auto, (max-width: 500px) 100vw, 500px\" \/><\/a><\/p>\n<p>Cook, den Mitschnitt des ersten Teils haben wir am Montag <a href=\"http:\/\/www.ifun.de\/interview-tim-cook-zur-apple-watch-dem-iphone-6-und-apples-firmenphilosophie-66227\/\">verlinkt und besprochen<\/a>, dementiert die Zusammenarbeit mit der NSA &#8222;es gab und gibt keine Hintert\u00fcren in unsere Server&#8220;, versichert erneut, dass Apple kein Interesse am Sammeln pers\u00f6nlicher Daten habe und bezieht Stellung zur Sicherheit von iMessage. Das Video k\u00f6nnt ihr euch <a href=\"http:\/\/charlierose.com\/\">hier anschauen<\/a>.  <\/p>\n<blockquote><p>Wir betrachten dieses Thema aus einer anderen Perspektive als viele Firmen. Wenn wir einen neuen Service anbieten, dann versuchen wir keine pers\u00f6nlichen Daten zu sammeln. Wir lesen keine E-Mails. Wir lesen keine iMessage-Nachrichten. <\/p>\n<p>Wenn uns die Regierung eine Verf\u00fcgung zur Herausgabe von iMessage-Nachrichten zustellt, k\u00f6nnen wir diese nicht liefern. Die Nachrichten sind verschl\u00fcsselt und wir kennen den Schl\u00fcssel nicht. [&#8230;] Wir erwirtschaften unseren Profit mit dem Verkauf von Endger\u00e4ten. Unser Business basiert nicht auf pers\u00f6nlichen Daten. Unsere Nutzer sind nicht unser Produkt. Unsere Produkte; dass sind die Apple Watch, der Mac usw. Apple ist anders als andere Firmen.<\/p>\n<p>Jeder Nutzer sollte sich Fragen, wie verdienen Konzerne heute ihr Geld? Folgt man anschlie\u00dfend dem Geld-Fluss, und es stellt sich heraus, dass das Geld haupts\u00e4chlich durch das Sammeln pers\u00f6nlicher Daten erwirtschaftet wird, dann denke ich, dass man jedes Recht hat besorgt zu sein. Wir sollten verstehen was mit unseren Daten geschieht und Firmen die mit unseren Daten hantieren sollten dies so transparent wie m\u00f6glich machen. <\/p><\/blockquote>\n<h2>Cook-Interview, Teil 2: Ein Auszug<\/h2>\n<p><div class=\"responsive-video\"><iframe loading=\"lazy\" width=\"700\" height=\"371\" src=\"http:\/\/www.youtube-nocookie.com\/embed\/Bmm5faI_mLo\" frameborder=\"0\" allowfullscreen><\/iframe><\/div> (<a href=\"http:\/\/youtu.be\/Bmm5faI_mLo\">Direkt-Link<\/a>)<\/p>\n","protected":false},"excerpt":{"rendered":"<a href=\"https:\/\/www.iphone-ticker.de\/tim-cook-imessage-ist-verschluesselt-und-wir-kennen-den-schluessel-nicht-71316\/\"><img width=\"150\" height=\"150\" src=\"https:\/\/images.iphone-ticker.de\/wp-content\/uploads\/2014\/09\/cook1-150x150.jpg\" class=\"alignright tfe wp-post-image\" alt=\"\" decoding=\"async\" loading=\"lazy\" \/><\/a><p>Im zweiten Teil des jetzt ver\u00f6ffentlichten TV-Interviews mit Tim Cook &#8211; dieser hatte sich bereits am Wochenende den Fragen des US-Talkmasters Charlie Rose gestellt &#8211; geht der Apple-Chef heute unter anderem auf Cupertinos Umgang mit den pers\u00f6nlichen Daten seiner Kunden ein. Cook, den Mitschnitt des ersten Teils haben wir am Montag verlinkt und besprochen, dementiert [&hellip;]<\/p>\n","protected":false},"author":1,"featured_media":71317,"comment_status":"open","ping_status":"closed","sticky":false,"template":"","format":"standard","meta":{"footnotes":""},"categories":[14],"tags":[3912,672,850,238,90],"class_list":["post-71316","post","type-post","status-publish","format-standard","has-post-thumbnail","hentry","category-apple","tag-apple","tag-datenschutz","tag-imessage","tag-security","tag-sicherheit"],"aioseo_notices":[],"featured_image":["http:\/\/www.iphone-ticker.de\/wp-content\/uploads\/2014\/09\/cook1.jpg"],"rest_api_enabler":{"featured_image":"http:\/\/www.iphone-ticker.de\/wp-content\/uploads\/2014\/09\/cook1.jpg"},"_links":{"self":[{"href":"https:\/\/www.iphone-ticker.de\/apiv2\/wp\/v2\/posts\/71316","targetHints":{"allow":["GET"]}}],"collection":[{"href":"https:\/\/www.iphone-ticker.de\/apiv2\/wp\/v2\/posts"}],"about":[{"href":"https:\/\/www.iphone-ticker.de\/apiv2\/wp\/v2\/types\/post"}],"author":[{"embeddable":true,"href":"https:\/\/www.iphone-ticker.de\/apiv2\/wp\/v2\/users\/1"}],"replies":[{"embeddable":true,"href":"https:\/\/www.iphone-ticker.de\/apiv2\/wp\/v2\/comments?post=71316"}],"version-history":[{"count":2,"href":"https:\/\/www.iphone-ticker.de\/apiv2\/wp\/v2\/posts\/71316\/revisions"}],"predecessor-version":[{"id":71320,"href":"https:\/\/www.iphone-ticker.de\/apiv2\/wp\/v2\/posts\/71316\/revisions\/71320"}],"wp:featuredmedia":[{"embeddable":true,"href":"https:\/\/www.iphone-ticker.de\/apiv2\/wp\/v2\/media\/71317"}],"wp:attachment":[{"href":"https:\/\/www.iphone-ticker.de\/apiv2\/wp\/v2\/media?parent=71316"}],"wp:term":[{"taxonomy":"category","embeddable":true,"href":"https:\/\/www.iphone-ticker.de\/apiv2\/wp\/v2\/categories?post=71316"},{"taxonomy":"post_tag","embeddable":true,"href":"https:\/\/www.iphone-ticker.de\/apiv2\/wp\/v2\/tags?post=71316"}],"curies":[{"name":"wp","href":"https:\/\/api.w.org\/{rel}","templated":true}]}}