{"id":71239,"date":"2014-09-12T19:10:53","date_gmt":"2014-09-12T17:10:53","guid":{"rendered":"http:\/\/www.iphone-ticker.de\/?p=71239"},"modified":"2014-09-12T19:19:55","modified_gmt":"2014-09-12T17:19:55","slug":"die-cloud","status":"publish","type":"post","link":"https:\/\/www.iphone-ticker.de\/die-cloud-71239\/","title":{"rendered":"Die Cloud."},"content":{"rendered":"<p>Eine hektische Woche &#8211; interessanterweise fast ohne wirklich spannende App Store Neuvorstellungen &#8211; neigt sich ihrem Ende entgegen.<\/p>\n<p>Apple hat die Roadmap 2015 vor uns ausgebreitet und bietet den Mitschnitt der iPhone-Vorstellung als <a href=\"https:\/\/itunes.apple.com\/de\/podcast\/apple-keynotes-hd\/id470664050?mt=2\">HD-Video<\/a> f\u00fcr das wahrscheinlich verregnete Wochenende an.<\/p>\n<p><a href=\"http:\/\/www.iphone-ticker.de\/wp-content\/uploads\/2014\/09\/wolke.jpg\"><img loading=\"lazy\" decoding=\"async\" src=\"http:\/\/www.iphone-ticker.de\/wp-content\/uploads\/2014\/09\/wolke.jpg\" alt=\"wolke\" width=\"500\" height=\"324\" class=\"aligncenter size-full wp-image-71241\" srcset=\"https:\/\/images.iphone-ticker.de\/wp-content\/uploads\/2014\/09\/wolke.jpg 500w, https:\/\/images.iphone-ticker.de\/wp-content\/uploads\/2014\/09\/wolke-300x194.jpg 300w\" sizes=\"auto, (max-width: 500px) 100vw, 500px\" \/><\/a><\/p>\n<p>Heute fr\u00fch habt ihr, achselzuckend-souver\u00e4n, die hoffentlich richtige Ger\u00e4tegr\u00f6\u00dfe geordert und jetzt ausreichend Zeit f\u00fcr das verdiente Glas Rotwein. Wir genehmigen uns gerade einen anonymen Bio-Merlot und sind trotz <a rel=\"noindex, nofollow\" href=\"http:\/\/www.ifun.de\/app\/579287239\">Vivino-App<\/a> wenig begeistert. Vielleicht habt ihr eine bessere Empfehlung? Trocken wenn&#8217;s geht.<\/p>\n<p>Ansonsten? Das ZDF liefert zur Stunde eine Aktualisierung f\u00fcr die hauseigene <a rel=\"noindex, nofollow\" href=\"http:\/\/www.ifun.de\/app\/437025413\">Mediathek-App<\/a> aus, mit der nun auch die Unterst\u00fctzung f\u00fcr Googles <a href=\"http:\/\/www.iphone-ticker.de\/10-neue-chromecast-iphone-apps-63377\/\">Chromecast-Stick<\/a> Einzug halten wird. Wir testen die Oral B-Zahnb\u00fcrste <a rel=\"noindex, nofollow\" href=\"http:\/\/www.ifun.de\/amzn\/B00KBWBALK\">Pro 7000<\/a> mit Bluetooth, iPhone-Anbindung und App. Ren\u00e9 Obermann sitzt <a href=\"http:\/\/www.ifun.de\/spotify-denied-ueberspringt-songs-am-mac-ren-obermann-im-aufsichtsrat-66200\/\">neuerdings<\/a> im Aufsichtsrat von Spotify. Apple <a href=\"http:\/\/recode.net\/2014\/09\/12\/larger-iphone-6-plus-sells-out-amid-strong-demand-for-apples-latest-crop\/#ifun\">informiert<\/a> uns dar\u00fcber, dass die iPhone 6-Vorbestellungen f\u00fcr einen Firmenrekord gesorgt haben:<\/p>\n<blockquote><p>\u201cResponse to iPhone 6 and iPhone 6 Plus has been incredible with a record number of preorders overnight\u201d<\/p><\/blockquote>\n<p>Und: Wir gr\u00fcbeln wann bzw. ob Apple die Nahfunk-Chips im iPhone 6 und 6 Plus auch f\u00fcr Entwickler freigeben wird? Immerhin, die Hotelkette Starwood hat bereits angek\u00fcndigt den NFC-Chip der Apple Watch als T\u00fcr-\u00d6ffner nutzen zu wollen.<\/p>\n<p>Hei\u00dft das, dass wir auch in den Genuss von NFC-Accessoires kommen werden? Starten Fahrzeughalterungen wie die <a rel=\"noindex, nofollow\" href=\"http:\/\/www.ifun.de\/amzn\/B00L4AD8MW\">OSO Push<\/a> nach dem Einstecken des iPhones zuk\u00fcnftig unsere Navi-Applikation? Wahrscheinlich ja. Wahrscheinlich jedoch nicht vor iOS 8.1.<\/p>\n<p>Wir warten ab und widmen uns Louis CK. Dieser zeichnet nicht nur f\u00fcr die grandiose Comedy-Serie <a href=\"https:\/\/en.wikipedia.org\/wiki\/Louie_(TV_series)\">Louie<\/a> verantwortlich, sondern auch f\u00fcr die folgende Erkl\u00e4rung der Cloud. <\/p>\n<h2>Die Cloud.<\/h2>\n<p><div class=\"responsive-video\"><iframe loading=\"lazy\" width=\"700\" height=\"371\" src=\"http:\/\/www.youtube-nocookie.com\/embed\/bJ-FWG0GRzw\" frameborder=\"0\" allowfullscreen><\/iframe><\/div> (<a href=\"http:\/\/youtu.be\/bJ-FWG0GRzw\">Direkt-Link<\/a>)<\/p>\n<div id=\"article-single-app-preview\">\n<div id=\"article-single-app-preview-icon\"><img loading=\"lazy\" decoding=\"async\" src=\"https:\/\/www.iphone-ticker.de\/wp-content\/plugins\/appstore-lookup\/timthumb.php?src=http:\/\/placekitten.com\/57\/57&zc=0&amp;w=72&amp;q=80\"  alt=\"App Icon\"  height=\"72\" width=\"72\" class=\"asl-icon-img\" \/><\/div>\n<div id=\"article-single-app-preview-desc\"><span class=\"name\">App Not Found<\/span><br \/>\n<span class=\"seller\">Seller Not Found<\/span><\/div>\n<a href=\"http:\/\/www.ifun.de\/app\/437025413\"><div id=\"article-single-app-preview-download\">Free<br \/>\n<span class=\"size\">19.73MB<\/span><\/div><\/a>\n<\/div>\n<div id=\"article-single-app-preview\">\n<div id=\"article-single-app-preview-icon\"><img loading=\"lazy\" decoding=\"async\" src=\"https:\/\/www.iphone-ticker.de\/wp-content\/plugins\/appstore-lookup\/timthumb.php?src=http:\/\/placekitten.com\/57\/57&zc=0&amp;w=72&amp;q=80\"  alt=\"App Icon\"  height=\"72\" width=\"72\" class=\"asl-icon-img\" \/><\/div>\n<div id=\"article-single-app-preview-desc\"><span class=\"name\">App Not Found<\/span><br \/>\n<span class=\"seller\">Seller Not Found<\/span><\/div>\n<a href=\"http:\/\/www.ifun.de\/app\/579287239\"><div id=\"article-single-app-preview-download\">Free<br \/>\n<span class=\"size\">19.73MB<\/span><\/div><\/a>\n<\/div>\n","protected":false},"excerpt":{"rendered":"<a href=\"https:\/\/www.iphone-ticker.de\/die-cloud-71239\/\"><img width=\"150\" height=\"150\" src=\"https:\/\/images.iphone-ticker.de\/wp-content\/uploads\/2014\/09\/wolke-150x150.jpg\" class=\"alignright tfe wp-post-image\" alt=\"\" decoding=\"async\" loading=\"lazy\" \/><\/a><p>Eine hektische Woche &#8211; interessanterweise fast ohne wirklich spannende App Store Neuvorstellungen &#8211; neigt sich ihrem Ende entgegen. Apple hat die Roadmap 2015 vor uns ausgebreitet und bietet den Mitschnitt der iPhone-Vorstellung als HD-Video f\u00fcr das wahrscheinlich verregnete Wochenende an. Heute fr\u00fch habt ihr, achselzuckend-souver\u00e4n, die hoffentlich richtige Ger\u00e4tegr\u00f6\u00dfe geordert und jetzt ausreichend Zeit f\u00fcr [&hellip;]<\/p>\n","protected":false},"author":1,"featured_media":71241,"comment_status":"open","ping_status":"closed","sticky":false,"template":"","format":"standard","meta":{"footnotes":""},"categories":[750],"tags":[],"class_list":["post-71239","post","type-post","status-publish","format-standard","has-post-thumbnail","hentry","category-kurznachrichten"],"aioseo_notices":[],"featured_image":["http:\/\/www.iphone-ticker.de\/wp-content\/uploads\/2014\/09\/cloud.jpg"],"rest_api_enabler":{"featured_image":"http:\/\/www.iphone-ticker.de\/wp-content\/uploads\/2014\/09\/cloud.jpg"},"_links":{"self":[{"href":"https:\/\/www.iphone-ticker.de\/apiv2\/wp\/v2\/posts\/71239","targetHints":{"allow":["GET"]}}],"collection":[{"href":"https:\/\/www.iphone-ticker.de\/apiv2\/wp\/v2\/posts"}],"about":[{"href":"https:\/\/www.iphone-ticker.de\/apiv2\/wp\/v2\/types\/post"}],"author":[{"embeddable":true,"href":"https:\/\/www.iphone-ticker.de\/apiv2\/wp\/v2\/users\/1"}],"replies":[{"embeddable":true,"href":"https:\/\/www.iphone-ticker.de\/apiv2\/wp\/v2\/comments?post=71239"}],"version-history":[{"count":3,"href":"https:\/\/www.iphone-ticker.de\/apiv2\/wp\/v2\/posts\/71239\/revisions"}],"predecessor-version":[{"id":71244,"href":"https:\/\/www.iphone-ticker.de\/apiv2\/wp\/v2\/posts\/71239\/revisions\/71244"}],"wp:featuredmedia":[{"embeddable":true,"href":"https:\/\/www.iphone-ticker.de\/apiv2\/wp\/v2\/media\/71241"}],"wp:attachment":[{"href":"https:\/\/www.iphone-ticker.de\/apiv2\/wp\/v2\/media?parent=71239"}],"wp:term":[{"taxonomy":"category","embeddable":true,"href":"https:\/\/www.iphone-ticker.de\/apiv2\/wp\/v2\/categories?post=71239"},{"taxonomy":"post_tag","embeddable":true,"href":"https:\/\/www.iphone-ticker.de\/apiv2\/wp\/v2\/tags?post=71239"}],"curies":[{"name":"wp","href":"https:\/\/api.w.org\/{rel}","templated":true}]}}