{"id":71087,"date":"2014-09-10T11:26:18","date_gmt":"2014-09-10T09:26:18","guid":{"rendered":"http:\/\/www.iphone-ticker.de\/?p=71087"},"modified":"2014-09-10T11:26:18","modified_gmt":"2014-09-10T09:26:18","slug":"fuenf-hands-on-videos-iphone-6-und-iphone-plus-im-detail","status":"publish","type":"post","link":"https:\/\/www.iphone-ticker.de\/fuenf-hands-on-videos-iphone-6-und-iphone-plus-im-detail-71087\/","title":{"rendered":"F\u00fcnf Hands-On-Videos: iPhone 6 und iPhone Plus im Detail"},"content":{"rendered":"<p>F\u00fcr ausf\u00fchrliche Hardware-Bestandsaufnahmen, fundierte Besprechungen und erste Alltagseindr\u00fccke der beiden neuen iPhone-Modellen ist es, keine 24 Stunden nach Apples gestriger Veranstaltung, definitiv noch zu fr\u00fch. <\/p>\n<p><a href=\"http:\/\/www.iphone-ticker.de\/wp-content\/uploads\/2014\/09\/mehr1.jpg\"><img loading=\"lazy\" decoding=\"async\" src=\"http:\/\/www.iphone-ticker.de\/wp-content\/uploads\/2014\/09\/mehr1.jpg\" alt=\"mehr\" width=\"500\" height=\"300\" class=\"aligncenter size-full wp-image-71088\" srcset=\"https:\/\/images.iphone-ticker.de\/wp-content\/uploads\/2014\/09\/mehr1.jpg 500w, https:\/\/images.iphone-ticker.de\/wp-content\/uploads\/2014\/09\/mehr1-300x180.jpg 300w\" sizes=\"auto, (max-width: 500px) 100vw, 500px\" \/><\/a><\/p>\n<h6>Gro\u00dfes Display: Mehr Platz. Mehr Informationen<\/h6>\n<p>Die ersten Hands-On-Videos bahnen sich zur Stunde jedoch schon ihren Weg ins Netz und beleuchten die beiden neuen Display-Gr\u00f6\u00dfen auf durchschnittlichen 120 Sekunden. <\/p>\n<p>Im Anschluss haben wir euch f\u00fcnf der sehenswerteren Clips aus Apples Hands-On-Bereich eingebettet, die sp\u00e4testens mit dem Einzug des gestern angek\u00fcndigten Bezahlsystem &#8222;Apple PAY&#8220; zur Pflicht werden d\u00fcrften. So l\u00e4sst sich die Apple Watch zwar auch noch mit dem iPhone 5 und dem iPhone 5s fernbedienen, wer zuk\u00fcnftig jedoch Wert auf ein NFC-Modul in seinem Smartphone legt, darf bereits heute damit anfangen sich auf die neuen Gr\u00f6\u00dfen einzustellen. <\/p>\n<p><div class=\"responsive-video\"><iframe loading=\"lazy\" width=\"700\" height=\"371\" src=\"http:\/\/www.youtube-nocookie.com\/embed\/nfNeEsTeKvw\" frameborder=\"0\" allowfullscreen><\/iframe><\/div> (<a href=\"http:\/\/youtu.be\/nfNeEsTeKvw\">Direkt-Link<\/a>)<\/p>\n<p><div class=\"responsive-video\"><iframe loading=\"lazy\" width=\"700\" height=\"371\" src=\"http:\/\/www.youtube-nocookie.com\/embed\/DZ-wyhdJAgY\" frameborder=\"0\" allowfullscreen><\/iframe><\/div> (<a href=\"http:\/\/youtu.be\/DZ-wyhdJAgY\">Direkt-Link<\/a>)<\/p>\n<p><div class=\"responsive-video\"><iframe loading=\"lazy\" width=\"700\" height=\"371\" src=\"http:\/\/www.youtube-nocookie.com\/embed\/UR6ZdaIjKjk\" frameborder=\"0\" allowfullscreen><\/iframe><\/div> (<a href=\"http:\/\/youtu.be\/UR6ZdaIjKjk\">Direkt-Link<\/a>)<\/p>\n<p><div class=\"responsive-video\"><iframe loading=\"lazy\" width=\"700\" height=\"371\" src=\"http:\/\/www.youtube-nocookie.com\/embed\/RJ-Nahu1jJ4\" frameborder=\"0\" allowfullscreen><\/iframe><\/div> (<a href=\"http:\/\/youtu.be\/RJ-Nahu1jJ4\">Direkt-Link<\/a>)<\/p>\n<p><div class=\"responsive-video\"><iframe loading=\"lazy\" width=\"700\" height=\"371\" src=\"http:\/\/www.youtube-nocookie.com\/embed\/rTmpkxZR9O4\" frameborder=\"0\" allowfullscreen><\/iframe><\/div> (<a href=\"http:\/\/youtu.be\/rTmpkxZR9O4\">Direkt-Link<\/a>)<\/p>\n","protected":false},"excerpt":{"rendered":"<a href=\"https:\/\/www.iphone-ticker.de\/fuenf-hands-on-videos-iphone-6-und-iphone-plus-im-detail-71087\/\"><img width=\"150\" height=\"150\" src=\"https:\/\/images.iphone-ticker.de\/wp-content\/uploads\/2014\/09\/hand-150x150.jpg\" class=\"alignright tfe wp-post-image\" alt=\"\" decoding=\"async\" loading=\"lazy\" \/><\/a><p>F\u00fcr ausf\u00fchrliche Hardware-Bestandsaufnahmen, fundierte Besprechungen und erste Alltagseindr\u00fccke der beiden neuen iPhone-Modellen ist es, keine 24 Stunden nach Apples gestriger Veranstaltung, definitiv noch zu fr\u00fch. Gro\u00dfes Display: Mehr Platz. Mehr Informationen Die ersten Hands-On-Videos bahnen sich zur Stunde jedoch schon ihren Weg ins Netz und beleuchten die beiden neuen Display-Gr\u00f6\u00dfen auf durchschnittlichen 120 Sekunden. Im [&hellip;]<\/p>\n","protected":false},"author":1,"featured_media":71089,"comment_status":"open","ping_status":"closed","sticky":false,"template":"","format":"standard","meta":{"footnotes":""},"categories":[749],"tags":[2756,344,1908,8,5660],"class_list":["post-71087","post","type-post","status-publish","format-standard","has-post-thumbnail","hentry","category-iphone-2","tag-hands-on","tag-iphone","tag-iphone-6","tag-video","tag-videos"],"aioseo_notices":[],"featured_image":["http:\/\/www.iphone-ticker.de\/wp-content\/uploads\/2014\/09\/hand.jpg"],"rest_api_enabler":{"featured_image":"http:\/\/www.iphone-ticker.de\/wp-content\/uploads\/2014\/09\/hand.jpg"},"_links":{"self":[{"href":"https:\/\/www.iphone-ticker.de\/apiv2\/wp\/v2\/posts\/71087","targetHints":{"allow":["GET"]}}],"collection":[{"href":"https:\/\/www.iphone-ticker.de\/apiv2\/wp\/v2\/posts"}],"about":[{"href":"https:\/\/www.iphone-ticker.de\/apiv2\/wp\/v2\/types\/post"}],"author":[{"embeddable":true,"href":"https:\/\/www.iphone-ticker.de\/apiv2\/wp\/v2\/users\/1"}],"replies":[{"embeddable":true,"href":"https:\/\/www.iphone-ticker.de\/apiv2\/wp\/v2\/comments?post=71087"}],"version-history":[{"count":1,"href":"https:\/\/www.iphone-ticker.de\/apiv2\/wp\/v2\/posts\/71087\/revisions"}],"predecessor-version":[{"id":71090,"href":"https:\/\/www.iphone-ticker.de\/apiv2\/wp\/v2\/posts\/71087\/revisions\/71090"}],"wp:featuredmedia":[{"embeddable":true,"href":"https:\/\/www.iphone-ticker.de\/apiv2\/wp\/v2\/media\/71089"}],"wp:attachment":[{"href":"https:\/\/www.iphone-ticker.de\/apiv2\/wp\/v2\/media?parent=71087"}],"wp:term":[{"taxonomy":"category","embeddable":true,"href":"https:\/\/www.iphone-ticker.de\/apiv2\/wp\/v2\/categories?post=71087"},{"taxonomy":"post_tag","embeddable":true,"href":"https:\/\/www.iphone-ticker.de\/apiv2\/wp\/v2\/tags?post=71087"}],"curies":[{"name":"wp","href":"https:\/\/api.w.org\/{rel}","templated":true}]}}