{"id":70896,"date":"2014-09-08T10:50:39","date_gmt":"2014-09-08T08:50:39","guid":{"rendered":"http:\/\/www.iphone-ticker.de\/?p=70896"},"modified":"2014-09-08T11:56:11","modified_gmt":"2014-09-08T09:56:11","slug":"neue-ard-mediathek-buendelt-die-live-streams-aller-sender","status":"publish","type":"post","link":"https:\/\/www.iphone-ticker.de\/neue-ard-mediathek-buendelt-die-live-streams-aller-sender-70896\/","title":{"rendered":"Neue ARD-Mediathek b\u00fcndelt die Live-Streams aller Sender"},"content":{"rendered":"<p>Die Arbeitsgemeinschaft der \u00f6ffentlich-rechtlichen Rundfunkanstalten der Bundesrepublik Deutschland, kurz ARD, hat die diesj\u00e4hrige Funkausstellung in Berlin zum Anlass genommen, die hauseigene Online-Mediathek zu \u00fcberarbeiten und pr\u00e4sentiert sich unter <a href=\"http:\/\/ardmediathek.de\/tv\">ardmediathek.de\/tv<\/a> nun als responsive Webseite f\u00fcr Smartphones, Tablets und den Desktop-Rechner. <\/p>\n<p><a href=\"http:\/\/www.iphone-ticker.de\/wp-content\/uploads\/2014\/09\/sender.jpg\"><img loading=\"lazy\" decoding=\"async\" src=\"http:\/\/www.iphone-ticker.de\/wp-content\/uploads\/2014\/09\/sender.jpg\" alt=\"sender\" width=\"500\" height=\"212\" class=\"aligncenter size-full wp-image-70898\" srcset=\"https:\/\/images.iphone-ticker.de\/wp-content\/uploads\/2014\/09\/sender.jpg 500w, https:\/\/images.iphone-ticker.de\/wp-content\/uploads\/2014\/09\/sender-300x127.jpg 300w\" sizes=\"auto, (max-width: 500px) 100vw, 500px\" \/><\/a><\/p>\n<p>Im Bereich &#8222;TV Live&#8220; b\u00fcndelt die ARD Mediathek jetzt die Livestreams aller Sender aus der ARD-Familie und von arte und bietet wie gewohnt die TV-Sendungen und Fernsehbeitr\u00e4ge auf Abruf an.<\/p>\n<blockquote><p>Auch das Radio hat seinen Platz \u2013 Livestreams aller ARD-Ho\u0308rfunkprogramme sowie Podcasts verpasster Sendungen bietet die ARD Mediathek. Zu ausgewa\u0308hlten Live-Events im Ho\u0308rfunk gibt es \u201eARD Social Radio\u201c, in dem Radioreporter Beitra\u0308ge der Ho\u0308rer aufgreifen und Fragen beantworten.<\/p><\/blockquote>\n<p><a href=\"http:\/\/www.iphone-ticker.de\/wp-content\/uploads\/2014\/09\/media-1.jpg\"><img loading=\"lazy\" decoding=\"async\" src=\"http:\/\/www.iphone-ticker.de\/wp-content\/uploads\/2014\/09\/media-1.jpg\" alt=\"media-1\" width=\"700\" height=\"590\" class=\"aligncenter size-full wp-image-70899\" srcset=\"https:\/\/images.iphone-ticker.de\/wp-content\/uploads\/2014\/09\/media-1.jpg 700w, https:\/\/images.iphone-ticker.de\/wp-content\/uploads\/2014\/09\/media-1-300x252.jpg 300w\" sizes=\"auto, (max-width: 700px) 100vw, 700px\" \/><\/a><\/p>\n","protected":false},"excerpt":{"rendered":"<a href=\"https:\/\/www.iphone-ticker.de\/neue-ard-mediathek-buendelt-die-live-streams-aller-sender-70896\/\"><img width=\"150\" height=\"150\" src=\"https:\/\/images.iphone-ticker.de\/wp-content\/uploads\/2014\/09\/sender-150x150.jpg\" class=\"alignright tfe wp-post-image\" alt=\"\" decoding=\"async\" loading=\"lazy\" \/><\/a><p>Die Arbeitsgemeinschaft der \u00f6ffentlich-rechtlichen Rundfunkanstalten der Bundesrepublik Deutschland, kurz ARD, hat die diesj\u00e4hrige Funkausstellung in Berlin zum Anlass genommen, die hauseigene Online-Mediathek zu \u00fcberarbeiten und pr\u00e4sentiert sich unter ardmediathek.de\/tv nun als responsive Webseite f\u00fcr Smartphones, Tablets und den Desktop-Rechner. Im Bereich &#8222;TV Live&#8220; b\u00fcndelt die ARD Mediathek jetzt die Livestreams aller Sender aus der ARD-Familie [&hellip;]<\/p>\n","protected":false},"author":1,"featured_media":70898,"comment_status":"open","ping_status":"closed","sticky":false,"template":"","format":"standard","meta":{"footnotes":""},"categories":[1],"tags":[514,413,914,171,430,141],"class_list":["post-70896","post","type-post","status-publish","format-standard","has-post-thumbnail","hentry","category-news","tag-ard","tag-fernsehen","tag-mediathek","tag-tv","tag-web-applikationen","tag-web-apps"],"aioseo_notices":[],"featured_image":["http:\/\/www.iphone-ticker.de\/wp-content\/uploads\/2014\/09\/mediathek.jpg"],"rest_api_enabler":{"featured_image":"http:\/\/www.iphone-ticker.de\/wp-content\/uploads\/2014\/09\/mediathek.jpg"},"_links":{"self":[{"href":"https:\/\/www.iphone-ticker.de\/apiv2\/wp\/v2\/posts\/70896","targetHints":{"allow":["GET"]}}],"collection":[{"href":"https:\/\/www.iphone-ticker.de\/apiv2\/wp\/v2\/posts"}],"about":[{"href":"https:\/\/www.iphone-ticker.de\/apiv2\/wp\/v2\/types\/post"}],"author":[{"embeddable":true,"href":"https:\/\/www.iphone-ticker.de\/apiv2\/wp\/v2\/users\/1"}],"replies":[{"embeddable":true,"href":"https:\/\/www.iphone-ticker.de\/apiv2\/wp\/v2\/comments?post=70896"}],"version-history":[{"count":1,"href":"https:\/\/www.iphone-ticker.de\/apiv2\/wp\/v2\/posts\/70896\/revisions"}],"predecessor-version":[{"id":70900,"href":"https:\/\/www.iphone-ticker.de\/apiv2\/wp\/v2\/posts\/70896\/revisions\/70900"}],"wp:featuredmedia":[{"embeddable":true,"href":"https:\/\/www.iphone-ticker.de\/apiv2\/wp\/v2\/media\/70898"}],"wp:attachment":[{"href":"https:\/\/www.iphone-ticker.de\/apiv2\/wp\/v2\/media?parent=70896"}],"wp:term":[{"taxonomy":"category","embeddable":true,"href":"https:\/\/www.iphone-ticker.de\/apiv2\/wp\/v2\/categories?post=70896"},{"taxonomy":"post_tag","embeddable":true,"href":"https:\/\/www.iphone-ticker.de\/apiv2\/wp\/v2\/tags?post=70896"}],"curies":[{"name":"wp","href":"https:\/\/api.w.org\/{rel}","templated":true}]}}