{"id":7048,"date":"2009-07-14T12:06:29","date_gmt":"2009-07-14T10:06:29","guid":{"rendered":"http:\/\/www.iphone-ticker.de\/2009\/07\/14\/zugeflustert-t-mobiles-bundle-fur-die-auto-integration\/"},"modified":"2009-07-14T12:08:08","modified_gmt":"2009-07-14T10:08:08","slug":"zugeflustert-t-mobiles-bundle-fur-die-auto-integration","status":"publish","type":"post","link":"https:\/\/www.iphone-ticker.de\/zugeflustert-t-mobiles-bundle-fur-die-auto-integration-7048\/","title":{"rendered":"Zugefl\u00fcstert: T-Mobiles Bundle f\u00fcr die Auto-Integration"},"content":{"rendered":"<p>Vor knapp zehn Tagen haben wir in unserem Artikel &#8222;<a href=\"http:\/\/www.iphone-ticker.de\/2009\/07\/06\/navigon-t-mobile-kooperieren-zubehor-paket-im-t-punkt\/\">Navigon &amp; T-Mobile kooperieren: Zubeh\u00f6r-Paket im T-Punkt<\/a>&#8220; aus einer T-Mobile Pressemitteilung zitiert und euch \u00fcber die baldige Verf\u00fcgbarkeit eines, in den Telekom-Shops vertriebenen, Auto-Kits informiert.<\/p>\n<p>Weder Preise noch Verf\u00fcgbarkeit waren im T-Punkt um die Ecke zu erfragen, zur Zusammensetzung des Bundles haben wir jedoch <a href=\"http:\/\/www.ifun.de\/content\/view\/5632\/2\/\">eine Hand voll<\/a> (vielen Dank f\u00fcr die Mails)  glaubw\u00fcrdiger Informationen erhalten. Kommen wir also zu unserer Vorab-Prognose.<br \/>\nDas T-Mobile iPhone Car-Kit besteht wahrscheinlich aus:<\/p>\n<p style=\"text-align: center\"><img decoding=\"async\" src=\"http:\/\/www.iphone-ticker.de\/wp-content\/uploads\/2009\/07\/timocarkit.jpg\" alt=\"timocarkit.jpg\" \/><\/p>\n<ul>\n<li><a rel=\"noindex, nofollow\" href=\"http:\/\/www.amazon.de\/gp\/search?ie=UTF8&amp;keywords=B001JJ0MX6&amp;tag=musicweb02&amp;index=blended&amp;linkCode=ur2&amp;camp=1638&amp;creative=6742\">Dieser Autohalterung mit Saugnapf<\/a> des deutschen Herstellers Herbert Richter &#8211; 20\u20ac<\/li>\n<li>Einer <a rel=\"noindex, nofollow\" href=\"http:\/\/www.amazon.de\/gp\/search?ie=UTF8&amp;keywords=B001BS843A&amp;tag=musicweb02&amp;index=blended&amp;linkCode=ur2&amp;camp=1638&amp;creative=6742\">Display-Schutzfolie<\/a> &#8211; 4-10\u20ac<\/li>\n<li><a rel=\"noindex, nofollow\" href=\"http:\/\/www.amazon.de\/gp\/search?ie=UTF8&amp;keywords=B001T9N4H2&amp;tag=musicweb02&amp;index=blended&amp;linkCode=ur2&amp;camp=1638&amp;creative=6742\">Dem Belkin Universal Autoladeger\u00e4t<\/a> &#8211; 19\u20ac<\/li>\n<li><a rel=\"noindex, nofollow\" href=\"http:\/\/www.amazon.de\/gp\/search?ie=UTF8&amp;keywords=B000ZZRJ2W&amp;tag=musicweb02&amp;index=blended&amp;linkCode=ur2&amp;camp=1638&amp;creative=6742\">Dem Belkin Mini Stereo Klinkenkabel<\/a> &#8211; 10\u20ac<\/li>\n<\/ul>\n","protected":false},"excerpt":{"rendered":"<a href=\"https:\/\/www.iphone-ticker.de\/zugeflustert-t-mobiles-bundle-fur-die-auto-integration-7048\/\"><img decoding=\"async\" width=\"150\" src=\"http:\/\/www.iphone-ticker.de\/wp-content\/uploads\/2009\/07\/timocarkit.jpg\" class=\"alignright wp-post-image tfe\" alt=\"timocarkit.jpg\" title=\"\" \/><\/a><p>Vor knapp zehn Tagen haben wir in unserem Artikel &#8222;Navigon &amp; T-Mobile kooperieren: Zubeh\u00f6r-Paket im T-Punkt&#8220; aus einer T-Mobile Pressemitteilung zitiert und euch \u00fcber die baldige Verf\u00fcgbarkeit eines, in den Telekom-Shops vertriebenen, Auto-Kits informiert. Weder Preise noch Verf\u00fcgbarkeit waren im T-Punkt um die Ecke zu erfragen, zur Zusammensetzung des Bundles haben wir jedoch eine Hand [&hellip;]<\/p>\n","protected":false},"author":1,"featured_media":0,"comment_status":"open","ping_status":"closed","sticky":false,"template":"","format":"standard","meta":{"footnotes":""},"categories":[1],"tags":[35,131,271,417,3910,37,5239],"class_list":["post-7048","post","type-post","status-publish","format-standard","hentry","category-news","tag-auto","tag-gps","tag-navigation","tag-navigon","tag-rumors","tag-t-mobile","tag-zubehoer"],"aioseo_notices":[],"rest_api_enabler":[],"_links":{"self":[{"href":"https:\/\/www.iphone-ticker.de\/apiv2\/wp\/v2\/posts\/7048","targetHints":{"allow":["GET"]}}],"collection":[{"href":"https:\/\/www.iphone-ticker.de\/apiv2\/wp\/v2\/posts"}],"about":[{"href":"https:\/\/www.iphone-ticker.de\/apiv2\/wp\/v2\/types\/post"}],"author":[{"embeddable":true,"href":"https:\/\/www.iphone-ticker.de\/apiv2\/wp\/v2\/users\/1"}],"replies":[{"embeddable":true,"href":"https:\/\/www.iphone-ticker.de\/apiv2\/wp\/v2\/comments?post=7048"}],"version-history":[{"count":0,"href":"https:\/\/www.iphone-ticker.de\/apiv2\/wp\/v2\/posts\/7048\/revisions"}],"wp:attachment":[{"href":"https:\/\/www.iphone-ticker.de\/apiv2\/wp\/v2\/media?parent=7048"}],"wp:term":[{"taxonomy":"category","embeddable":true,"href":"https:\/\/www.iphone-ticker.de\/apiv2\/wp\/v2\/categories?post=7048"},{"taxonomy":"post_tag","embeddable":true,"href":"https:\/\/www.iphone-ticker.de\/apiv2\/wp\/v2\/tags?post=7048"}],"curies":[{"name":"wp","href":"https:\/\/api.w.org\/{rel}","templated":true}]}}