{"id":69015,"date":"2014-07-28T14:24:27","date_gmt":"2014-07-28T12:24:27","guid":{"rendered":"http:\/\/www.iphone-ticker.de\/?p=69015"},"modified":"2014-07-28T14:24:27","modified_gmt":"2014-07-28T12:24:27","slug":"ios-8-verweigert-iphoto-den-start-apple-stellt-auch-mobilversion-ein","status":"publish","type":"post","link":"https:\/\/www.iphone-ticker.de\/ios-8-verweigert-iphoto-den-start-apple-stellt-auch-mobilversion-ein-69015\/","title":{"rendered":"iOS 8 verweigert iPhoto den Start: Apple stellt auch Mobilversion ein"},"content":{"rendered":"<p>Fotos, der iPhoto-Nachfolger f\u00fcr den Mac wird uns <a title=\"iPhoto kommt 2015\" href=\"http:\/\/www.ifun.de\/fotos-mac-app-yosemite-60958\/\">Anfang 2015<\/a> erreichen und dann sowohl Apples bisheriges Profi-Angebot <a href=\"http:\/\/www.ifun.de\/von-aperture-nach-lightroom-aperture-exporter-hilft-beim-umstieg-63295\/\">Aperture<\/a> als auch die angestammte OS X-Applikation <a title=\"Fotos statt iPhoto \" href=\"http:\/\/www.ifun.de\/fotos-app-fuer-den-mac-apple-testet-mit-fotografie-enthusiasten-63043\/\">iPhoto abl\u00f6sen<\/a> bzw. ersetzen.<\/p>\n<p><a href=\"http:\/\/www.iphone-ticker.de\/wp-content\/uploads\/2014\/07\/migrate.jpg\"><img loading=\"lazy\" decoding=\"async\" src=\"http:\/\/www.iphone-ticker.de\/wp-content\/uploads\/2014\/07\/migrate.jpg\" alt=\"migrate\" width=\"491\" height=\"306\" class=\"aligncenter size-full wp-image-69018\" srcset=\"https:\/\/images.iphone-ticker.de\/wp-content\/uploads\/2014\/07\/migrate.jpg 491w, https:\/\/images.iphone-ticker.de\/wp-content\/uploads\/2014\/07\/migrate-300x186.jpg 300w\" sizes=\"auto, (max-width: 491px) 100vw, 491px\" \/><\/a><\/p>\n<p>Auf dem iPhone wird Apple die neue Foto-Applikation schon mit der Freigabe von iOS 8 ausliefern und dann auch die iOS-Version des Bildbearbeitungs-Werkzeuges iPhoto einstellen.<\/p>\n<p>Darauf deuten jetzt aufgetauchte Bildschirmfotos <a href=\"http:\/\/9to5mac.com\/2014\/07\/25\/ios-8-to-offer-migration-tool-from-iphoto-to-photos-journals-and-slideshows-being-discontinued\/\">hin<\/a>, auf denen die mobile Ausgabe von iPhoto unter der am 21. Juli <a title=\"ios 8 beta 4\" href=\"http:\/\/www.iphone-ticker.de\/ios-8-beta-4-68747\/\">freigegebenen<\/a>, vierten Vorabversion von iOS 8 bereits den Start verweigert und ihren Nutzern eine Bild-Migration anbietet.<\/p>\n<p>Als iOS-Applikation f\u00fcr iPhone und iPad ist Apples iPhoto seit Anfang 2012 verf\u00fcgbar und bot sich nicht nur zum Entfernen roter Augen an, sondern auch zum Erstellen von Foto-B\u00fcchern und sogenannten Online-Journals an. Von den kleinen Foto-Webseiten, die mit einem Link im Freundeskreis geteilt werden konnte, werden wir uns ab Herbst verabschieden m\u00fcssen. Apples iPhoto, f\u00fcr K\u00e4ufer neuer Ger\u00e4te kostenlos verf\u00fcgbar, f\u00fcr alle anderen 5\u20ac teuer, wird mit dem Start von iOS 8 im Herbst die Segel streichen.<\/p>\n<p><a href=\"http:\/\/www.iphone-ticker.de\/wp-content\/uploads\/2014\/07\/fotostop.jpg\"><img loading=\"lazy\" decoding=\"async\" src=\"http:\/\/www.iphone-ticker.de\/wp-content\/uploads\/2014\/07\/fotostop.jpg\" alt=\"fotostop\" width=\"700\" height=\"599\" class=\"aligncenter size-full wp-image-69019\" srcset=\"https:\/\/images.iphone-ticker.de\/wp-content\/uploads\/2014\/07\/fotostop.jpg 700w, https:\/\/images.iphone-ticker.de\/wp-content\/uploads\/2014\/07\/fotostop-300x256.jpg 300w\" sizes=\"auto, (max-width: 700px) 100vw, 700px\" \/><\/a><\/p>\n<p>Noch ist unklar welche iPhoto-Funktionen Apple auch in der neuen &#8222;Fotos&#8220;-App bereitstellen wird und ob die Druck-Dienste f\u00fcr Foto-B\u00fccher, Kalender und Alben beibehalten werden. Die Einstellung von iPhoto auf iPhone und iPad entzieht mobilen Nutzern vorerst jedoch die M\u00f6glichkeit Unterwegs-Bestellungen aufzugeben.<\/p>\n<div id=\"article-single-app-preview\">\n<div id=\"article-single-app-preview-icon\"><img loading=\"lazy\" decoding=\"async\" src=\"https:\/\/www.iphone-ticker.de\/wp-content\/plugins\/appstore-lookup\/timthumb.php?src=http:\/\/placekitten.com\/57\/57&zc=0&amp;w=72&amp;q=80\"  alt=\"App Icon\"  height=\"72\" width=\"72\" class=\"asl-icon-img\" \/><\/div>\n<div id=\"article-single-app-preview-desc\"><span class=\"name\">App Not Found<\/span><br \/>\n<span class=\"seller\">Seller Not Found<\/span><\/div>\n<a href=\"http:\/\/www.ifun.de\/app\/497786065\"><div id=\"article-single-app-preview-download\">Free<br \/>\n<span class=\"size\">19.73MB<\/span><\/div><\/a>\n<\/div>\n","protected":false},"excerpt":{"rendered":"<a href=\"https:\/\/www.iphone-ticker.de\/ios-8-verweigert-iphoto-den-start-apple-stellt-auch-mobilversion-ein-69015\/\"><img width=\"150\" height=\"150\" src=\"https:\/\/images.iphone-ticker.de\/wp-content\/uploads\/2014\/07\/fotostop-150x150.jpg\" class=\"alignright tfe wp-post-image\" alt=\"\" decoding=\"async\" loading=\"lazy\" \/><\/a><p>Fotos, der iPhoto-Nachfolger f\u00fcr den Mac wird uns Anfang 2015 erreichen und dann sowohl Apples bisheriges Profi-Angebot Aperture als auch die angestammte OS X-Applikation iPhoto abl\u00f6sen bzw. ersetzen. Auf dem iPhone wird Apple die neue Foto-Applikation schon mit der Freigabe von iOS 8 ausliefern und dann auch die iOS-Version des Bildbearbeitungs-Werkzeuges iPhoto einstellen. Darauf deuten [&hellip;]<\/p>\n","protected":false},"author":1,"featured_media":69019,"comment_status":"open","ping_status":"closed","sticky":false,"template":"","format":"standard","meta":{"footnotes":""},"categories":[14],"tags":[3912,3914,5661,2415,834],"class_list":["post-69015","post","type-post","status-publish","format-standard","has-post-thumbnail","hentry","category-apple","tag-apple","tag-apps","tag-ios","tag-ios-8","tag-iphoto"],"aioseo_notices":[],"featured_image":["http:\/\/www.iphone-ticker.de\/wp-content\/uploads\/2014\/07\/iphoto-ios8.jpg"],"rest_api_enabler":{"featured_image":"http:\/\/www.iphone-ticker.de\/wp-content\/uploads\/2014\/07\/iphoto-ios8.jpg"},"_links":{"self":[{"href":"https:\/\/www.iphone-ticker.de\/apiv2\/wp\/v2\/posts\/69015","targetHints":{"allow":["GET"]}}],"collection":[{"href":"https:\/\/www.iphone-ticker.de\/apiv2\/wp\/v2\/posts"}],"about":[{"href":"https:\/\/www.iphone-ticker.de\/apiv2\/wp\/v2\/types\/post"}],"author":[{"embeddable":true,"href":"https:\/\/www.iphone-ticker.de\/apiv2\/wp\/v2\/users\/1"}],"replies":[{"embeddable":true,"href":"https:\/\/www.iphone-ticker.de\/apiv2\/wp\/v2\/comments?post=69015"}],"version-history":[{"count":1,"href":"https:\/\/www.iphone-ticker.de\/apiv2\/wp\/v2\/posts\/69015\/revisions"}],"predecessor-version":[{"id":69020,"href":"https:\/\/www.iphone-ticker.de\/apiv2\/wp\/v2\/posts\/69015\/revisions\/69020"}],"wp:featuredmedia":[{"embeddable":true,"href":"https:\/\/www.iphone-ticker.de\/apiv2\/wp\/v2\/media\/69019"}],"wp:attachment":[{"href":"https:\/\/www.iphone-ticker.de\/apiv2\/wp\/v2\/media?parent=69015"}],"wp:term":[{"taxonomy":"category","embeddable":true,"href":"https:\/\/www.iphone-ticker.de\/apiv2\/wp\/v2\/categories?post=69015"},{"taxonomy":"post_tag","embeddable":true,"href":"https:\/\/www.iphone-ticker.de\/apiv2\/wp\/v2\/tags?post=69015"}],"curies":[{"name":"wp","href":"https:\/\/api.w.org\/{rel}","templated":true}]}}