{"id":6847,"date":"2009-06-29T15:17:12","date_gmt":"2009-06-29T13:17:12","guid":{"rendered":"http:\/\/www.iphone-ticker.de\/2009\/06\/29\/apple-steigt-ein-iphone-zukunftig-mit-micro-usb-anschluss\/"},"modified":"2009-06-30T00:13:21","modified_gmt":"2009-06-29T22:13:21","slug":"apple-steigt-ein-iphone-zukunftig-mit-micro-usb-anschluss","status":"publish","type":"post","link":"https:\/\/www.iphone-ticker.de\/apple-steigt-ein-iphone-zukunftig-mit-micro-usb-anschluss-6847\/","title":{"rendered":"Apple steigt ein: iPhone zuk\u00fcnftig mit Micro-USB Anschluss?"},"content":{"rendered":"<p>Der Focus <a href=\"http:\/\/www.focus.de\/digital\/computer\/handy-ladegeraete-einheitlicher-standard-ab-2010_aid_412410.html\">berichtet heute<\/a> \u00fcber die industrieweite und f\u00fcr 2010 beschlossene Einf\u00fchrung eines Hersteller-unabh\u00e4ngigen Ladekabel-Adaters f\u00fcr Mobiltelefone. Anfang Februar haben wir uns dem einheitlichen Standard <a href=\"http:\/\/www.iphone-ticker.de\/2009\/02\/18\/netzteil-standard-ohne-apple\/\">bereits ausf\u00fchrlicher gewidmet<\/a>. Damals schien sich Apple noch nicht f\u00fcr die Mitwirkung im entsprechenden Gremium zu interessieren.<\/p>\n<p>Nun jedoch befindet sich auch Apple neben LG, Motorola, Samsung und Co. unter den zehn Herstellern, die sich f\u00fcr die Einf\u00fchrung des neuen Standards stark machen. Der logische Schluss: Die n\u00e4chste iPhone-Generation d\u00fcrfte zus\u00e4tzlich zum Dock-Connector auch mit einem Micro-USB Anschluss (bzw. dem entsprechen Adapter darauf) ausgestattet sein. Der Focus schreibt:<\/p>\n<blockquote><p><em>Das neue Ladeger\u00e4t wird nur f\u00fcr neue Handy-Modelle mit USB-Buchse funktionieren. Andere Ger\u00e4te werde es in Zukunft aber kaum mehr geben, sagte Verheugen. Als Ausnahme nannte er Spezial-Handys f\u00fcr Kinder, die nur Anrufe empfangen, aber selbst keine Gespr\u00e4che beginnen k\u00f6nnen. Der EU-Industriekommissar \u00e4u\u00dferte die Hoffnung, dass \u201eman eines Tages f\u00fcr seine gesamte IT-Ausr\u00fcstung das gleiche Ladeger\u00e4t nutzen k\u00f6nnen wird\u201c. Wegen des unterschiedlichen Stromverbrauchs von Mobiltelefonen, Digitalkameras und Laptops sei dies derzeit aber noch nicht machbar.<\/em><\/p><\/blockquote>\n<p>Danke Oliver f\u00fcr die Mail &amp; Milo f\u00fcr die Erg\u00e4nzung.<\/p>\n","protected":false},"excerpt":{"rendered":"<p>Der Focus berichtet heute \u00fcber die industrieweite und f\u00fcr 2010 beschlossene Einf\u00fchrung eines Hersteller-unabh\u00e4ngigen Ladekabel-Adaters f\u00fcr Mobiltelefone. Anfang Februar haben wir uns dem einheitlichen Standard bereits ausf\u00fchrlicher gewidmet. Damals schien sich Apple noch nicht f\u00fcr die Mitwirkung im entsprechenden Gremium zu interessieren. Nun jedoch befindet sich auch Apple neben LG, Motorola, Samsung und Co. unter [&hellip;]<\/p>\n","protected":false},"author":1,"featured_media":0,"comment_status":"open","ping_status":"closed","sticky":false,"template":"","format":"standard","meta":{"footnotes":""},"categories":[1],"tags":[3912],"class_list":["post-6847","post","type-post","status-publish","format-standard","hentry","category-news","tag-apple"],"aioseo_notices":[],"rest_api_enabler":[],"_links":{"self":[{"href":"https:\/\/www.iphone-ticker.de\/apiv2\/wp\/v2\/posts\/6847","targetHints":{"allow":["GET"]}}],"collection":[{"href":"https:\/\/www.iphone-ticker.de\/apiv2\/wp\/v2\/posts"}],"about":[{"href":"https:\/\/www.iphone-ticker.de\/apiv2\/wp\/v2\/types\/post"}],"author":[{"embeddable":true,"href":"https:\/\/www.iphone-ticker.de\/apiv2\/wp\/v2\/users\/1"}],"replies":[{"embeddable":true,"href":"https:\/\/www.iphone-ticker.de\/apiv2\/wp\/v2\/comments?post=6847"}],"version-history":[{"count":0,"href":"https:\/\/www.iphone-ticker.de\/apiv2\/wp\/v2\/posts\/6847\/revisions"}],"wp:attachment":[{"href":"https:\/\/www.iphone-ticker.de\/apiv2\/wp\/v2\/media?parent=6847"}],"wp:term":[{"taxonomy":"category","embeddable":true,"href":"https:\/\/www.iphone-ticker.de\/apiv2\/wp\/v2\/categories?post=6847"},{"taxonomy":"post_tag","embeddable":true,"href":"https:\/\/www.iphone-ticker.de\/apiv2\/wp\/v2\/tags?post=6847"}],"curies":[{"name":"wp","href":"https:\/\/api.w.org\/{rel}","templated":true}]}}