{"id":67866,"date":"2014-06-27T18:29:18","date_gmt":"2014-06-27T16:29:18","guid":{"rendered":"http:\/\/www.iphone-ticker.de\/?p=67866"},"modified":"2014-06-27T18:29:18","modified_gmt":"2014-06-27T16:29:18","slug":"carplay-ab-2015-auch-im-audi","status":"publish","type":"post","link":"https:\/\/www.iphone-ticker.de\/carplay-ab-2015-auch-im-audi-67866\/","title":{"rendered":"Carplay ab 2015 auch im Audi"},"content":{"rendered":"<p>Audi arbeitet an der Integration von Apples <a href=\"http:\/\/www.iphone-ticker.de\/carplay-ios-in-the-car-startet-diese-woche-mit-mercedes-volvo-und-ferrari-61953\/\" title=\"Apple CarPlay\">CarPlay<\/a> und will 2015 erste Fahrzeuge mit offizieller iOS-Integration auf den Markt bringen. Wie das Unternehmen per Pressemitteilung bekannt gab, arbeitet man derzeit eng mit Apple und auch Google zusammen, um auf dem Smartphone verf\u00fcgbare Funktionen k\u00fcnftig auch \u00fcber die Bediensysteme im Auto bereitzustellen.<\/p>\n<p><a href=\"http:\/\/www.iphone-ticker.de\/wp-content\/uploads\/2014\/06\/50022.jpg\"><img loading=\"lazy\" decoding=\"async\" src=\"http:\/\/www.iphone-ticker.de\/wp-content\/uploads\/2014\/06\/50022.jpg\" alt=\"500\" width=\"500\" height=\"333\" class=\"alignnone size-full wp-image-67867\" srcset=\"https:\/\/images.iphone-ticker.de\/wp-content\/uploads\/2014\/06\/50022.jpg 500w, https:\/\/images.iphone-ticker.de\/wp-content\/uploads\/2014\/06\/50022-300x199.jpg 300w\" sizes=\"auto, (max-width: 500px) 100vw, 500px\" \/><\/a><\/p>\n<blockquote>\n<p>Unsere Kunden wollen always on sein und die vom Smartphone bekannten Dienste auch im Auto nutzen.<\/p>\n<\/blockquote>\n<p>Als wichtige Paramenter spielt der Integration neben Anwenderfreundlichkeit und geringer Ablenkung laut Audi auch die Datensicherheit eine zentrale Rolle. Man trenne die fahrzeugbezogenen Daten komplette von Infotainment-System und sichere so die Daten vor unbefugtem Zugriff.<\/p>\n<p>Die Integration von CarPlay erfolgt laut Apple in intensivem Austausch zwischen dem Audi-Entwicklungslabor im Silicon Valley und Apple. Die Verbindungen des Herstellers zu Google d\u00fcrften noch einen Tick besser sein. Audi z\u00e4hlt als einziger Premium-Automobilhersteller zu den Gr\u00fcndungsmitgliedern der Google Open Automotive Alliance (OAA), einer Kooperation mit dem Ziel, die Android-Plattform und ihre Apps im Rahmen des neu vorgestellten CarPlay-Pendants \u201e<a href=\"http:\/\/www.ifun.de\/google-io-neue-smartwatches-android-fuer-fernseher-und-autos-61976\/\">Android Auto<\/a>\u201c ins Auto zu integrieren.<\/p>\n","protected":false},"excerpt":{"rendered":"<a href=\"https:\/\/www.iphone-ticker.de\/carplay-ab-2015-auch-im-audi-67866\/\"><img width=\"150\" height=\"150\" src=\"https:\/\/images.iphone-ticker.de\/wp-content\/uploads\/2014\/06\/header20-150x150.jpg\" class=\"alignright tfe wp-post-image\" alt=\"\" decoding=\"async\" loading=\"lazy\" \/><\/a><p>Audi arbeitet an der Integration von Apples CarPlay und will 2015 erste Fahrzeuge mit offizieller iOS-Integration auf den Markt bringen. Wie das Unternehmen per Pressemitteilung bekannt gab, arbeitet man derzeit eng mit Apple und auch Google zusammen, um auf dem Smartphone verf\u00fcgbare Funktionen k\u00fcnftig auch \u00fcber die Bediensysteme im Auto bereitzustellen. Unsere Kunden wollen always [&hellip;]<\/p>\n","protected":false},"author":2,"featured_media":67868,"comment_status":"open","ping_status":"closed","sticky":false,"template":"","format":"standard","meta":{"footnotes":""},"categories":[639],"tags":[112,35,2463,5661,1141],"class_list":["post-67866","post","type-post","status-publish","format-standard","has-post-thumbnail","hentry","category-ios","tag-audi","tag-auto","tag-carplay","tag-ios","tag-kfz"],"aioseo_notices":[],"featured_image":["http:\/\/www.iphone-ticker.de\/wp-content\/uploads\/2014\/06\/header20.jpg"],"rest_api_enabler":{"featured_image":"http:\/\/www.iphone-ticker.de\/wp-content\/uploads\/2014\/06\/header20.jpg"},"_links":{"self":[{"href":"https:\/\/www.iphone-ticker.de\/apiv2\/wp\/v2\/posts\/67866","targetHints":{"allow":["GET"]}}],"collection":[{"href":"https:\/\/www.iphone-ticker.de\/apiv2\/wp\/v2\/posts"}],"about":[{"href":"https:\/\/www.iphone-ticker.de\/apiv2\/wp\/v2\/types\/post"}],"author":[{"embeddable":true,"href":"https:\/\/www.iphone-ticker.de\/apiv2\/wp\/v2\/users\/2"}],"replies":[{"embeddable":true,"href":"https:\/\/www.iphone-ticker.de\/apiv2\/wp\/v2\/comments?post=67866"}],"version-history":[{"count":1,"href":"https:\/\/www.iphone-ticker.de\/apiv2\/wp\/v2\/posts\/67866\/revisions"}],"predecessor-version":[{"id":67869,"href":"https:\/\/www.iphone-ticker.de\/apiv2\/wp\/v2\/posts\/67866\/revisions\/67869"}],"wp:featuredmedia":[{"embeddable":true,"href":"https:\/\/www.iphone-ticker.de\/apiv2\/wp\/v2\/media\/67868"}],"wp:attachment":[{"href":"https:\/\/www.iphone-ticker.de\/apiv2\/wp\/v2\/media?parent=67866"}],"wp:term":[{"taxonomy":"category","embeddable":true,"href":"https:\/\/www.iphone-ticker.de\/apiv2\/wp\/v2\/categories?post=67866"},{"taxonomy":"post_tag","embeddable":true,"href":"https:\/\/www.iphone-ticker.de\/apiv2\/wp\/v2\/tags?post=67866"}],"curies":[{"name":"wp","href":"https:\/\/api.w.org\/{rel}","templated":true}]}}