{"id":67093,"date":"2014-06-10T11:50:53","date_gmt":"2014-06-10T09:50:53","guid":{"rendered":"http:\/\/www.iphone-ticker.de\/?p=67093"},"modified":"2014-06-10T11:50:53","modified_gmt":"2014-06-10T09:50:53","slug":"musik-streaming-deezer-und-ampya-verschmelzen","status":"publish","type":"post","link":"https:\/\/www.iphone-ticker.de\/musik-streaming-deezer-und-ampya-verschmelzen-67093\/","title":{"rendered":"Musik-Streaming: Deezer und AMPYA verschmelzen"},"content":{"rendered":"<p>Konsolidierung auf den hinteren Pl\u00e4tzen. <a href=\"http:\/\/www.iphone-ticker.de\/ampya-prosiebensat-1-startet-spotify-konkurrenten-48743\/\">AMPYA<\/a>, der vor einem Jahr mit viel Tamtam gestartete Musik-Streaming-Dienst der ProSiebenSat.1-Gruppe wird zuk\u00fcnftig vom Spotify-Konkurrenten <a href=\"http:\/\/deezer.com\/de\/\">Deezer<\/a> weitergef\u00fchrt. <\/p>\n<p><a href=\"http:\/\/www.iphone-ticker.de\/wp-content\/uploads\/2014\/06\/deezer.jpg\"><img loading=\"lazy\" decoding=\"async\" src=\"http:\/\/www.iphone-ticker.de\/wp-content\/uploads\/2014\/06\/deezer.jpg\" alt=\"deezer\" width=\"500\" height=\"350\" class=\"aligncenter size-full wp-image-67095\" srcset=\"https:\/\/images.iphone-ticker.de\/wp-content\/uploads\/2014\/06\/deezer.jpg 500w, https:\/\/images.iphone-ticker.de\/wp-content\/uploads\/2014\/06\/deezer-300x210.jpg 300w\" sizes=\"auto, (max-width: 500px) 100vw, 500px\" \/><\/a><\/p>\n<p>Dies berichtet Deezer heute in einer Hausmitteilung und versucht die Gruppierung der beiden Ex-Konkurrenten als &#8222;strategische Allianz&#8220; zu klassifizieren: <\/p>\n<blockquote><p>Die ProSiebenSat.1 Group baut ihre Aktivit\u00e4ten im Musik-Gesch\u00e4ft aus und beteiligt sich am internationalen Streamingdienst Deezer. Die ProSiebenSat.1 Group bringt hierf\u00fcr ihr operatives Gesch\u00e4ft des Musikstreaming-Services AMPYA ein, der in Deezer \u00fcbergeht. Das eigenst\u00e4ndige AMPYA-Portal, das redaktionelle Inhalte und News aus der Musikszene pr\u00e4sentiert, sowie die zugeh\u00f6rige Plattform Songtexte.com bleiben bestehen und werden k\u00fcnftig von ProSiebenSat.1 unter dem Dach von MyVideo weiter betrieben. <\/p><\/blockquote>\n<p>Dar\u00fcber hinaus sollen auch die Event-Reihen von AMPYA wie die \u201eAMPYA Moments\u201c sowie Newcomer-Acts und Musik-Premieren von MyVideo fortgef\u00fchrt werden. <\/p>\n<p>Uns f\u00e4llt es immer noch schwer beim Blick auf deutsche Angebote wie AMPYA und MyVideo nicht mit dem Kopf zu sch\u00fctteln. All zu oft handelt es sich bei den hiesigen Hoffnungstr\u00e4gern um 1-zu-1 Nachbauten erfolgreicher US-Portale, die den Markt zu sp\u00e4t erreichen, ihre Preisstrukturen und Angebote immer komplizierter als das original gestalten und nach wenigen Jahren dann wieder &#8211; sang- und klanglos &#8211; von der Bildfl\u00e4che verschwinden. Der abschlie\u00dfende Satz aus Deezers Pressemitteilung, klingt demnach mehr wie ein Anfang vom Ende, als nach einem ganz gro\u00dfen Wurf: <\/p>\n<blockquote><p>Deezer wird zudem die Kooperation mit Vodafone von AMPYA \u00fcbernehmen und weiterf\u00fchren<\/p><\/blockquote>\n<div id=\"article-single-app-preview\">\n<div id=\"article-single-app-preview-icon\"><img loading=\"lazy\" decoding=\"async\" src=\"https:\/\/www.iphone-ticker.de\/wp-content\/plugins\/appstore-lookup\/timthumb.php?src=http:\/\/placekitten.com\/57\/57&zc=0&amp;w=72&amp;q=80\"  alt=\"App Icon\"  height=\"72\" width=\"72\" class=\"asl-icon-img\" \/><\/div>\n<div id=\"article-single-app-preview-desc\"><span class=\"name\">App Not Found<\/span><br \/>\n<span class=\"seller\">Seller Not Found<\/span><\/div>\n<a href=\"http:\/\/www.ifun.de\/app\/292738169\"><div id=\"article-single-app-preview-download\">Free<br \/>\n<span class=\"size\">19.73MB<\/span><\/div><\/a>\n<\/div>\n<div id=\"article-single-app-preview\">\n<div id=\"article-single-app-preview-icon\"><img loading=\"lazy\" decoding=\"async\" src=\"https:\/\/www.iphone-ticker.de\/wp-content\/plugins\/appstore-lookup\/timthumb.php?src=http:\/\/placekitten.com\/57\/57&zc=0&amp;w=72&amp;q=80\"  alt=\"App Icon\"  height=\"72\" width=\"72\" class=\"asl-icon-img\" \/><\/div>\n<div id=\"article-single-app-preview-desc\"><span class=\"name\">App Not Found<\/span><br \/>\n<span class=\"seller\">Seller Not Found<\/span><\/div>\n<a href=\"http:\/\/www.ifun.de\/app\/635255854\"><div id=\"article-single-app-preview-download\">Free<br \/>\n<span class=\"size\">19.73MB<\/span><\/div><\/a>\n<\/div>\n","protected":false},"excerpt":{"rendered":"<a href=\"https:\/\/www.iphone-ticker.de\/musik-streaming-deezer-und-ampya-verschmelzen-67093\/\"><img width=\"150\" height=\"150\" src=\"https:\/\/images.iphone-ticker.de\/wp-content\/uploads\/2014\/06\/deezer-150x150.jpg\" class=\"alignright tfe wp-post-image\" alt=\"\" decoding=\"async\" loading=\"lazy\" \/><\/a><p>Konsolidierung auf den hinteren Pl\u00e4tzen. AMPYA, der vor einem Jahr mit viel Tamtam gestartete Musik-Streaming-Dienst der ProSiebenSat.1-Gruppe wird zuk\u00fcnftig vom Spotify-Konkurrenten Deezer weitergef\u00fchrt. Dies berichtet Deezer heute in einer Hausmitteilung und versucht die Gruppierung der beiden Ex-Konkurrenten als &#8222;strategische Allianz&#8220; zu klassifizieren: Die ProSiebenSat.1 Group baut ihre Aktivit\u00e4ten im Musik-Gesch\u00e4ft aus und beteiligt sich am [&hellip;]<\/p>\n","protected":false},"author":1,"featured_media":67095,"comment_status":"open","ping_status":"closed","sticky":false,"template":"","format":"standard","meta":{"footnotes":""},"categories":[11],"tags":[77,450],"class_list":["post-67093","post","type-post","status-publish","format-standard","has-post-thumbnail","hentry","category-itunes","tag-musik","tag-streaming"],"aioseo_notices":[],"featured_image":["http:\/\/www.iphone-ticker.de\/wp-content\/uploads\/2014\/06\/deezer-f.jpg"],"rest_api_enabler":{"featured_image":"http:\/\/www.iphone-ticker.de\/wp-content\/uploads\/2014\/06\/deezer-f.jpg"},"_links":{"self":[{"href":"https:\/\/www.iphone-ticker.de\/apiv2\/wp\/v2\/posts\/67093","targetHints":{"allow":["GET"]}}],"collection":[{"href":"https:\/\/www.iphone-ticker.de\/apiv2\/wp\/v2\/posts"}],"about":[{"href":"https:\/\/www.iphone-ticker.de\/apiv2\/wp\/v2\/types\/post"}],"author":[{"embeddable":true,"href":"https:\/\/www.iphone-ticker.de\/apiv2\/wp\/v2\/users\/1"}],"replies":[{"embeddable":true,"href":"https:\/\/www.iphone-ticker.de\/apiv2\/wp\/v2\/comments?post=67093"}],"version-history":[{"count":1,"href":"https:\/\/www.iphone-ticker.de\/apiv2\/wp\/v2\/posts\/67093\/revisions"}],"predecessor-version":[{"id":67096,"href":"https:\/\/www.iphone-ticker.de\/apiv2\/wp\/v2\/posts\/67093\/revisions\/67096"}],"wp:featuredmedia":[{"embeddable":true,"href":"https:\/\/www.iphone-ticker.de\/apiv2\/wp\/v2\/media\/67095"}],"wp:attachment":[{"href":"https:\/\/www.iphone-ticker.de\/apiv2\/wp\/v2\/media?parent=67093"}],"wp:term":[{"taxonomy":"category","embeddable":true,"href":"https:\/\/www.iphone-ticker.de\/apiv2\/wp\/v2\/categories?post=67093"},{"taxonomy":"post_tag","embeddable":true,"href":"https:\/\/www.iphone-ticker.de\/apiv2\/wp\/v2\/tags?post=67093"}],"curies":[{"name":"wp","href":"https:\/\/api.w.org\/{rel}","templated":true}]}}