{"id":65176,"date":"2014-04-29T15:17:17","date_gmt":"2014-04-29T13:17:17","guid":{"rendered":"http:\/\/www.iphone-ticker.de\/?p=65176"},"modified":"2014-04-29T16:47:58","modified_gmt":"2014-04-29T14:47:58","slug":"aufgabenliste-clear-fuehrt-erinnerungen-ein","status":"publish","type":"post","link":"https:\/\/www.iphone-ticker.de\/aufgabenliste-clear-fuehrt-erinnerungen-ein-65176\/","title":{"rendered":"Aufgabenliste CLEAR f\u00fchrt Erinnerungen ein"},"content":{"rendered":"<p>Freunde der Aufgabenliste <strong>CLEAR<\/strong> (<a rel=\"noindex, nofollow\" href=\"http:\/\/www.ifun.de\/app\/493136154\">AppStore-Link<\/a>) werden f\u00fcr das <a href=\"http:\/\/www.iphone-ticker.de\/rolle-rueckwaerts-clear-macher-entschuldigen-sich-und-migrieren-apps-61244\/\">Durcheinander<\/a> der vergangenen Wochen jetzt mit der Einf\u00fchrung von Erinnerungen in die universelle Applikation f\u00fcr iPhone und iPad belohnt. <\/p>\n<p><a href=\"http:\/\/www.iphone-ticker.de\/wp-content\/uploads\/2014\/04\/os.jpg\"><img loading=\"lazy\" decoding=\"async\" src=\"http:\/\/www.iphone-ticker.de\/wp-content\/uploads\/2014\/04\/os.jpg\" alt=\"os\" width=\"500\" height=\"251\" class=\"aligncenter size-full wp-image-65178\" srcset=\"https:\/\/images.iphone-ticker.de\/wp-content\/uploads\/2014\/04\/os.jpg 500w, https:\/\/images.iphone-ticker.de\/wp-content\/uploads\/2014\/04\/os-300x150.jpg 300w\" sizes=\"auto, (max-width: 500px) 100vw, 500px\" \/><\/a><\/p>\n<p>So versteht sich die Aufgabenliste jetzt erstmals auf das Festlegen von Erinnerungszeiten, die sich optional zu allen Listen-Elementen hinzuf\u00fcgen lassen. <\/p>\n<p>Wer die iOS-Anwendung in Verbindung mit der ebenfalls erh\u00e4ltlichen  Mac-Applikation nutzt, sollte die Installation des aktuellen CLEAR-Updates jedoch noch ein paar Stunden verz\u00f6gern.<\/p>\n<p>Sobald die aktualisierte Anwendung auf dem iPhone installiert ist, bricht CLEAR die iCloud-Synchronisation mit seinem Desktop-Pendant ab und bittet seine Nutzer die Aktualisierung auch auf dem Mac einzuspielen; hier l\u00e4sst das Update jedoch noch auf sich warten. <\/p>\n<div id=\"article-single-app-preview\">\n<div id=\"article-single-app-preview-icon\"><img loading=\"lazy\" decoding=\"async\" src=\"https:\/\/www.iphone-ticker.de\/wp-content\/plugins\/appstore-lookup\/timthumb.php?src=http:\/\/placekitten.com\/57\/57&zc=0&amp;w=72&amp;q=80\"  alt=\"App Icon\"  height=\"72\" width=\"72\" class=\"asl-icon-img\" \/><\/div>\n<div id=\"article-single-app-preview-desc\"><span class=\"name\">App Not Found<\/span><br \/>\n<span class=\"seller\">Seller Not Found<\/span><\/div>\n<a href=\"http:\/\/www.ifun.de\/app\/493136154\"><div id=\"article-single-app-preview-download\">Free<br \/>\n<span class=\"size\">19.73MB<\/span><\/div><\/a>\n<\/div>\n<p><a href=\"http:\/\/www.iphone-ticker.de\/wp-content\/uploads\/2014\/04\/cl.jpg\"><img loading=\"lazy\" decoding=\"async\" src=\"http:\/\/www.iphone-ticker.de\/wp-content\/uploads\/2014\/04\/cl.jpg\" alt=\"cl\" width=\"700\" height=\"598\" class=\"aligncenter size-full wp-image-65179\" srcset=\"https:\/\/images.iphone-ticker.de\/wp-content\/uploads\/2014\/04\/cl.jpg 700w, https:\/\/images.iphone-ticker.de\/wp-content\/uploads\/2014\/04\/cl-300x256.jpg 300w\" sizes=\"auto, (max-width: 700px) 100vw, 700px\" \/><\/a><\/p>\n<h2>Der iCloud-Abgleich<\/h2>\n<p><div class=\"responsive-video\"><iframe loading=\"lazy\" width=\"700\" height=\"371\" src=\"http:\/\/www.youtube-nocookie.com\/embed\/p4WXEHHF_eo\" frameborder=\"0\" allowfullscreen><\/iframe><\/div> (<a href=\"http:\/\/youtu.be\/p4WXEHHF_eo\">Direkt-Link<\/a>)<\/p>\n","protected":false},"excerpt":{"rendered":"<a href=\"https:\/\/www.iphone-ticker.de\/aufgabenliste-clear-fuehrt-erinnerungen-ein-65176\/\"><img width=\"150\" height=\"150\" src=\"https:\/\/images.iphone-ticker.de\/wp-content\/uploads\/2014\/04\/os-150x150.jpg\" class=\"alignright tfe wp-post-image\" alt=\"\" decoding=\"async\" loading=\"lazy\" \/><\/a><p>Freunde der Aufgabenliste CLEAR (AppStore-Link) werden f\u00fcr das Durcheinander der vergangenen Wochen jetzt mit der Einf\u00fchrung von Erinnerungen in die universelle Applikation f\u00fcr iPhone und iPad belohnt. So versteht sich die Aufgabenliste jetzt erstmals auf das Festlegen von Erinnerungszeiten, die sich optional zu allen Listen-Elementen hinzuf\u00fcgen lassen. Wer die iOS-Anwendung in Verbindung mit der ebenfalls [&hellip;]<\/p>\n","protected":false},"author":1,"featured_media":65178,"comment_status":"open","ping_status":"closed","sticky":false,"template":"","format":"standard","meta":{"footnotes":""},"categories":[39,1],"tags":[3914,1441],"class_list":["post-65176","post","type-post","status-publish","format-standard","has-post-thumbnail","hentry","category-apps","category-news","tag-apps","tag-erinnerungen"],"aioseo_notices":[],"featured_image":["http:\/\/www.iphone-ticker.de\/wp-content\/uploads\/2014\/04\/clear.jpg"],"rest_api_enabler":{"featured_image":"http:\/\/www.iphone-ticker.de\/wp-content\/uploads\/2014\/04\/clear.jpg"},"_links":{"self":[{"href":"https:\/\/www.iphone-ticker.de\/apiv2\/wp\/v2\/posts\/65176","targetHints":{"allow":["GET"]}}],"collection":[{"href":"https:\/\/www.iphone-ticker.de\/apiv2\/wp\/v2\/posts"}],"about":[{"href":"https:\/\/www.iphone-ticker.de\/apiv2\/wp\/v2\/types\/post"}],"author":[{"embeddable":true,"href":"https:\/\/www.iphone-ticker.de\/apiv2\/wp\/v2\/users\/1"}],"replies":[{"embeddable":true,"href":"https:\/\/www.iphone-ticker.de\/apiv2\/wp\/v2\/comments?post=65176"}],"version-history":[{"count":6,"href":"https:\/\/www.iphone-ticker.de\/apiv2\/wp\/v2\/posts\/65176\/revisions"}],"predecessor-version":[{"id":65199,"href":"https:\/\/www.iphone-ticker.de\/apiv2\/wp\/v2\/posts\/65176\/revisions\/65199"}],"wp:featuredmedia":[{"embeddable":true,"href":"https:\/\/www.iphone-ticker.de\/apiv2\/wp\/v2\/media\/65178"}],"wp:attachment":[{"href":"https:\/\/www.iphone-ticker.de\/apiv2\/wp\/v2\/media?parent=65176"}],"wp:term":[{"taxonomy":"category","embeddable":true,"href":"https:\/\/www.iphone-ticker.de\/apiv2\/wp\/v2\/categories?post=65176"},{"taxonomy":"post_tag","embeddable":true,"href":"https:\/\/www.iphone-ticker.de\/apiv2\/wp\/v2\/tags?post=65176"}],"curies":[{"name":"wp","href":"https:\/\/api.w.org\/{rel}","templated":true}]}}