{"id":6344,"date":"2009-05-27T10:30:07","date_gmt":"2009-05-27T08:30:07","guid":{"rendered":"http:\/\/www.iphone-ticker.de\/2009\/05\/27\/t-mobile-gerate-einfuhrung-urlaubsstop-ab-1506\/"},"modified":"2009-05-27T13:11:50","modified_gmt":"2009-05-27T11:11:50","slug":"t-mobile-gerate-einfuhrung-urlaubsstop-ab-1506","status":"publish","type":"post","link":"https:\/\/www.iphone-ticker.de\/t-mobile-gerate-einfuhrung-urlaubsstop-ab-1506-6344\/","title":{"rendered":"T-Mobile Ger\u00e4te-Einf\u00fchrung? Urlaubsstop ab 15.06"},"content":{"rendered":"<p>Die Info erreicht uns aus T-Mobile-Kreisen, ist mit Vorsicht zu genie\u00dfen, gibt uns aber erstmals ein greifbares Datum f\u00fcr den m\u00f6glichen Deutschland-Start der n\u00e4chsten iPhone Ger\u00e4te-Generation: den 15.06.2009.<\/p>\n<p>So gilt offensichtlich ab dem dritten Montag im Juni [edit] einen Urlaubsstop f\u00fcr alle Promotoren und ausgew\u00e4hlte Vertriebspartner. Als Grund wird eine Ger\u00e4te-Einf\u00fchrung angegeben&#8230;<\/p>\n","protected":false},"excerpt":{"rendered":"<p>Die Info erreicht uns aus T-Mobile-Kreisen, ist mit Vorsicht zu genie\u00dfen, gibt uns aber erstmals ein greifbares Datum f\u00fcr den m\u00f6glichen Deutschland-Start der n\u00e4chsten iPhone Ger\u00e4te-Generation: den 15.06.2009. So gilt offensichtlich ab dem dritten Montag im Juni [edit] einen Urlaubsstop f\u00fcr alle Promotoren und ausgew\u00e4hlte Vertriebspartner. Als Grund wird eine Ger\u00e4te-Einf\u00fchrung angegeben&#8230;<\/p>\n","protected":false},"author":1,"featured_media":0,"comment_status":"open","ping_status":"closed","sticky":false,"template":"","format":"standard","meta":{"footnotes":""},"categories":[1],"tags":[3910,37],"class_list":["post-6344","post","type-post","status-publish","format-standard","hentry","category-news","tag-rumors","tag-t-mobile"],"aioseo_notices":[],"rest_api_enabler":[],"_links":{"self":[{"href":"https:\/\/www.iphone-ticker.de\/apiv2\/wp\/v2\/posts\/6344","targetHints":{"allow":["GET"]}}],"collection":[{"href":"https:\/\/www.iphone-ticker.de\/apiv2\/wp\/v2\/posts"}],"about":[{"href":"https:\/\/www.iphone-ticker.de\/apiv2\/wp\/v2\/types\/post"}],"author":[{"embeddable":true,"href":"https:\/\/www.iphone-ticker.de\/apiv2\/wp\/v2\/users\/1"}],"replies":[{"embeddable":true,"href":"https:\/\/www.iphone-ticker.de\/apiv2\/wp\/v2\/comments?post=6344"}],"version-history":[{"count":0,"href":"https:\/\/www.iphone-ticker.de\/apiv2\/wp\/v2\/posts\/6344\/revisions"}],"wp:attachment":[{"href":"https:\/\/www.iphone-ticker.de\/apiv2\/wp\/v2\/media?parent=6344"}],"wp:term":[{"taxonomy":"category","embeddable":true,"href":"https:\/\/www.iphone-ticker.de\/apiv2\/wp\/v2\/categories?post=6344"},{"taxonomy":"post_tag","embeddable":true,"href":"https:\/\/www.iphone-ticker.de\/apiv2\/wp\/v2\/tags?post=6344"}],"curies":[{"name":"wp","href":"https:\/\/api.w.org\/{rel}","templated":true}]}}