{"id":62875,"date":"2014-03-18T09:30:49","date_gmt":"2014-03-18T08:30:49","guid":{"rendered":"http:\/\/www.iphone-ticker.de\/?p=62875"},"modified":"2014-03-18T10:59:47","modified_gmt":"2014-03-18T09:59:47","slug":"549-euro-iphone-5c-mit-8-gb-speicher-jetzt-offiziell-bei-apple-erhaeltlich","status":"publish","type":"post","link":"https:\/\/www.iphone-ticker.de\/549-euro-iphone-5c-mit-8-gb-speicher-jetzt-offiziell-bei-apple-erhaeltlich-62875\/","title":{"rendered":"549 Euro: iPhone 5c mit 8 GB Speicher jetzt offiziell bei Apple erh\u00e4ltlich"},"content":{"rendered":"<p>Wie erwartet ist das iPhone 5c mit 8 GB Speicher nun offiziell auch im <a href=\"http:\/\/ifun.de\/applestore\/http:\/\/store.apple.com\/de\/go\/home\">Apple Online-Store<\/a> erh\u00e4ltlich. Apple reduziert damit den Einstiegspreis f\u00fcr die aktuellen iPhone-Modelle um weitere 50 Euro auf 549 Euro. Es ist allerdings zu erwarten, dass die Ger\u00e4te schon in K\u00fcrze f\u00fcr deutlich unter 500 Euro im freien Handel erh\u00e4ltlich sind. Von Providerseite haben wir bereits gestern Abend Hinweise darauf erhalten, dass ein Einstiegspreis von 499 Euro angepeilt wird. Mit Blick auf die bereits jetzt zu Preisen <a rel=\"noindex, nofollow\" href=\"http:\/\/www.amazon.de\/dp\/B00F8JHFD8?tag=musicweb02\">unter 500 Euro<\/a> erh\u00e4ltliche 16-GB-Variante scheint ein Stra\u00dfenpreis von 450 Euro oder gar darunter nicht unwahrscheinlich.<\/p>\n<p><a href=\"http:\/\/www.iphone-ticker.de\/wp-content\/uploads\/2014\/03\/preise.jpg\"><img loading=\"lazy\" decoding=\"async\" src=\"http:\/\/www.iphone-ticker.de\/wp-content\/uploads\/2014\/03\/preise.jpg\" alt=\"preise\" width=\"700\" height=\"182\" class=\"alignnone size-full wp-image-62887\" srcset=\"https:\/\/images.iphone-ticker.de\/wp-content\/uploads\/2014\/03\/preise.jpg 700w, https:\/\/images.iphone-ticker.de\/wp-content\/uploads\/2014\/03\/preise-300x78.jpg 300w\" sizes=\"auto, (max-width: 700px) 100vw, 700px\" \/><\/a><\/p>\n<p>Nachdem das Ger\u00e4t sich bereits im Angebot von Apple und O2 befindet, gehen wir davon aus, dass auch die <a href=\"http:\/\/ad.zanox.com\/ppc\/?22514291C1180863155T\">Telekom<\/a> und <a href=\"http:\/\/www.active-tracking.de\/go.cgi?pid=1198&#038;wmid=2896&#038;cpid=4&#038;prid=810&#038;target=iphone_vorbestellung_shop\">Vodafone<\/a> ihre Onlineshops in K\u00fcrze aktualisieren werden.<\/p>\n<h5>Warum das neue Modell?<\/h5>\n<p>Eine kleine Spekulation bez\u00fcglich dieser Preissenkung: Nat\u00fcrlich wird der iPhone-Einstieg bei einer zu erwartenden Preissenkung von bis zu 100 Euro f\u00fcr Neukunden deutlich attraktiver, auch Besitzer eines \u00e4lteren Ger\u00e4ts d\u00fcrften sich den Wechsel auf ein iPhone 5c nun ernsthafter \u00fcberlegen. Aber Apple plant sicherlich schon deutlich weiter. <\/p>\n<p>Der Konzern ist daf\u00fcr bekannt, dass er statt Preissenkungen eher technische Verbesserungen in bereits erh\u00e4ltliche Ger\u00e4te einflie\u00dfen l\u00e4sst. Mit dem neuen 8-GB-Modell macht Apple den Weg daf\u00fcr frei, das jetzt 599 Euro teure Modell zu einem sp\u00e4teren Zeitpunkt f\u00fcr 549 Euro anzubieten und das Ganze als Upgrade f\u00fcr die 8-GB-Variante zu verpacken. Eine schlichte Preissenkung dagegen w\u00e4re sofort von negativen Untert\u00f6nen und Spekulationen um schlechte Verkaufszahlen begleitet.<\/p>\n","protected":false},"excerpt":{"rendered":"<a href=\"https:\/\/www.iphone-ticker.de\/549-euro-iphone-5c-mit-8-gb-speicher-jetzt-offiziell-bei-apple-erhaeltlich-62875\/\"><img width=\"150\" height=\"150\" src=\"https:\/\/images.iphone-ticker.de\/wp-content\/uploads\/2014\/03\/8gb-150x150.jpg\" class=\"alignright tfe wp-post-image\" alt=\"\" decoding=\"async\" loading=\"lazy\" srcset=\"https:\/\/images.iphone-ticker.de\/wp-content\/uploads\/2014\/03\/8gb-150x150.jpg 150w, https:\/\/images.iphone-ticker.de\/wp-content\/uploads\/2014\/03\/8gb.jpg 182w\" sizes=\"auto, (max-width: 150px) 100vw, 150px\" \/><\/a><p>Wie erwartet ist das iPhone 5c mit 8 GB Speicher nun offiziell auch im Apple Online-Store erh\u00e4ltlich. Apple reduziert damit den Einstiegspreis f\u00fcr die aktuellen iPhone-Modelle um weitere 50 Euro auf 549 Euro. Es ist allerdings zu erwarten, dass die Ger\u00e4te schon in K\u00fcrze f\u00fcr deutlich unter 500 Euro im freien Handel erh\u00e4ltlich sind. Von [&hellip;]<\/p>\n","protected":false},"author":2,"featured_media":62900,"comment_status":"open","ping_status":"closed","sticky":false,"template":"","format":"standard","meta":{"footnotes":""},"categories":[749],"tags":[3912,2141,129,363,38],"class_list":["post-62875","post","type-post","status-publish","format-standard","has-post-thumbnail","hentry","category-iphone-2","tag-apple","tag-iphone-5c","tag-o2","tag-telekom","tag-vodafone"],"aioseo_notices":[],"featured_image":["http:\/\/www.iphone-ticker.de\/wp-content\/uploads\/2014\/03\/5c-549.jpg"],"rest_api_enabler":{"featured_image":"http:\/\/www.iphone-ticker.de\/wp-content\/uploads\/2014\/03\/5c-549.jpg"},"_links":{"self":[{"href":"https:\/\/www.iphone-ticker.de\/apiv2\/wp\/v2\/posts\/62875","targetHints":{"allow":["GET"]}}],"collection":[{"href":"https:\/\/www.iphone-ticker.de\/apiv2\/wp\/v2\/posts"}],"about":[{"href":"https:\/\/www.iphone-ticker.de\/apiv2\/wp\/v2\/types\/post"}],"author":[{"embeddable":true,"href":"https:\/\/www.iphone-ticker.de\/apiv2\/wp\/v2\/users\/2"}],"replies":[{"embeddable":true,"href":"https:\/\/www.iphone-ticker.de\/apiv2\/wp\/v2\/comments?post=62875"}],"version-history":[{"count":7,"href":"https:\/\/www.iphone-ticker.de\/apiv2\/wp\/v2\/posts\/62875\/revisions"}],"predecessor-version":[{"id":62901,"href":"https:\/\/www.iphone-ticker.de\/apiv2\/wp\/v2\/posts\/62875\/revisions\/62901"}],"wp:featuredmedia":[{"embeddable":true,"href":"https:\/\/www.iphone-ticker.de\/apiv2\/wp\/v2\/media\/62900"}],"wp:attachment":[{"href":"https:\/\/www.iphone-ticker.de\/apiv2\/wp\/v2\/media?parent=62875"}],"wp:term":[{"taxonomy":"category","embeddable":true,"href":"https:\/\/www.iphone-ticker.de\/apiv2\/wp\/v2\/categories?post=62875"},{"taxonomy":"post_tag","embeddable":true,"href":"https:\/\/www.iphone-ticker.de\/apiv2\/wp\/v2\/tags?post=62875"}],"curies":[{"name":"wp","href":"https:\/\/api.w.org\/{rel}","templated":true}]}}