{"id":62025,"date":"2014-03-03T17:31:06","date_gmt":"2014-03-03T16:31:06","guid":{"rendered":"http:\/\/www.iphone-ticker.de\/?p=62025"},"modified":"2014-03-04T11:36:49","modified_gmt":"2014-03-04T10:36:49","slug":"carplay-volvo-zeigt-video-daimler-streamt-ab-1930-uhr","status":"publish","type":"post","link":"https:\/\/www.iphone-ticker.de\/carplay-volvo-zeigt-video-daimler-streamt-ab-1930-uhr-62025\/","title":{"rendered":"Carplay: Volvo zeigt Video, Daimler streamt ab 19:30 Uhr"},"content":{"rendered":"<p>Am 6. M\u00e4rz \u00f6ffnet der <a href=\"http:\/\/www.salon-auto.ch\/en\/\">84. Genfer Autosalon<\/a> seine Tore. Neben neuen Fahrzeugmodellen, Prototypen und den obligatorischen Concept Cars wird dann auch Apples heute vorgestellte iOS Auto-Integration, <a href=\"http:\/\/www.iphone-ticker.de\/carplay-ios-in-the-car-startet-diese-woche-mit-mercedes-volvo-und-ferrari-61953\/\">Carplay<\/a>, eine wichtige Rolle spielen. <\/p>\n<p><a href=\"http:\/\/www.iphone-ticker.de\/wp-content\/uploads\/2014\/03\/carplay-ruf.jpg\"><img loading=\"lazy\" decoding=\"async\" src=\"http:\/\/www.iphone-ticker.de\/wp-content\/uploads\/2014\/03\/carplay-ruf.jpg\" alt=\"carplay-ruf\" width=\"500\" height=\"283\" class=\"aligncenter size-full wp-image-62027\" srcset=\"https:\/\/images.iphone-ticker.de\/wp-content\/uploads\/2014\/03\/carplay-ruf.jpg 500w, https:\/\/images.iphone-ticker.de\/wp-content\/uploads\/2014\/03\/carplay-ruf-300x169.jpg 300w\" sizes=\"auto, (max-width: 500px) 100vw, 500px\" \/><\/a><\/p>\n<p>Nachdem Apple die anstehende Verf\u00fcgbarkeit <a href=\"http:\/\/www.iphone-ticker.de\/carplay-ios-in-the-car-startet-diese-woche-mit-mercedes-volvo-und-ferrari-61953\/\">des Carplay-Systems<\/a> bereits in den fr\u00fchen Morgenstunden mit einer gesonderten Pressemitteilung ank\u00fcndigte, steht inzwischen nicht nur Cupertinos <a href=\"www.apple.com\/ios\/carplay\/\">Sonderseite<\/a> mit zus\u00e4tzlichen Informationen bereit, auch das Kommunikations-Embargo gegen\u00fcber den teilnehmenden Auto-Herstellern scheint gelockert worden zu sein. <\/p>\n<blockquote><p>Volvo and Apple join forces to make Apple&#8217;s widely-used operating system available to drivers, bringing together one of the world&#8217;s most progressive car companies and the world&#8217;s most famous technology company.<\/p><\/blockquote>\n<p>So pr\u00e4sentiert der Autobauer Volvo das CarPlay-System im XC90 jetzt in dem 40-Sekunden-Clip &#8222;<a href=\"http:\/\/youtu.be\/kqgrGho4aYM\">Volvo and Apple CarPlay<\/a>&#8220; und <a href=\"https:\/\/www.media.volvocars.com\/global\/en-gb\/media\/pressreleases\/140633\/volvo-cars-and-apple-forge-global-alliance\">merkt an<\/a>, dass f\u00fcr die Carplay-Konnektivit\u00e4t derzeit zwar noch eine Kabel-Verbindung \u00fcber Apples Lightning-Anschluss erforderlich ist, an einer kabllosen Wi-Fi-Option aber bereits gearbeitet wird. <\/p>\n<p><div class=\"responsive-video\"><iframe loading=\"lazy\" width=\"700\" height=\"371\" src=\"http:\/\/www.youtube-nocookie.com\/embed\/kqgrGho4aYM\" frameborder=\"0\" allowfullscreen><\/iframe><\/div> (<a href=\"http:\/\/youtu.be\/kqgrGho4aYM\">Direkt-Link<\/a>)<\/p>\n<p>Mercedes Benz hat zudem ein Preview-Event f\u00fcr 19:30 angek\u00fcndigt, dessen Live-Stream <a href=\"http:\/\/www.daimler.com\/dccom\/de\">hier eingesehen<\/a> werden kann. <\/p>\n<p>Ob auch Daimler seine Carplay-Integragtion w\u00e4hrend der Live-\u00dcbertragung demonstrieren wird, dar\u00fcber schweigen sich die Unternehmenssprecher momentan noch aus, die Chancen stehen jedoch ausgesprochen gut&#8230;<\/p>\n<p><center><\/p>\n<blockquote class=\"twitter-tweet\" lang=\"de\">\n<p>Ab ca. 19 Uhr twittert hier <a href=\"https:\/\/twitter.com\/Nandini_82\">@Nandini_82<\/a> live von der Mercedes-Benz Media Night in Genf <a href=\"https:\/\/twitter.com\/search?q=%23MBGenf&amp;src=hash\">#MBGenf<\/a> <a href=\"https:\/\/twitter.com\/GVAMotorshow\">@GVAMotorshow<\/a><\/p>\n<p>&mdash; Daimler AG (@Daimler) <a href=\"https:\/\/twitter.com\/Daimler\/statuses\/440513528823549952\">3. M\u00e4rz 2014<\/a><\/p><\/blockquote>\n<p><script async src=\"\/\/platform.twitter.com\/widgets.js\" charset=\"utf-8\"><\/script><\/center><\/p>\n","protected":false},"excerpt":{"rendered":"<a href=\"https:\/\/www.iphone-ticker.de\/carplay-volvo-zeigt-video-daimler-streamt-ab-1930-uhr-62025\/\"><img width=\"150\" height=\"150\" src=\"https:\/\/images.iphone-ticker.de\/wp-content\/uploads\/2014\/03\/carplay-karten-150x150.jpg\" class=\"alignright tfe wp-post-image\" alt=\"\" decoding=\"async\" loading=\"lazy\" \/><\/a><p>Am 6. M\u00e4rz \u00f6ffnet der 84. Genfer Autosalon seine Tore. Neben neuen Fahrzeugmodellen, Prototypen und den obligatorischen Concept Cars wird dann auch Apples heute vorgestellte iOS Auto-Integration, Carplay, eine wichtige Rolle spielen. Nachdem Apple die anstehende Verf\u00fcgbarkeit des Carplay-Systems bereits in den fr\u00fchen Morgenstunden mit einer gesonderten Pressemitteilung ank\u00fcndigte, steht inzwischen nicht nur Cupertinos Sonderseite [&hellip;]<\/p>\n","protected":false},"author":1,"featured_media":62026,"comment_status":"open","ping_status":"closed","sticky":false,"template":"","format":"standard","meta":{"footnotes":""},"categories":[489],"tags":[3912,35,2463,1522,1432,5661,1141,710,8,2465],"class_list":["post-62025","post","type-post","status-publish","format-standard","has-post-thumbnail","hentry","category-videos","tag-apple","tag-auto","tag-carplay","tag-daimler","tag-fahrzeug","tag-ios","tag-kfz","tag-mercedes","tag-video","tag-volvo"],"aioseo_notices":[],"featured_image":["http:\/\/www.iphone-ticker.de\/wp-content\/uploads\/2014\/03\/carplay-karten.jpg"],"rest_api_enabler":{"featured_image":"http:\/\/www.iphone-ticker.de\/wp-content\/uploads\/2014\/03\/carplay-karten.jpg"},"_links":{"self":[{"href":"https:\/\/www.iphone-ticker.de\/apiv2\/wp\/v2\/posts\/62025","targetHints":{"allow":["GET"]}}],"collection":[{"href":"https:\/\/www.iphone-ticker.de\/apiv2\/wp\/v2\/posts"}],"about":[{"href":"https:\/\/www.iphone-ticker.de\/apiv2\/wp\/v2\/types\/post"}],"author":[{"embeddable":true,"href":"https:\/\/www.iphone-ticker.de\/apiv2\/wp\/v2\/users\/1"}],"replies":[{"embeddable":true,"href":"https:\/\/www.iphone-ticker.de\/apiv2\/wp\/v2\/comments?post=62025"}],"version-history":[{"count":5,"href":"https:\/\/www.iphone-ticker.de\/apiv2\/wp\/v2\/posts\/62025\/revisions"}],"predecessor-version":[{"id":62102,"href":"https:\/\/www.iphone-ticker.de\/apiv2\/wp\/v2\/posts\/62025\/revisions\/62102"}],"wp:featuredmedia":[{"embeddable":true,"href":"https:\/\/www.iphone-ticker.de\/apiv2\/wp\/v2\/media\/62026"}],"wp:attachment":[{"href":"https:\/\/www.iphone-ticker.de\/apiv2\/wp\/v2\/media?parent=62025"}],"wp:term":[{"taxonomy":"category","embeddable":true,"href":"https:\/\/www.iphone-ticker.de\/apiv2\/wp\/v2\/categories?post=62025"},{"taxonomy":"post_tag","embeddable":true,"href":"https:\/\/www.iphone-ticker.de\/apiv2\/wp\/v2\/tags?post=62025"}],"curies":[{"name":"wp","href":"https:\/\/api.w.org\/{rel}","templated":true}]}}