{"id":61727,"date":"2014-02-26T12:34:19","date_gmt":"2014-02-26T11:34:19","guid":{"rendered":"http:\/\/www.iphone-ticker.de\/?p=61727"},"modified":"2014-02-26T15:11:39","modified_gmt":"2014-02-26T14:11:39","slug":"die-whatsapp-tarife-kommen","status":"publish","type":"post","link":"https:\/\/www.iphone-ticker.de\/die-whatsapp-tarife-kommen-61727\/","title":{"rendered":"Die WhatsApp-Tarife kommen"},"content":{"rendered":"<p>\u00dcber die Ank\u00fcndigung der E-Plus-Gruppe haben wir erst <a href=\"http:\/\/www.iphone-ticker.de\/threema-mit-massivem-nutzer-zuwachs-e-plus-und-whatsapp-kooperieren-61654\/\">gestern berichtet<\/a>. Zuk\u00fcnftig will der Deutsche Mobilfunkanbieter mit WhatsApp kooperieren und langfristig &#8222;exklusive WhatsApp-Angebote im E-Plus-Netz pr\u00e4sentieren.&#8220;<\/p>\n<p>Zu den Details hat sich die hundertprozentige Tochter des niederl\u00e4ndischen Telekommunikationskonzerns KPN zwar noch nicht ge\u00e4u\u00dfert &#8211; ein Blick \u00fcber die Landesgrenzen k\u00f6nnte jedoch dabei helfen, die tendenzielle Richtung des bald startende Angebot einzuordnen.  <\/p>\n<p>So bietet der Schweizer Mobilfunkanbieter MTV-Mobile bereits <a href=\"http:\/\/www.mtvmobile.ch\/mobiltarife\/mtv-mobile-abos\/\">vier Tariflinien<\/a> mit integrierter WhatsApp-Flatrate an. Die vor allem auf jugendliche Nutzer abzielenden Abo-Pakete inkludieren das durch WhatsApp verursachte Datenaufkommen &#8211; in den beiden gro\u00dfen Tarifen sogar im Ausland. <\/p>\n<blockquote><p>Nutze WhatsApp so viel du willst! Dein Datenvolumen wird dabei nicht reduziert. Mit MTV mobile swiss und world kannst du dein WhatsApp sogar im Ausland kostenlos nutzen. Volle Kostenkontrolle im Ausland: Auch mit eingeschaltetem Datenroaming sind im Ausland nur die Inklusivleistungen aktiviert. Dir entstehen keine weiteren Kosten.<\/p><\/blockquote>\n<p>Danke Marko. <\/p>\n<h2>WhatsApp-Tarife aus der Schweiz<\/h2>\n<p><a href=\"http:\/\/www.iphone-ticker.de\/wp-content\/uploads\/2014\/02\/demo.jpg\"><img loading=\"lazy\" decoding=\"async\" src=\"http:\/\/www.iphone-ticker.de\/wp-content\/uploads\/2014\/02\/demo.jpg\" alt=\"demo\" width=\"700\" height=\"780\" class=\"aligncenter size-full wp-image-61728\" srcset=\"https:\/\/images.iphone-ticker.de\/wp-content\/uploads\/2014\/02\/demo.jpg 700w, https:\/\/images.iphone-ticker.de\/wp-content\/uploads\/2014\/02\/demo-269x300.jpg 269w\" sizes=\"auto, (max-width: 700px) 100vw, 700px\" \/><\/a><\/p>\n","protected":false},"excerpt":{"rendered":"<a href=\"https:\/\/www.iphone-ticker.de\/die-whatsapp-tarife-kommen-61727\/\"><img width=\"150\" height=\"150\" src=\"https:\/\/images.iphone-ticker.de\/wp-content\/uploads\/2014\/02\/whats-sprach-150x150.jpg\" class=\"alignright tfe wp-post-image\" alt=\"\" decoding=\"async\" loading=\"lazy\" \/><\/a><p>\u00dcber die Ank\u00fcndigung der E-Plus-Gruppe haben wir erst gestern berichtet. Zuk\u00fcnftig will der Deutsche Mobilfunkanbieter mit WhatsApp kooperieren und langfristig &#8222;exklusive WhatsApp-Angebote im E-Plus-Netz pr\u00e4sentieren.&#8220; Zu den Details hat sich die hundertprozentige Tochter des niederl\u00e4ndischen Telekommunikationskonzerns KPN zwar noch nicht ge\u00e4u\u00dfert &#8211; ein Blick \u00fcber die Landesgrenzen k\u00f6nnte jedoch dabei helfen, die tendenzielle Richtung des [&hellip;]<\/p>\n","protected":false},"author":1,"featured_media":61619,"comment_status":"open","ping_status":"closed","sticky":false,"template":"","format":"standard","meta":{"footnotes":""},"categories":[749,1975],"tags":[1297,48,157,124,12,1260],"class_list":["post-61727","post","type-post","status-publish","format-standard","has-post-thumbnail","hentry","category-iphone-2","category-feature","tag-e-plus","tag-geld","tag-schweiz","tag-tarif","tag-vertrag","tag-whatsapp"],"aioseo_notices":[],"featured_image":["http:\/\/www.iphone-ticker.de\/wp-content\/uploads\/2014\/02\/whats-eplus.jpg"],"rest_api_enabler":{"featured_image":"http:\/\/www.iphone-ticker.de\/wp-content\/uploads\/2014\/02\/whats-eplus.jpg"},"_links":{"self":[{"href":"https:\/\/www.iphone-ticker.de\/apiv2\/wp\/v2\/posts\/61727","targetHints":{"allow":["GET"]}}],"collection":[{"href":"https:\/\/www.iphone-ticker.de\/apiv2\/wp\/v2\/posts"}],"about":[{"href":"https:\/\/www.iphone-ticker.de\/apiv2\/wp\/v2\/types\/post"}],"author":[{"embeddable":true,"href":"https:\/\/www.iphone-ticker.de\/apiv2\/wp\/v2\/users\/1"}],"replies":[{"embeddable":true,"href":"https:\/\/www.iphone-ticker.de\/apiv2\/wp\/v2\/comments?post=61727"}],"version-history":[{"count":3,"href":"https:\/\/www.iphone-ticker.de\/apiv2\/wp\/v2\/posts\/61727\/revisions"}],"predecessor-version":[{"id":61741,"href":"https:\/\/www.iphone-ticker.de\/apiv2\/wp\/v2\/posts\/61727\/revisions\/61741"}],"wp:featuredmedia":[{"embeddable":true,"href":"https:\/\/www.iphone-ticker.de\/apiv2\/wp\/v2\/media\/61619"}],"wp:attachment":[{"href":"https:\/\/www.iphone-ticker.de\/apiv2\/wp\/v2\/media?parent=61727"}],"wp:term":[{"taxonomy":"category","embeddable":true,"href":"https:\/\/www.iphone-ticker.de\/apiv2\/wp\/v2\/categories?post=61727"},{"taxonomy":"post_tag","embeddable":true,"href":"https:\/\/www.iphone-ticker.de\/apiv2\/wp\/v2\/tags?post=61727"}],"curies":[{"name":"wp","href":"https:\/\/api.w.org\/{rel}","templated":true}]}}