{"id":6110,"date":"2009-04-28T14:48:56","date_gmt":"2009-04-28T12:48:56","guid":{"rendered":"http:\/\/www.iphone-ticker.de\/2009\/04\/28\/70e-applecare-protection-plan-fur-den-iphone\/"},"modified":"2009-04-28T15:19:15","modified_gmt":"2009-04-28T13:19:15","slug":"70e-applecare-protection-plan-fur-den-iphone","status":"publish","type":"post","link":"https:\/\/www.iphone-ticker.de\/70e-applecare-protection-plan-fur-den-iphone-6110\/","title":{"rendered":"70\u20ac: &#8222;AppleCare Protection Plan f\u00fcr den iPhone&#8220;"},"content":{"rendered":"<p>Seit heute in <a href=\"http:\/\/tracker.tradedoubler.com\/click?p=3469&amp;a=747172&amp;url=http:\/\/store.apple.com\/Apple\/WebObjects\/germanstore?&amp;productLearnMore=MC005\">Apples Online-Store verf\u00fcgbar<\/a>, gibt es den AppleCare Protection Plan f\u00fcr das iPhone nun auch hierzulande. Kostenpunkt: 69\u20ac. Das Care-Paket erweitert die Werksgarantie des Ger\u00e4tes um ein zus\u00e4tzliches, auf insgesammt zwei Jahre und k\u00fcmmert sich neben dem Handy auch um den iPhone-Akku sowie mitgeliefertes Zubeh\u00f6r wie z. B. den Ohrh\u00f6rer und das USB-Kabel.<\/p>\n<p style=\"text-align: center\"><a href=\"http:\/\/tracker.tradedoubler.com\/click?p=3469&amp;a=747172&amp;url=http:\/\/store.apple.com\/Apple\/WebObjects\/germanstore?&amp;productLearnMore=MC005\"><img decoding=\"async\" src=\"http:\/\/www.iphone-ticker.de\/wp-content\/uploads\/2009\/04\/applecare.jpg\" alt=\"applecare.jpg\" \/><\/a><\/p>\n<blockquote><p><em>&#8222;Sie k\u00f6nnen den AppleCare Protection Plan nur w\u00e4hrend der Laufzeit der allgemeinen, eingeschr\u00e4nkten Ein-Jahres-Garantie Ihres iPhones erwerben.&#8220;<\/em><\/p><\/blockquote>\n<p>Danke Daniel.<\/p>\n","protected":false},"excerpt":{"rendered":"<a href=\"https:\/\/www.iphone-ticker.de\/70e-applecare-protection-plan-fur-den-iphone-6110\/\"><img decoding=\"async\" width=\"150\" src=\"http:\/\/www.iphone-ticker.de\/wp-content\/uploads\/2009\/04\/applecare.jpg\" class=\"alignright wp-post-image tfe\" alt=\"applecare.jpg\" title=\"\" \/><\/a><p>Seit heute in Apples Online-Store verf\u00fcgbar, gibt es den AppleCare Protection Plan f\u00fcr das iPhone nun auch hierzulande. Kostenpunkt: 69\u20ac. Das Care-Paket erweitert die Werksgarantie des Ger\u00e4tes um ein zus\u00e4tzliches, auf insgesammt zwei Jahre und k\u00fcmmert sich neben dem Handy auch um den iPhone-Akku sowie mitgeliefertes Zubeh\u00f6r wie z. B. den Ohrh\u00f6rer und das USB-Kabel. [&hellip;]<\/p>\n","protected":false},"author":1,"featured_media":0,"comment_status":"open","ping_status":"closed","sticky":false,"template":"","format":"standard","meta":{"footnotes":""},"categories":[1],"tags":[3912,200],"class_list":["post-6110","post","type-post","status-publish","format-standard","hentry","category-news","tag-apple","tag-apple-store"],"aioseo_notices":[],"rest_api_enabler":[],"_links":{"self":[{"href":"https:\/\/www.iphone-ticker.de\/apiv2\/wp\/v2\/posts\/6110","targetHints":{"allow":["GET"]}}],"collection":[{"href":"https:\/\/www.iphone-ticker.de\/apiv2\/wp\/v2\/posts"}],"about":[{"href":"https:\/\/www.iphone-ticker.de\/apiv2\/wp\/v2\/types\/post"}],"author":[{"embeddable":true,"href":"https:\/\/www.iphone-ticker.de\/apiv2\/wp\/v2\/users\/1"}],"replies":[{"embeddable":true,"href":"https:\/\/www.iphone-ticker.de\/apiv2\/wp\/v2\/comments?post=6110"}],"version-history":[{"count":0,"href":"https:\/\/www.iphone-ticker.de\/apiv2\/wp\/v2\/posts\/6110\/revisions"}],"wp:attachment":[{"href":"https:\/\/www.iphone-ticker.de\/apiv2\/wp\/v2\/media?parent=6110"}],"wp:term":[{"taxonomy":"category","embeddable":true,"href":"https:\/\/www.iphone-ticker.de\/apiv2\/wp\/v2\/categories?post=6110"},{"taxonomy":"post_tag","embeddable":true,"href":"https:\/\/www.iphone-ticker.de\/apiv2\/wp\/v2\/tags?post=6110"}],"curies":[{"name":"wp","href":"https:\/\/api.w.org\/{rel}","templated":true}]}}