{"id":6098,"date":"2009-04-28T08:55:29","date_gmt":"2009-04-28T06:55:29","guid":{"rendered":"http:\/\/www.iphone-ticker.de\/2009\/04\/28\/geruchte-um-iphone-lite-und-media-pad-von-apple\/"},"modified":"2009-04-28T08:55:29","modified_gmt":"2009-04-28T06:55:29","slug":"geruchte-um-iphone-lite-und-media-pad-von-apple","status":"publish","type":"post","link":"https:\/\/www.iphone-ticker.de\/geruchte-um-iphone-lite-und-media-pad-von-apple-6098\/","title":{"rendered":"Ger\u00fcchte um iPhone lite und Media Pad von Apple"},"content":{"rendered":"<p>Etwas mehr als einen Monat vor der am 8. Juni in San Francisco beginnenden Apple Entwicklerkonferenz WWDC kommt ordentlich Bewegung in die Ger\u00fcchtek\u00fcche.<\/p>\n<p>\nLaut Quellen der <a href=\"http:\/\/www.businessweek.com\/technology\/content\/apr2009\/tc20090427_328264.htm?chan=top\" target=\"_blank\">BusinessWeek<\/a> spricht Apple derzeit mit dem US-Mobilfunkkonzern Verizon \u00fcber den gemeinsamen Vertrieb von zwei neuen Ger\u00e4ten: Einem kleinen und g\u00fcnstigen Mobiltelefon, auf das die Beschreibung &#8222;iPhone lite&#8220; ganz gut passen soll, sowie einem als &#8222;Apple Media Pad&#8220; bezeichneten Ger\u00e4t, dass sich von der Gr\u00f6\u00dfe her irgendwo zwischen dem iPhone und einem Netbook bewegt und dessen Oberfl\u00e4che komplett aus einem ber\u00fchrungsempfindlichen Bildschirm besteht. Von der Funktionalit\u00e4t her darf man sich das Ger\u00e4t als vergr\u00f6\u00dferten iPod touch vorstellen, also Musik, Fotos, HD-Video und &#8211; dies erw\u00e4hnt die BusinessWeek explizit &#8211; Telefonate \u00fcber Wi-Fi.<\/p>\n<p>\nBislang handelt es sich wie gesagt um unbest\u00e4tigte Ger\u00fcchte, unwahrscheinlich sind diese dagegen ganz und gar nicht. Nach iPod und iPhone k\u00f6nnte Apple mit dem richtigen Ger\u00e4t den n\u00e4chsten Meilenstein setzen. Eine Person, die das Media Pad angeblich gesehen hat, wird von der BusinessWeek wie folgt zitiert: <i>&#8222;We are talking about a device where people will say, &#8218;Damn, why didn&#8217;t we do this?&#8216; Apple is probably going to define the damn category.&#8220;<\/i><\/p>\n","protected":false},"excerpt":{"rendered":"<p>Etwas mehr als einen Monat vor der am 8. Juni in San Francisco beginnenden Apple Entwicklerkonferenz WWDC kommt ordentlich Bewegung in die Ger\u00fcchtek\u00fcche. Laut Quellen der BusinessWeek spricht Apple derzeit mit dem US-Mobilfunkkonzern Verizon \u00fcber den gemeinsamen Vertrieb von zwei neuen Ger\u00e4ten: Einem kleinen und g\u00fcnstigen Mobiltelefon, auf das die Beschreibung &#8222;iPhone lite&#8220; ganz gut [&hellip;]<\/p>\n","protected":false},"author":2,"featured_media":0,"comment_status":"open","ping_status":"closed","sticky":false,"template":"","format":"standard","meta":{"footnotes":""},"categories":[1],"tags":[3910],"class_list":["post-6098","post","type-post","status-publish","format-standard","hentry","category-news","tag-rumors"],"aioseo_notices":[],"rest_api_enabler":[],"_links":{"self":[{"href":"https:\/\/www.iphone-ticker.de\/apiv2\/wp\/v2\/posts\/6098","targetHints":{"allow":["GET"]}}],"collection":[{"href":"https:\/\/www.iphone-ticker.de\/apiv2\/wp\/v2\/posts"}],"about":[{"href":"https:\/\/www.iphone-ticker.de\/apiv2\/wp\/v2\/types\/post"}],"author":[{"embeddable":true,"href":"https:\/\/www.iphone-ticker.de\/apiv2\/wp\/v2\/users\/2"}],"replies":[{"embeddable":true,"href":"https:\/\/www.iphone-ticker.de\/apiv2\/wp\/v2\/comments?post=6098"}],"version-history":[{"count":0,"href":"https:\/\/www.iphone-ticker.de\/apiv2\/wp\/v2\/posts\/6098\/revisions"}],"wp:attachment":[{"href":"https:\/\/www.iphone-ticker.de\/apiv2\/wp\/v2\/media?parent=6098"}],"wp:term":[{"taxonomy":"category","embeddable":true,"href":"https:\/\/www.iphone-ticker.de\/apiv2\/wp\/v2\/categories?post=6098"},{"taxonomy":"post_tag","embeddable":true,"href":"https:\/\/www.iphone-ticker.de\/apiv2\/wp\/v2\/tags?post=6098"}],"curies":[{"name":"wp","href":"https:\/\/api.w.org\/{rel}","templated":true}]}}