{"id":5780,"date":"2009-03-30T15:15:57","date_gmt":"2009-03-30T13:15:57","guid":{"rendered":"http:\/\/www.iphone-ticker.de\/2009\/03\/30\/fahrinfo-berlin-neuer-apple-werbespot\/"},"modified":"2009-03-30T15:15:57","modified_gmt":"2009-03-30T13:15:57","slug":"fahrinfo-berlin-neuer-apple-werbespot","status":"publish","type":"post","link":"https:\/\/www.iphone-ticker.de\/fahrinfo-berlin-neuer-apple-werbespot-5780\/","title":{"rendered":"FahrInfo Berlin: Neuer Apple-Werbespot"},"content":{"rendered":"<p>Seit knapp zwei Wochen im Fernsehen zu begutachten, widmet sich Apples aktuelle Werbekampagne weiterhin den unterschiedlichen AppStore-Downloads und r\u00fcckt momentan die kostenlos erh\u00e4ltliche Applikation FahrInfo Berlin (<a href=\"http%3A%2F%2Fitunes.apple.com%2FWebObjects%2FMZStore.woa%2Fwa%2FviewSoftware%3Fid%3D284971745%26mt%3D8%26partnerId%3D2003\">AppStore-Link<\/a>) ins Rampenlicht. Der Clip ist seit heute fr\u00fch in Apples <a href=\"http:\/\/www.apple.com\/de\/iphone\/gallery\/ads\/\">&#8222;TV Ads&#8220;-Galerie<\/a> verf\u00fcgbar. Wir haben das Video auf <a href=\"http:\/\/www.viddler.com\/explore\/iFUN\/videos\/80\/\">Viddler<\/a> geschoben und unten eingebettet. Hier noch die drei Januar-Clips: &#8222;<a href=\"http:\/\/www.iphone-ticker.de\/2009\/01\/26\/neues-werbevideo-von-apple-read\/\">Read<\/a>&#8220; &#8222;<a href=\"http:\/\/www.iphone-ticker.de\/2009\/01\/27\/zweites-neues-werbevideo-von-apple-fix\/\">Fix<\/a>&#8220; und &#8222;<a href=\"http:\/\/www.iphone-ticker.de\/2009\/01\/28\/drittes-januar-werbevideo-von-apple-check\/\">Check<\/a>&#8222;.<\/p>\n<p><center><object classid=\"clsid:D27CDB6E-AE6D-11cf-96B8-444553540000\" width=\"545\" height=\"329\" id=\"viddler_bede9230\"><param name=\"wmode\" value=\"transparent\" \/><param name=\"movie\" value=\"http:\/\/www.viddler.com\/simple\/bede9230\/\" \/><param name=\"allowScriptAccess\" value=\"always\" \/><param name=\"allowFullScreen\" value=\"true\" \/><div class=\"responsive-video\"><embed src=\"http:\/\/www.viddler.com\/simple\/bede9230\/\" width=\"545\" height=\"329\" type=\"application\/x-shockwave-flash\" allowScriptAccess=\"always\" allowFullScreen=\"true\" name=\"viddler_bede9230\" wmode=\"transparent\"><\/embed><\/div><\/object><\/center><\/p>\n","protected":false},"excerpt":{"rendered":"<p>Seit knapp zwei Wochen im Fernsehen zu begutachten, widmet sich Apples aktuelle Werbekampagne weiterhin den unterschiedlichen AppStore-Downloads und r\u00fcckt momentan die kostenlos erh\u00e4ltliche Applikation FahrInfo Berlin (AppStore-Link) ins Rampenlicht. Der Clip ist seit heute fr\u00fch in Apples &#8222;TV Ads&#8220;-Galerie verf\u00fcgbar. Wir haben das Video auf Viddler geschoben und unten eingebettet. Hier noch die drei Januar-Clips: [&hellip;]<\/p>\n","protected":false},"author":1,"featured_media":0,"comment_status":"open","ping_status":"open","sticky":false,"template":"","format":"standard","meta":{"footnotes":""},"categories":[1],"tags":[666,3912,3914,8,9],"class_list":["post-5780","post","type-post","status-publish","format-standard","hentry","category-news","tag-app-store","tag-apple","tag-apps","tag-video","tag-werbung"],"aioseo_notices":[],"rest_api_enabler":[],"_links":{"self":[{"href":"https:\/\/www.iphone-ticker.de\/apiv2\/wp\/v2\/posts\/5780","targetHints":{"allow":["GET"]}}],"collection":[{"href":"https:\/\/www.iphone-ticker.de\/apiv2\/wp\/v2\/posts"}],"about":[{"href":"https:\/\/www.iphone-ticker.de\/apiv2\/wp\/v2\/types\/post"}],"author":[{"embeddable":true,"href":"https:\/\/www.iphone-ticker.de\/apiv2\/wp\/v2\/users\/1"}],"replies":[{"embeddable":true,"href":"https:\/\/www.iphone-ticker.de\/apiv2\/wp\/v2\/comments?post=5780"}],"version-history":[{"count":0,"href":"https:\/\/www.iphone-ticker.de\/apiv2\/wp\/v2\/posts\/5780\/revisions"}],"wp:attachment":[{"href":"https:\/\/www.iphone-ticker.de\/apiv2\/wp\/v2\/media?parent=5780"}],"wp:term":[{"taxonomy":"category","embeddable":true,"href":"https:\/\/www.iphone-ticker.de\/apiv2\/wp\/v2\/categories?post=5780"},{"taxonomy":"post_tag","embeddable":true,"href":"https:\/\/www.iphone-ticker.de\/apiv2\/wp\/v2\/tags?post=5780"}],"curies":[{"name":"wp","href":"https:\/\/api.w.org\/{rel}","templated":true}]}}