{"id":57682,"date":"2013-11-28T09:50:12","date_gmt":"2013-11-28T08:50:12","guid":{"rendered":"http:\/\/www.iphone-ticker.de\/?p=57682"},"modified":"2013-11-28T13:06:40","modified_gmt":"2013-11-28T12:06:40","slug":"e-plus-wird-6x-schneller-ab-dezember-42-mbits-im-umts-netz-fuer-alle-kunden","status":"publish","type":"post","link":"https:\/\/www.iphone-ticker.de\/e-plus-wird-6x-schneller-ab-dezember-42-mbits-im-umts-netz-fuer-alle-kunden-57682\/","title":{"rendered":"E-Plus wird 6x schneller: Ab Dezember 42 MBit\/s im UMTS-Netz f\u00fcr alle Kunden"},"content":{"rendered":"<p>Fast die H\u00e4lfte ihres Konzern-Umsatzes, zuletzt gut 46%, generiert die E-Plus Gruppe durch ihre Datenangebote. Ein Kuh die nicht nur gemolken, sondern auch gepflegt werden will. Genau darum soll sich jetzt die &#8222;Highspeed f\u00fcr Jedermann&#8220;-Initiative k\u00fcmmern. <\/p>\n<p><a href=\"http:\/\/www.iphone-ticker.de\/wp-content\/uploads\/2013\/11\/Daten.jpg\"><img loading=\"lazy\" decoding=\"async\" src=\"http:\/\/www.iphone-ticker.de\/wp-content\/uploads\/2013\/11\/Daten.jpg\" alt=\"Daten\" width=\"500\" height=\"278\" class=\"aligncenter size-full wp-image-57683\" srcset=\"https:\/\/images.iphone-ticker.de\/wp-content\/uploads\/2013\/11\/Daten.jpg 500w, https:\/\/images.iphone-ticker.de\/wp-content\/uploads\/2013\/11\/Daten-300x166.jpg 300w\" sizes=\"auto, (max-width: 500px) 100vw, 500px\" \/><\/a><\/p>\n<p>Als erster Netzbetreiber im deutschen Mobilfunknetz wird E-Plus ab dem kommenden Monat die h\u00f6heren Datengeschwindigkeiten nicht mehr an teurere Tarife koppeln. Nach der <a href=\"http:\/\/www.iphone-ticker.de\/dual-cell-mit-bis-zu-42-mbits-e-plus-beschleunigt-netz-fuer-iphone-5-nutzer-52309\/\">Dual Cell-Umstellung<\/a>, die zweite gute News aus dem E-Plus Umfeld. <\/p>\n<blockquote><p>Ab Dezember bekommen deshalb alle Prepaid- und Vertragskunden die maximal verf\u00fcgbare Leistung des deutlich aufger\u00fcsteten UMTS-Datennetzes von E-Plus \u2013 unabh\u00e4ngig von ihren gew\u00e4hlten Tarifen und erst einmal bis Mitte des kommenden Jahres. [&#8230;] alle Kunden im E-Plus Netz werden ohne Zusatzkosten f\u00fcr die h\u00f6chste verf\u00fcgbare Geschwindigkeitsklasse bis zu 42 Mbit\/s freigeschaltet. E-Plus setzt damit die in der Branche typischerweise geltenden Leistungsbegrenzungen von 3,6 bis 21,6 MBit\/s f\u00fcr die eigenen Tarife au\u00dfer Kraft.<\/p><\/blockquote>\n<p>Markige Worte, bei denen die Befristung der Umstellung fast ein wenig zu kurz kommt. So weist E-Plus im Kleingedruckten noch mal explizit auf die R\u00fcckstufung zur normalen Geschwindigkeit Mitte 2014 hin. Ab dem 01.07.2014 soll dann wieder die urspr\u00fcnglich im Tarif vereinbarten Surfgeschwindigkeit gelten. Hier will euch jemand anfixen.<\/p>\n<p><a href=\"http:\/\/www.iphone-ticker.de\/wp-content\/uploads\/2013\/08\/eplus.jpg\"><img loading=\"lazy\" decoding=\"async\" src=\"http:\/\/www.iphone-ticker.de\/wp-content\/uploads\/2013\/08\/eplus.jpg\" alt=\"eplus\" width=\"640\" height=\"252\" class=\"aligncenter size-full wp-image-52310\" srcset=\"https:\/\/images.iphone-ticker.de\/wp-content\/uploads\/2013\/08\/eplus.jpg 640w, https:\/\/images.iphone-ticker.de\/wp-content\/uploads\/2013\/08\/eplus-300x118.jpg 300w\" sizes=\"auto, (max-width: 640px) 100vw, 640px\" \/><\/a><\/p>\n<p>Das Inklusiv-Volumen der E-Plus Nutzer wird \u00fcbrigens nicht erh\u00f6ht. Die Daten kommen jetzt zwar schneller durch die Leitung &#8211; mehr Daten werden es aber nicht. <\/p>\n","protected":false},"excerpt":{"rendered":"<a href=\"https:\/\/www.iphone-ticker.de\/e-plus-wird-6x-schneller-ab-dezember-42-mbits-im-umts-netz-fuer-alle-kunden-57682\/\"><img width=\"150\" height=\"150\" src=\"https:\/\/images.iphone-ticker.de\/wp-content\/uploads\/2013\/11\/eplus.jpg\" class=\"alignright tfe wp-post-image\" alt=\"\" decoding=\"async\" loading=\"lazy\" \/><\/a><p>Fast die H\u00e4lfte ihres Konzern-Umsatzes, zuletzt gut 46%, generiert die E-Plus Gruppe durch ihre Datenangebote. Ein Kuh die nicht nur gemolken, sondern auch gepflegt werden will. Genau darum soll sich jetzt die &#8222;Highspeed f\u00fcr Jedermann&#8220;-Initiative k\u00fcmmern. Als erster Netzbetreiber im deutschen Mobilfunknetz wird E-Plus ab dem kommenden Monat die h\u00f6heren Datengeschwindigkeiten nicht mehr an teurere [&hellip;]<\/p>\n","protected":false},"author":1,"featured_media":57701,"comment_status":"open","ping_status":"closed","sticky":false,"template":"","format":"standard","meta":{"footnotes":""},"categories":[749],"tags":[1297,1559,124,156,12],"class_list":["post-57682","post","type-post","status-publish","format-standard","has-post-thumbnail","hentry","category-iphone-2","tag-e-plus","tag-geschwindigkeit","tag-tarif","tag-umts","tag-vertrag"],"aioseo_notices":[],"featured_image":["http:\/\/www.iphone-ticker.de\/wp-content\/uploads\/2013\/11\/daten-turbo.jpg"],"rest_api_enabler":{"featured_image":"http:\/\/www.iphone-ticker.de\/wp-content\/uploads\/2013\/11\/daten-turbo.jpg"},"_links":{"self":[{"href":"https:\/\/www.iphone-ticker.de\/apiv2\/wp\/v2\/posts\/57682","targetHints":{"allow":["GET"]}}],"collection":[{"href":"https:\/\/www.iphone-ticker.de\/apiv2\/wp\/v2\/posts"}],"about":[{"href":"https:\/\/www.iphone-ticker.de\/apiv2\/wp\/v2\/types\/post"}],"author":[{"embeddable":true,"href":"https:\/\/www.iphone-ticker.de\/apiv2\/wp\/v2\/users\/1"}],"replies":[{"embeddable":true,"href":"https:\/\/www.iphone-ticker.de\/apiv2\/wp\/v2\/comments?post=57682"}],"version-history":[{"count":2,"href":"https:\/\/www.iphone-ticker.de\/apiv2\/wp\/v2\/posts\/57682\/revisions"}],"predecessor-version":[{"id":57702,"href":"https:\/\/www.iphone-ticker.de\/apiv2\/wp\/v2\/posts\/57682\/revisions\/57702"}],"wp:featuredmedia":[{"embeddable":true,"href":"https:\/\/www.iphone-ticker.de\/apiv2\/wp\/v2\/media\/57701"}],"wp:attachment":[{"href":"https:\/\/www.iphone-ticker.de\/apiv2\/wp\/v2\/media?parent=57682"}],"wp:term":[{"taxonomy":"category","embeddable":true,"href":"https:\/\/www.iphone-ticker.de\/apiv2\/wp\/v2\/categories?post=57682"},{"taxonomy":"post_tag","embeddable":true,"href":"https:\/\/www.iphone-ticker.de\/apiv2\/wp\/v2\/tags?post=57682"}],"curies":[{"name":"wp","href":"https:\/\/api.w.org\/{rel}","templated":true}]}}