{"id":56971,"date":"2013-11-12T17:38:49","date_gmt":"2013-11-12T16:38:49","guid":{"rendered":"http:\/\/www.iphone-ticker.de\/?p=56971"},"modified":"2013-11-13T08:53:53","modified_gmt":"2013-11-13T07:53:53","slug":"video-jony-ive-ueber-das-beste-in-sachen-design-und-innovation","status":"publish","type":"post","link":"https:\/\/www.iphone-ticker.de\/video-jony-ive-ueber-das-beste-in-sachen-design-und-innovation-56971\/","title":{"rendered":"Video: Jony Ive \u00fcber &#8222;Das Beste in Sachen Design und Innovation&#8220;"},"content":{"rendered":"<p>Am 23. November wird das <a href=\"http:\/\/www.sothebys.com\/\">Auktionshaus Sotheby\u2019s<\/a> unter anderem den roten Mac Pro des Apple Chef-Designers Jony Ive versteigern und die auf der Charity-Veranstaltung eingefahrenen Erl\u00f6se, anschlie\u00dfend in den Kampf gegen AIDS, Tuberkulose und Malaria investieren. Ein nettes Projekt. <\/p>\n<p>Ives personalisierter Mac Pro (der Ladenpreis des neuen Apple-Rechners wird bei ca. $2.999 liegen) d\u00fcrfte f\u00fcr gesch\u00e4tzte $60.000 unter den Hammer kommen und damit zus\u00e4tzliche Aufmerksamkeit f\u00fcr das auch von Apple unterst\u00fctzte &#8222;Project (RED)&#8220; generieren. <\/p>\n<p>Zwei Wochen vor der Sonder-Auktion hat Sotheby\u2019s jetzt ein Promo-Video mit dem Hauptverantwortlichen des neuen iOS 7-Looks ver\u00f6ffentlicht und l\u00e4sst sowohl Ive als auch U2s Bono und den Produkt-Designer Marc Newson zu Wort kommen. F\u00fcnf kurzweilige Minuten, die euch Ives pers\u00f6nlichen Geschmack n\u00e4her bringen und Apples Ausnahme-Gestalter einmal au\u00dferhalb des Cupertino-Kontext zeigen. <\/p>\n<p><div class=\"responsive-video\"><iframe loading=\"lazy\" width=\"700\" height=\"371\" src=\"http:\/\/www.youtube-nocookie.com\/embed\/OF1ZzrKpnjg\" frameborder=\"0\" allowfullscreen><\/iframe><\/div> (<a href=\"http:\/\/youtu.be\/OF1ZzrKpnjg\">Direkt-Link<\/a>)<\/p>\n<p>Danke Marco &#8211; <a href=\"http:\/\/mashable.com\/2013\/11\/11\/apples-jony-ive-rare-video\/\">via mashable<\/a><\/p>\n","protected":false},"excerpt":{"rendered":"<a href=\"https:\/\/www.iphone-ticker.de\/video-jony-ive-ueber-das-beste-in-sachen-design-und-innovation-56971\/\"><img width=\"150\" height=\"150\" src=\"https:\/\/images.iphone-ticker.de\/wp-content\/uploads\/2013\/11\/ive1-150x150.jpg\" class=\"alignright tfe wp-post-image\" alt=\"\" decoding=\"async\" loading=\"lazy\" \/><\/a><p>Am 23. November wird das Auktionshaus Sotheby\u2019s unter anderem den roten Mac Pro des Apple Chef-Designers Jony Ive versteigern und die auf der Charity-Veranstaltung eingefahrenen Erl\u00f6se, anschlie\u00dfend in den Kampf gegen AIDS, Tuberkulose und Malaria investieren. Ein nettes Projekt. Ives personalisierter Mac Pro (der Ladenpreis des neuen Apple-Rechners wird bei ca. $2.999 liegen) d\u00fcrfte f\u00fcr [&hellip;]<\/p>\n","protected":false},"author":1,"featured_media":56972,"comment_status":"open","ping_status":"closed","sticky":false,"template":"","format":"standard","meta":{"footnotes":""},"categories":[489],"tags":[3912,78,2318,8],"class_list":["post-56971","post","type-post","status-publish","format-standard","has-post-thumbnail","hentry","category-videos","tag-apple","tag-design","tag-jony-ive","tag-video"],"aioseo_notices":[],"featured_image":["http:\/\/www.iphone-ticker.de\/wp-content\/uploads\/2013\/11\/ive1.jpg"],"rest_api_enabler":{"featured_image":"http:\/\/www.iphone-ticker.de\/wp-content\/uploads\/2013\/11\/ive1.jpg"},"_links":{"self":[{"href":"https:\/\/www.iphone-ticker.de\/apiv2\/wp\/v2\/posts\/56971","targetHints":{"allow":["GET"]}}],"collection":[{"href":"https:\/\/www.iphone-ticker.de\/apiv2\/wp\/v2\/posts"}],"about":[{"href":"https:\/\/www.iphone-ticker.de\/apiv2\/wp\/v2\/types\/post"}],"author":[{"embeddable":true,"href":"https:\/\/www.iphone-ticker.de\/apiv2\/wp\/v2\/users\/1"}],"replies":[{"embeddable":true,"href":"https:\/\/www.iphone-ticker.de\/apiv2\/wp\/v2\/comments?post=56971"}],"version-history":[{"count":3,"href":"https:\/\/www.iphone-ticker.de\/apiv2\/wp\/v2\/posts\/56971\/revisions"}],"predecessor-version":[{"id":56976,"href":"https:\/\/www.iphone-ticker.de\/apiv2\/wp\/v2\/posts\/56971\/revisions\/56976"}],"wp:featuredmedia":[{"embeddable":true,"href":"https:\/\/www.iphone-ticker.de\/apiv2\/wp\/v2\/media\/56972"}],"wp:attachment":[{"href":"https:\/\/www.iphone-ticker.de\/apiv2\/wp\/v2\/media?parent=56971"}],"wp:term":[{"taxonomy":"category","embeddable":true,"href":"https:\/\/www.iphone-ticker.de\/apiv2\/wp\/v2\/categories?post=56971"},{"taxonomy":"post_tag","embeddable":true,"href":"https:\/\/www.iphone-ticker.de\/apiv2\/wp\/v2\/tags?post=56971"}],"curies":[{"name":"wp","href":"https:\/\/api.w.org\/{rel}","templated":true}]}}