{"id":56052,"date":"2013-10-22T17:39:47","date_gmt":"2013-10-22T15:39:47","guid":{"rendered":"http:\/\/www.iphone-ticker.de\/?p=56052"},"modified":"2013-10-22T17:39:47","modified_gmt":"2013-10-22T15:39:47","slug":"das-ist-apples-neue-retail-chefin-angela-ahrendts-im-video","status":"publish","type":"post","link":"https:\/\/www.iphone-ticker.de\/das-ist-apples-neue-retail-chefin-angela-ahrendts-im-video-56052\/","title":{"rendered":"Das ist Apples neue Retail-Chefin: Angela Ahrendts im Video"},"content":{"rendered":"<p>Den Neuzugang in der Firmenspitze hat Apple vor rund einer Woche <a href=\"https:\/\/www.apple.com\/pr\/library\/2013\/10\/15Angela-Ahrendts-to-Join-Apple-as-Senior-Vice-President-of-Retail-and-Online-Stores.html\">kommuniziert<\/a>: Angela Ahrendts, die <a href=\"https:\/\/en.wikipedia.org\/wiki\/Angela_Ahrendts\">1960 geborene<\/a> Amerikanerin, soll sich zuk\u00fcnftig um Apples Filial-Gesch\u00e4fte k\u00fcmmern. Die ehemalige Burberry-Chefin verl\u00e4sst mit der Besetzung der Apple-Position nicht nur ihren CEO-Posten bei dem Fashion-Label, deren Geschicke sie seit sieben Jahren mitbestimmte, sondern tritt auch ein schweres Erbe an.<\/p>\n<p>Ahrendts Vorg\u00e4nger, John Browett, hielt sich als Store Manager Apples &#8211; offiziell als &#8222;Senior Vice President of Retail and Online Stores&#8220; &#8211; nur gut sechs Monate im Amt. Kritiker warfen Browett vor, der guten Stimmung in den Filialgesch\u00e4fte durch K\u00fcrzungen an den Mitarbeiter-Geh\u00e4ltern geschadet zu haben. Auch soll Browett versucht haben Apples Retail-Filialen mit Einsparungen ertragreicher zu machen und zog damit missmutige Blicke aus der Firmenspitze auf sich.<\/p>\n<p>Ahrendts soll Apples Retail-Einheit nun wieder wie in alten Tagen f\u00fchren und an die Apple Store-Philosophie von Browetts Vorg\u00e4nger, Ron Johnson, ankn\u00fcpfen. Im Januar 2000 als Apples &#8222;Senior Vice President of Retail Operations&#8220; aufgestellt, sorgte Johnson f\u00fcr ein massives Umsatzplus, gut bezahlte Arbeiter, fast schon \u00fcberbesetzte Stores und den inzwischen landl\u00e4ufigen Ruf der Apple-Filialen, zwar durchaus prall gef\u00fcllt zu sein, gleichzeitig aber durch einen \u00fcberdurchschnittlich guten, Branchen-untypischen Kundenservice zu gl\u00e4nzen.<\/p>\n<p>Ahrendts pers\u00f6nliche Entwicklung darf also mit Spannung beobachtet werden. Zum Kennenlernen der neuen Retail-Chefin bietet sich das unten eingebettete Youtube-Video &#8222;Burberry&#8217;s Social Story&#8220; an.<\/p>\n<p>Vor rund einem Jahr ver\u00f6ffentlicht und heute vom <a href=\"http:\/\/tech.fortune.cnn.com\/2013\/10\/22\/apple-ahrendts-video-social\/\">Forbes Magazin<\/a> aufgesp\u00fcrt, l\u00e4sst der Clip das Selbstverst\u00e4ndnis Ahrendts durchblitzen.<\/p>\n<blockquote><p>&#8222;I grew up in a physical world, and I speak English. The next generation is growing up in a digital world, and they speak social.&#8220;<\/p><\/blockquote>\n<p><div class=\"responsive-video\"><iframe loading=\"lazy\" width=\"700\" height=\"371\" src=\"http:\/\/www.youtube-nocookie.com\/embed\/DzBIYwZsut0\" frameborder=\"0\" allowfullscreen><\/iframe><\/div> (<a href=\"http:\/\/youtu.be\/DzBIYwZsut0\">Direkt-Link<\/a>)<\/p>\n","protected":false},"excerpt":{"rendered":"<a href=\"https:\/\/www.iphone-ticker.de\/das-ist-apples-neue-retail-chefin-angela-ahrendts-im-video-56052\/\"><img width=\"150\" height=\"150\" src=\"https:\/\/images.iphone-ticker.de\/wp-content\/uploads\/2013\/10\/angela-150x150.jpg\" class=\"alignright tfe wp-post-image\" alt=\"\" decoding=\"async\" loading=\"lazy\" \/><\/a><p>Den Neuzugang in der Firmenspitze hat Apple vor rund einer Woche kommuniziert: Angela Ahrendts, die 1960 geborene Amerikanerin, soll sich zuk\u00fcnftig um Apples Filial-Gesch\u00e4fte k\u00fcmmern. Die ehemalige Burberry-Chefin verl\u00e4sst mit der Besetzung der Apple-Position nicht nur ihren CEO-Posten bei dem Fashion-Label, deren Geschicke sie seit sieben Jahren mitbestimmte, sondern tritt auch ein schweres Erbe an. [&hellip;]<\/p>\n","protected":false},"author":1,"featured_media":56053,"comment_status":"open","ping_status":"closed","sticky":false,"template":"","format":"standard","meta":{"footnotes":""},"categories":[14],"tags":[3912,200,8],"class_list":["post-56052","post","type-post","status-publish","format-standard","has-post-thumbnail","hentry","category-apple","tag-apple","tag-apple-store","tag-video"],"aioseo_notices":[],"featured_image":["http:\/\/www.iphone-ticker.de\/wp-content\/uploads\/2013\/10\/angela.jpg"],"rest_api_enabler":{"featured_image":"http:\/\/www.iphone-ticker.de\/wp-content\/uploads\/2013\/10\/angela.jpg"},"_links":{"self":[{"href":"https:\/\/www.iphone-ticker.de\/apiv2\/wp\/v2\/posts\/56052","targetHints":{"allow":["GET"]}}],"collection":[{"href":"https:\/\/www.iphone-ticker.de\/apiv2\/wp\/v2\/posts"}],"about":[{"href":"https:\/\/www.iphone-ticker.de\/apiv2\/wp\/v2\/types\/post"}],"author":[{"embeddable":true,"href":"https:\/\/www.iphone-ticker.de\/apiv2\/wp\/v2\/users\/1"}],"replies":[{"embeddable":true,"href":"https:\/\/www.iphone-ticker.de\/apiv2\/wp\/v2\/comments?post=56052"}],"version-history":[{"count":1,"href":"https:\/\/www.iphone-ticker.de\/apiv2\/wp\/v2\/posts\/56052\/revisions"}],"predecessor-version":[{"id":56054,"href":"https:\/\/www.iphone-ticker.de\/apiv2\/wp\/v2\/posts\/56052\/revisions\/56054"}],"wp:featuredmedia":[{"embeddable":true,"href":"https:\/\/www.iphone-ticker.de\/apiv2\/wp\/v2\/media\/56053"}],"wp:attachment":[{"href":"https:\/\/www.iphone-ticker.de\/apiv2\/wp\/v2\/media?parent=56052"}],"wp:term":[{"taxonomy":"category","embeddable":true,"href":"https:\/\/www.iphone-ticker.de\/apiv2\/wp\/v2\/categories?post=56052"},{"taxonomy":"post_tag","embeddable":true,"href":"https:\/\/www.iphone-ticker.de\/apiv2\/wp\/v2\/tags?post=56052"}],"curies":[{"name":"wp","href":"https:\/\/api.w.org\/{rel}","templated":true}]}}