{"id":5578,"date":"2009-03-14T16:57:29","date_gmt":"2009-03-14T15:57:29","guid":{"rendered":"http:\/\/www.iphone-ticker.de\/2009\/03\/14\/weitere-geruchte-und-ideen-zu-iphone-os-30\/"},"modified":"2009-03-14T16:59:18","modified_gmt":"2009-03-14T15:59:18","slug":"weitere-geruchte-und-ideen-zu-iphone-os-30","status":"publish","type":"post","link":"https:\/\/www.iphone-ticker.de\/weitere-geruchte-und-ideen-zu-iphone-os-30-5578\/","title":{"rendered":"Weitere Ger\u00fcchte und Ideen zu iPhone OS 3.0"},"content":{"rendered":"<p><a href=\"http:\/\/blog.wired.com\/gadgets\/2009\/03\/post.html\" target=\"_blank\">Wired<\/a> w\u00e4rmt das <a href=\"http:\/\/www.iphone-ticker.de\/2009\/01\/29\/rumor-premium-abteilung-fur-spiele-im-appstore\/\">Ger\u00fccht um eine Premium-Abteilung im App Store<\/a> aus dem Januar auf. Das Thema k\u00f6nnte bei der f\u00fcr Dienstag angek\u00fcndigten Vorschau auf iPhone OS 3.0 offiziell auf den Tisch kommen.<br \/>\nHintergrund: H\u00f6herpreisige Anwendungen sollen in angemessenem Rahmen pr\u00e4sentiert werden, denn mit zunehmendem Angebot verlieren sich solche Titel in der Masse der Furz- und Taschenlampenapplikationen.<\/p>\n<p>Grunds\u00e4tzlich darf man in Sachen Organisation und Distribution der Apps auf jeden Fall ein paar Neuerungen erwarten. Wie bereits gesagt  w\u00e4re zum Beispiel eine vern\u00fcnftige L\u00f6sung f\u00fcr die Verwaltung der Programme auf dem iPhone dringend n\u00f6tig (ihr erinnert euch an <a href=\"http:\/\/www.iphone-ticker.de\/2009\/02\/23\/konzept-video-homescreen-orga-uber-itunes\/\">dieses Konzept<\/a>).<\/p>\n<p>Werden zuk\u00fcnftig sogar iPhone-Themes \u00fcber den App Store vertrieben? Eine Idee, die sich f\u00fcr uns nicht sonderlich Apple-like anh\u00f6rt, f\u00fcr den Kollegen <a href=\"http:\/\/macenstein.com\/default\/archives\/3241\" target=\"_blank\">Macenstein<\/a> aber eine \u00dcberlegung wert ist.<\/p>\n","protected":false},"excerpt":{"rendered":"<p>Wired w\u00e4rmt das Ger\u00fccht um eine Premium-Abteilung im App Store aus dem Januar auf. Das Thema k\u00f6nnte bei der f\u00fcr Dienstag angek\u00fcndigten Vorschau auf iPhone OS 3.0 offiziell auf den Tisch kommen. Hintergrund: H\u00f6herpreisige Anwendungen sollen in angemessenem Rahmen pr\u00e4sentiert werden, denn mit zunehmendem Angebot verlieren sich solche Titel in der Masse der Furz- und [&hellip;]<\/p>\n","protected":false},"author":2,"featured_media":0,"comment_status":"open","ping_status":"open","sticky":false,"template":"","format":"standard","meta":{"footnotes":""},"categories":[1],"tags":[5661,3910],"class_list":["post-5578","post","type-post","status-publish","format-standard","hentry","category-news","tag-ios","tag-rumors"],"aioseo_notices":[],"rest_api_enabler":[],"_links":{"self":[{"href":"https:\/\/www.iphone-ticker.de\/apiv2\/wp\/v2\/posts\/5578","targetHints":{"allow":["GET"]}}],"collection":[{"href":"https:\/\/www.iphone-ticker.de\/apiv2\/wp\/v2\/posts"}],"about":[{"href":"https:\/\/www.iphone-ticker.de\/apiv2\/wp\/v2\/types\/post"}],"author":[{"embeddable":true,"href":"https:\/\/www.iphone-ticker.de\/apiv2\/wp\/v2\/users\/2"}],"replies":[{"embeddable":true,"href":"https:\/\/www.iphone-ticker.de\/apiv2\/wp\/v2\/comments?post=5578"}],"version-history":[{"count":0,"href":"https:\/\/www.iphone-ticker.de\/apiv2\/wp\/v2\/posts\/5578\/revisions"}],"wp:attachment":[{"href":"https:\/\/www.iphone-ticker.de\/apiv2\/wp\/v2\/media?parent=5578"}],"wp:term":[{"taxonomy":"category","embeddable":true,"href":"https:\/\/www.iphone-ticker.de\/apiv2\/wp\/v2\/categories?post=5578"},{"taxonomy":"post_tag","embeddable":true,"href":"https:\/\/www.iphone-ticker.de\/apiv2\/wp\/v2\/tags?post=5578"}],"curies":[{"name":"wp","href":"https:\/\/api.w.org\/{rel}","templated":true}]}}