{"id":54951,"date":"2013-10-02T14:14:41","date_gmt":"2013-10-02T12:14:41","guid":{"rendered":"http:\/\/www.iphone-ticker.de\/?p=54951"},"modified":"2013-10-02T14:16:34","modified_gmt":"2013-10-02T12:16:34","slug":"bundestags-mit-neuen-abgeordneten-iliga-in-version-6-0-mit-community","status":"publish","type":"post","link":"https:\/\/www.iphone-ticker.de\/bundestags-mit-neuen-abgeordneten-iliga-in-version-6-0-mit-community-54951\/","title":{"rendered":"Bundestags-App mit neuen Abgeordneten &#8211; iLiga in Version 6.0 mit Community"},"content":{"rendered":"<p>Die <a href=\"http:\/\/www.iphone-ticker.de\/so-gunstig-war-die-bundestags-app-46482\/\">von euch mitbezahlte<\/a> iPhone-Applikation des Deutschen Bundestages ist mit der jetzt ausgegebenen Version 4.2.1 nicht nur an iOS 7 angepasst worden (funktional, optisch hat sich noch nichts getan), das Update integriert nun auch die neuen Bundestagsmitglieder der 18. Wahlperiode. Die Abgeordneten lassen sich sowohl alphabetisch sortiert, als auch nach Wahlkreisen, Fraktionen und einzelnen L\u00e4ndern durchsuchen.<\/p>\n<p><a href=\"http:\/\/www.iphone-ticker.de\/wp-content\/uploads\/2013\/10\/albsteiger.jpg\"><img loading=\"lazy\" decoding=\"async\" src=\"http:\/\/www.iphone-ticker.de\/wp-content\/uploads\/2013\/10\/albsteiger.jpg\" alt=\"albsteiger\" width=\"500\" height=\"277\" class=\"aligncenter size-full wp-image-54953\" srcset=\"https:\/\/images.iphone-ticker.de\/wp-content\/uploads\/2013\/10\/albsteiger.jpg 500w, https:\/\/images.iphone-ticker.de\/wp-content\/uploads\/2013\/10\/albsteiger-300x166.jpg 300w\" sizes=\"auto, (max-width: 500px) 100vw, 500px\" \/><\/a><\/p>\n<p>Ansonsten bleibt bei der Bundestags-App alles beim Alten, die Sitzungs-Streams lassen sich nach wie vor Bildf\u00fcllend abrufen, wenn die neue Regierung steht, werden auch die anstehenden Sitzungen und Debatten wieder zum Vormerken angezeigt. Yeah, Demokratie. <\/p>\n<blockquote><p>\u00dcber einen Schnellzugriff innerhalb der App bleiben auch weiterhin die Informationen zu den MdB der 17. WP zug\u00e4nglich. Alle Daten der App k\u00f6nnen laufend im Hintergrund aktualisiert werden. Dadurch wird es m\u00f6glich, die App auch w\u00e4hrend einer Datenaktualisierung zu nutzen. Dar\u00fcber hinaus wurden Optimierungen f\u00fcr iOS 7 vorgenommen.<\/p><\/blockquote>\n<p><strong>Apropos<\/strong>: Zum Thema w\u00fcnschen wir uns eine App, die ihren Nutzer lokalisiert, den Stimmbezirk feststellt und die Ergebnisse der letzten Wahl anzeigt. Wo bin ich gerade und was wurde hier gew\u00e4hlt. Wenn das mal jemand programmieren k\u00f6nnte? Danke. <\/p>\n<hr \/>\n<ul>\n<li>\n<h2>iLiga in Version 6.0 mit Community<\/h2>\n<\/li>\n<\/ul>\n<p>Die Fu\u00dfball-App <a rel=\"noindex, nofollow\" href=\"http:\/\/www.ifun.de\/app\/382002079\">iLiga<\/a>, den <a href=\"http:\/\/www.iphone-ticker.de\/sortiert-nach-nutzung-die-20-popularsten-sport-applikationen-deutschlands-43948\/\">letzten Erhebungen<\/a> nach, die popul\u00e4rste Fu\u00dfball-App in Deutschland, liefert Version 6.0 im App Store ab. <\/p>\n<p>Die &#8222;Fanz Zone&#8220; ist die gr\u00f6\u00dfte Neuerung des Updates. Mit der neuen Community-Funktion will sich iLiga zum mobilen Netzwerk f\u00fcr Fu\u00dfball-Fans entwickeln und seinen Nutzern eine M\u00f6glichkeit bieten, laufende Fu\u00dfballspiele zu kommentieren. Im Kern soll iLiga unver\u00e4ndert bleiben &#8211; auch im neuen iOS 7 Design stehen &#8222;schnelle Informationen&#8220; weiterhin im Mittelpunkt der App &#8211; registrierte Nutzer k\u00f6nnen ab heute jedoch erstmals miteinander interagieren und auf offizielle und selbst erstellte Inhalte reagieren. <\/p>\n<p><a href=\"http:\/\/www.iphone-ticker.de\/wp-content\/uploads\/2013\/10\/iliga.jpg\"><img loading=\"lazy\" decoding=\"async\" src=\"http:\/\/www.iphone-ticker.de\/wp-content\/uploads\/2013\/10\/iliga.jpg\" alt=\"iliga\" width=\"640\" height=\"252\" class=\"aligncenter size-full wp-image-54954\" srcset=\"https:\/\/images.iphone-ticker.de\/wp-content\/uploads\/2013\/10\/iliga.jpg 640w, https:\/\/images.iphone-ticker.de\/wp-content\/uploads\/2013\/10\/iliga-300x118.jpg 300w\" sizes=\"auto, (max-width: 640px) 100vw, 640px\" \/><\/a><\/p>\n<p>Lucas von Cranach, Gr\u00fcnder von iLiga, \u00e4u\u00dfert sich zum neuen Update: <\/p>\n<blockquote><p>&#8222;Fans wollen gemeinsam ihr Team anfeuern, mitfiebern, Siege feiern und Niederlagen analysieren. Diese soziale Seite des Fu\u00dfballs wollen wir in der App abbilden. Deswegen gibt es jetzt die Fan Zone. Mit 4,5 Millionen aktiven Nutzern im Monat besitzen wir heute schon eine besonders treue Nutzergemeinschaft. Die Fan Zone gibt ihr endlich eine Stimme. \u201eMitfiebern und seine Mannschaft anfeuern kann man nunmehr nicht nur im Stadion oder vor dem Fernseher, sondern \u00fcberall dort, wo Fu\u00dfball live passiert \u2013 und das ist immer h\u00e4ufiger auch auf dem Smartphone und Tablet.&#8220;<\/p><\/blockquote>\n<p><a href=\"http:\/\/www.iphone-ticker.de\/wp-content\/uploads\/2013\/10\/iliga-screen.jpg\"><img loading=\"lazy\" decoding=\"async\" src=\"http:\/\/www.iphone-ticker.de\/wp-content\/uploads\/2013\/10\/iliga-screen.jpg\" alt=\"iliga-screen\" width=\"652\" height=\"568\" class=\"aligncenter size-full wp-image-54955\" srcset=\"https:\/\/images.iphone-ticker.de\/wp-content\/uploads\/2013\/10\/iliga-screen.jpg 652w, https:\/\/images.iphone-ticker.de\/wp-content\/uploads\/2013\/10\/iliga-screen-300x261.jpg 300w\" sizes=\"auto, (max-width: 652px) 100vw, 652px\" \/><\/a><\/p>\n","protected":false},"excerpt":{"rendered":"<a href=\"https:\/\/www.iphone-ticker.de\/bundestags-mit-neuen-abgeordneten-iliga-in-version-6-0-mit-community-54951\/\"><img width=\"150\" height=\"150\" src=\"https:\/\/images.iphone-ticker.de\/wp-content\/uploads\/2013\/10\/iliga-screen-150x150.jpg\" class=\"alignright tfe wp-post-image\" alt=\"\" decoding=\"async\" loading=\"lazy\" \/><\/a><p>Die von euch mitbezahlte iPhone-Applikation des Deutschen Bundestages ist mit der jetzt ausgegebenen Version 4.2.1 nicht nur an iOS 7 angepasst worden (funktional, optisch hat sich noch nichts getan), das Update integriert nun auch die neuen Bundestagsmitglieder der 18. Wahlperiode. Die Abgeordneten lassen sich sowohl alphabetisch sortiert, als auch nach Wahlkreisen, Fraktionen und einzelnen L\u00e4ndern [&hellip;]<\/p>\n","protected":false},"author":1,"featured_media":54955,"comment_status":"open","ping_status":"closed","sticky":false,"template":"","format":"standard","meta":{"footnotes":""},"categories":[39],"tags":[666,3914,2254,278,734],"class_list":["post-54951","post","type-post","status-publish","format-standard","has-post-thumbnail","hentry","category-apps","tag-app-store","tag-apps","tag-poliktik","tag-sport","tag-updates"],"aioseo_notices":[],"subheadline":["App-Updates"],"featured_image":["http:\/\/www.iphone-ticker.de\/wp-content\/uploads\/2013\/10\/bundestag-feature.jpg"],"rest_api_enabler":{"subheadline":"App-Updates","featured_image":"http:\/\/www.iphone-ticker.de\/wp-content\/uploads\/2013\/10\/bundestag-feature.jpg"},"_links":{"self":[{"href":"https:\/\/www.iphone-ticker.de\/apiv2\/wp\/v2\/posts\/54951","targetHints":{"allow":["GET"]}}],"collection":[{"href":"https:\/\/www.iphone-ticker.de\/apiv2\/wp\/v2\/posts"}],"about":[{"href":"https:\/\/www.iphone-ticker.de\/apiv2\/wp\/v2\/types\/post"}],"author":[{"embeddable":true,"href":"https:\/\/www.iphone-ticker.de\/apiv2\/wp\/v2\/users\/1"}],"replies":[{"embeddable":true,"href":"https:\/\/www.iphone-ticker.de\/apiv2\/wp\/v2\/comments?post=54951"}],"version-history":[{"count":3,"href":"https:\/\/www.iphone-ticker.de\/apiv2\/wp\/v2\/posts\/54951\/revisions"}],"predecessor-version":[{"id":55039,"href":"https:\/\/www.iphone-ticker.de\/apiv2\/wp\/v2\/posts\/54951\/revisions\/55039"}],"wp:featuredmedia":[{"embeddable":true,"href":"https:\/\/www.iphone-ticker.de\/apiv2\/wp\/v2\/media\/54955"}],"wp:attachment":[{"href":"https:\/\/www.iphone-ticker.de\/apiv2\/wp\/v2\/media?parent=54951"}],"wp:term":[{"taxonomy":"category","embeddable":true,"href":"https:\/\/www.iphone-ticker.de\/apiv2\/wp\/v2\/categories?post=54951"},{"taxonomy":"post_tag","embeddable":true,"href":"https:\/\/www.iphone-ticker.de\/apiv2\/wp\/v2\/tags?post=54951"}],"curies":[{"name":"wp","href":"https:\/\/api.w.org\/{rel}","templated":true}]}}