{"id":53896,"date":"2013-09-14T14:57:50","date_gmt":"2013-09-14T12:57:50","guid":{"rendered":"http:\/\/www.iphone-ticker.de\/?p=53896"},"modified":"2013-09-15T12:59:04","modified_gmt":"2013-09-15T10:59:04","slug":"anti-iphone-video-eine-fliege-an-der-wand-wird-fuer-microsoft-zum-griff-ins-klo","status":"publish","type":"post","link":"https:\/\/www.iphone-ticker.de\/anti-iphone-video-eine-fliege-an-der-wand-wird-fuer-microsoft-zum-griff-ins-klo-53896\/","title":{"rendered":"Anti-iPhone-Video: Eine Fliege an der Wand wird f\u00fcr Microsoft zum Griff ins Klo"},"content":{"rendered":"<p>Microsoft pr\u00e4sentiert sich ja seit ein paar Wochen mehr oder weniger <a href=\"http:\/\/www.ifun.de\/microsoft-steve-ballmer-kuendigt-ruecktritt-an-45119\/\">f\u00fchrungslos<\/a> (oder besser orientierungslos?). Jedenfalls scheint man in Redmond den Laden nicht mehr so recht im Griff zu haben, anders k\u00f6nnen wir es uns nicht erkl\u00e4ren, dass es das unten eingebettete Anti-iPhone-Video tats\u00e4chlich f\u00fcr kurze Zeit in den offiziellen YouTube-Kanal des Konzerns geschafft hat, nur um kurze Zeit sp\u00e4ter wieder entfernt zu werden. Microsoft dazu:<\/p>\n<blockquote><p>The video was intended to be a light-hearted poke at our friends from Cupertino. But it was off the mark, and we\u2019ve decided to pull it down.<\/p><\/blockquote>\n<p>Das Video ist einer von insgesamt sieben Kurzfilmen, die unter dem Titel \u201eA fly on the wall in Cupertino\u201c von Microsoft ver\u00f6ffentlicht wurden. Nichts gegen Kritik, gerne auch mit einer ordentlichen Prise Humor dazu. Aber gegen dieses Video sind die verschiedenen <a href=\"http:\/\/www.ifun.de\/?s=microsoft+ipad+werbung\">Anti-iPad-Spots<\/a> oder auch die <a href=\"http:\/\/www.ifun.de\/microsoft-kauft-gebrauchet-ipads-erweitert-outlook-com-um-imap-46433\/\">iPad-Ankauf-Aktion<\/a> des Softwaregiganten ja Premium-Content. Dumm nur f\u00fcr Microsoft, dass das Internet nichts wieder hergibt und das Video sich nach der L\u00f6schung noch schneller als zuvor im Web verbreitet. (via <a href=\"http:\/\/www.macrumors.com\">Mac Rumors<\/a>)<\/p>\n<p><div class=\"responsive-video\"><iframe loading=\"lazy\" width=\"700\" height=\"525\" src=\"\/\/www.youtube-nocookie.com\/embed\/hkf_8UGsnJ8?rel=0\" frameborder=\"0\" allowfullscreen><\/iframe><\/div><br \/>\n(<a href=\"http:\/\/youtu.be\/hkf_8UGsnJ8\">Direktlink zum Video<\/a>)<\/p>\n","protected":false},"excerpt":{"rendered":"<a href=\"https:\/\/www.iphone-ticker.de\/anti-iphone-video-eine-fliege-an-der-wand-wird-fuer-microsoft-zum-griff-ins-klo-53896\/\"><img width=\"150\" height=\"120\" src=\"https:\/\/images.iphone-ticker.de\/wp-content\/uploads\/2011\/10\/icloudwindows-150x120.jpg\" class=\"alignright tfe wp-post-image\" alt=\"\" decoding=\"async\" loading=\"lazy\" \/><\/a><p>Microsoft pr\u00e4sentiert sich ja seit ein paar Wochen mehr oder weniger f\u00fchrungslos (oder besser orientierungslos?). Jedenfalls scheint man in Redmond den Laden nicht mehr so recht im Griff zu haben, anders k\u00f6nnen wir es uns nicht erkl\u00e4ren, dass es das unten eingebettete Anti-iPhone-Video tats\u00e4chlich f\u00fcr kurze Zeit in den offiziellen YouTube-Kanal des Konzerns geschafft hat, [&hellip;]<\/p>\n","protected":false},"author":2,"featured_media":26718,"comment_status":"open","ping_status":"closed","sticky":false,"template":"","format":"standard","meta":{"footnotes":""},"categories":[489],"tags":[344,220,8,9],"class_list":["post-53896","post","type-post","status-publish","format-standard","has-post-thumbnail","hentry","category-videos","tag-iphone","tag-microsoft","tag-video","tag-werbung"],"aioseo_notices":[],"featured_image":["http:\/\/www.iphone-ticker.de\/wp-content\/uploads\/2013\/09\/ms-video.jpg"],"rest_api_enabler":{"featured_image":"http:\/\/www.iphone-ticker.de\/wp-content\/uploads\/2013\/09\/ms-video.jpg"},"_links":{"self":[{"href":"https:\/\/www.iphone-ticker.de\/apiv2\/wp\/v2\/posts\/53896","targetHints":{"allow":["GET"]}}],"collection":[{"href":"https:\/\/www.iphone-ticker.de\/apiv2\/wp\/v2\/posts"}],"about":[{"href":"https:\/\/www.iphone-ticker.de\/apiv2\/wp\/v2\/types\/post"}],"author":[{"embeddable":true,"href":"https:\/\/www.iphone-ticker.de\/apiv2\/wp\/v2\/users\/2"}],"replies":[{"embeddable":true,"href":"https:\/\/www.iphone-ticker.de\/apiv2\/wp\/v2\/comments?post=53896"}],"version-history":[{"count":4,"href":"https:\/\/www.iphone-ticker.de\/apiv2\/wp\/v2\/posts\/53896\/revisions"}],"predecessor-version":[{"id":53906,"href":"https:\/\/www.iphone-ticker.de\/apiv2\/wp\/v2\/posts\/53896\/revisions\/53906"}],"wp:featuredmedia":[{"embeddable":true,"href":"https:\/\/www.iphone-ticker.de\/apiv2\/wp\/v2\/media\/26718"}],"wp:attachment":[{"href":"https:\/\/www.iphone-ticker.de\/apiv2\/wp\/v2\/media?parent=53896"}],"wp:term":[{"taxonomy":"category","embeddable":true,"href":"https:\/\/www.iphone-ticker.de\/apiv2\/wp\/v2\/categories?post=53896"},{"taxonomy":"post_tag","embeddable":true,"href":"https:\/\/www.iphone-ticker.de\/apiv2\/wp\/v2\/tags?post=53896"}],"curies":[{"name":"wp","href":"https:\/\/api.w.org\/{rel}","templated":true}]}}