{"id":53081,"date":"2013-09-03T18:12:54","date_gmt":"2013-09-03T16:12:54","guid":{"rendered":"http:\/\/www.iphone-ticker.de\/?p=53081"},"modified":"2013-09-04T07:44:24","modified_gmt":"2013-09-04T05:44:24","slug":"apple-event-am-10-september-bestaetigt-die-einladungen-schlagen-auf","status":"publish","type":"post","link":"https:\/\/www.iphone-ticker.de\/apple-event-am-10-september-bestaetigt-die-einladungen-schlagen-auf-53081\/","title":{"rendered":"Apple Event am 10. September best\u00e4tigt: Die Einladungen schlagen auf"},"content":{"rendered":"<p>Passend zu den <a href=\"http:\/\/www.iphone-ticker.de\/tag\/rumors\">seit Wochen kursierenden<\/a> Ger\u00fcchten hat Apple heute die Einladungen f\u00fcr das bevorstehende Media Event am kommenden Dienstag, den 10. September 2013 versandt.<\/p>\n<p><a href=\"http:\/\/www.iphone-ticker.de\/wp-content\/uploads\/2013\/09\/einladung-500.jpg\"><img loading=\"lazy\" decoding=\"async\" src=\"http:\/\/www.iphone-ticker.de\/wp-content\/uploads\/2013\/09\/einladung-500.jpg\" alt=\"einladung-500\" width=\"500\" height=\"388\" class=\"alignnone size-full wp-image-53115\" srcset=\"https:\/\/images.iphone-ticker.de\/wp-content\/uploads\/2013\/09\/einladung-500.jpg 500w, https:\/\/images.iphone-ticker.de\/wp-content\/uploads\/2013\/09\/einladung-500-300x232.jpg 300w\" sizes=\"auto, (max-width: 500px) 100vw, 500px\" \/><\/a><\/p>\n<p>Die Veranstaltung findet am Dienstag um 10 Uhr Ortszeit (19 Uhr in Deutschland) in Cupertino statt. Das Motto der Veranstaltung, bei der Apple das <a href=\"http:\/\/www.iphone-ticker.de\/tag\/iphone-5s\/\">iPhone 5S<\/a> und aller Wahrscheinlichkeit nach auch das <a href=\"http:\/\/www.iphone-ticker.de\/tag\/iphone-5c\/\">iPhone 5C<\/a> pr\u00e4sentieren wird lautet &#8222;This should brighten everyone&#8217;s day&#8220;. In Kombination mit den auf der Einladung abgebildeten Farbkreisen l\u00e4sst sich dieser Leitsatz durchaus auf die wohl zuk\u00fcnftig deutlich erweiterte Farbpalette der iPhones m\u00fcnzen. <\/p>\n<p>Wir sehen die n\u00e4chste iPhone-Generation also heute in sieben Tagen. 363 Tage nach der Pr\u00e4sentation des iPhone 5. (via <a href=\"http:\/\/www.theverge.com\/2013\/9\/3\/4689266\/apple-iphone-event-september-10th-official\">The Verge<\/a>)<\/p>\n","protected":false},"excerpt":{"rendered":"<a href=\"https:\/\/www.iphone-ticker.de\/apple-event-am-10-september-bestaetigt-die-einladungen-schlagen-auf-53081\/\"><img width=\"150\" height=\"150\" src=\"https:\/\/images.iphone-ticker.de\/wp-content\/uploads\/2013\/09\/einladung-500-150x150.jpg\" class=\"alignright tfe wp-post-image\" alt=\"\" decoding=\"async\" loading=\"lazy\" \/><\/a><p>Passend zu den seit Wochen kursierenden Ger\u00fcchten hat Apple heute die Einladungen f\u00fcr das bevorstehende Media Event am kommenden Dienstag, den 10. September 2013 versandt. Die Veranstaltung findet am Dienstag um 10 Uhr Ortszeit (19 Uhr in Deutschland) in Cupertino statt. Das Motto der Veranstaltung, bei der Apple das iPhone 5S und aller Wahrscheinlichkeit nach [&hellip;]<\/p>\n","protected":false},"author":1,"featured_media":53115,"comment_status":"open","ping_status":"closed","sticky":false,"template":"","format":"standard","meta":{"footnotes":""},"categories":[14,1975],"tags":[3912,315,1787],"class_list":["post-53081","post","type-post","status-publish","format-standard","has-post-thumbnail","hentry","category-apple","category-feature","tag-apple","tag-event","tag-iphone-5s"],"aioseo_notices":[],"featured_image":["http:\/\/www.iphone-ticker.de\/wp-content\/uploads\/2013\/09\/einladungheader.jpg"],"rest_api_enabler":{"featured_image":"http:\/\/www.iphone-ticker.de\/wp-content\/uploads\/2013\/09\/einladungheader.jpg"},"_links":{"self":[{"href":"https:\/\/www.iphone-ticker.de\/apiv2\/wp\/v2\/posts\/53081","targetHints":{"allow":["GET"]}}],"collection":[{"href":"https:\/\/www.iphone-ticker.de\/apiv2\/wp\/v2\/posts"}],"about":[{"href":"https:\/\/www.iphone-ticker.de\/apiv2\/wp\/v2\/types\/post"}],"author":[{"embeddable":true,"href":"https:\/\/www.iphone-ticker.de\/apiv2\/wp\/v2\/users\/1"}],"replies":[{"embeddable":true,"href":"https:\/\/www.iphone-ticker.de\/apiv2\/wp\/v2\/comments?post=53081"}],"version-history":[{"count":9,"href":"https:\/\/www.iphone-ticker.de\/apiv2\/wp\/v2\/posts\/53081\/revisions"}],"predecessor-version":[{"id":53133,"href":"https:\/\/www.iphone-ticker.de\/apiv2\/wp\/v2\/posts\/53081\/revisions\/53133"}],"wp:featuredmedia":[{"embeddable":true,"href":"https:\/\/www.iphone-ticker.de\/apiv2\/wp\/v2\/media\/53115"}],"wp:attachment":[{"href":"https:\/\/www.iphone-ticker.de\/apiv2\/wp\/v2\/media?parent=53081"}],"wp:term":[{"taxonomy":"category","embeddable":true,"href":"https:\/\/www.iphone-ticker.de\/apiv2\/wp\/v2\/categories?post=53081"},{"taxonomy":"post_tag","embeddable":true,"href":"https:\/\/www.iphone-ticker.de\/apiv2\/wp\/v2\/tags?post=53081"}],"curies":[{"name":"wp","href":"https:\/\/api.w.org\/{rel}","templated":true}]}}