{"id":52818,"date":"2013-08-29T07:54:48","date_gmt":"2013-08-29T05:54:48","guid":{"rendered":"http:\/\/www.iphone-ticker.de\/?p=52818"},"modified":"2013-08-29T07:54:48","modified_gmt":"2013-08-29T05:54:48","slug":"iphone-verkaufsstart-am-20-september","status":"publish","type":"post","link":"https:\/\/www.iphone-ticker.de\/iphone-verkaufsstart-am-20-september-52818\/","title":{"rendered":"iPhone-Verkaufsstart am 20. September?"},"content":{"rendered":"<p><a href=\"http:\/\/www.tmonews.com\/2013\/08\/t-mobile-scheduling-employee-blackout-dates-for-september-20th-22nd\/\">Informationen<\/a> aus den USA zufolge bereitet sich T-Mobile dort auf ein arbeitsreiches Wochenende vom 20. bis 22. September vor. Offenbar wurden bereits Urlaubssperren f\u00fcr Mitarbeiter verh\u00e4ngt. Der Termin w\u00fcrde perfekt zu der momentan f\u00fcr den 10. September <a href=\"http:\/\/www.iphone-ticker.de\/neues-video-zeigt-iphone-5s-und-5c-gehaeuse-im-detail-ios-7-gm-am-10-september-52673\/\">erwarteten<\/a> Produktvorstellung passen. (via <a href=\"http:\/\/appleinsider.com\/articles\/13\/08\/28\/t-mobile-reportedly-issues-employee-blackout-dates-for-sept-20-iphone-launch\">AppleInsider<\/a>)<\/p>\n<p><a href=\"http:\/\/www.iphone-ticker.de\/wp-content\/uploads\/2013\/08\/verkaufsstart.jpg\"><img loading=\"lazy\" decoding=\"async\" src=\"http:\/\/www.iphone-ticker.de\/wp-content\/uploads\/2013\/08\/verkaufsstart.jpg\" alt=\"verkaufsstart\" width=\"500\" height=\"308\" class=\"alignnone size-full wp-image-52821\" srcset=\"https:\/\/images.iphone-ticker.de\/wp-content\/uploads\/2013\/08\/verkaufsstart.jpg 500w, https:\/\/images.iphone-ticker.de\/wp-content\/uploads\/2013\/08\/verkaufsstart-300x184.jpg 300w\" sizes=\"auto, (max-width: 500px) 100vw, 500px\" \/><\/a><\/p>\n<p>Die gro\u00dfen Vertriebspartner von Apple sind in der Regel bereits l\u00e4ngere Zeit im Voraus \u00fcber die Planungen bez\u00fcglich der Produktneuheiten informiert. Auch hierzulande wurden beispielsweise die Leiter von Telekom-Shops in der Vergangenheit stets fr\u00fchzeitig und ohne Begr\u00fcndung darum gebeten daf\u00fcr zu sorgen, dass ihre Filialen zu den Terminen, die sich letztendlich als iPhone-Verkaufsstart herausstellten, mit erh\u00f6hter Mitarbeiterzahl besetzt sind.<\/p>\n<p>In diesem Jahr haben wir aus den deutschen Niederlassungen noch nichts dergleichen geh\u00f6rt, aber die Meldungen kamen in der Regel erst kurzfristiger, etwas ein bis zwei Wochen vor dem Termin.<\/p>\n","protected":false},"excerpt":{"rendered":"<a href=\"https:\/\/www.iphone-ticker.de\/iphone-verkaufsstart-am-20-september-52818\/\"><img width=\"150\" height=\"150\" src=\"https:\/\/images.iphone-ticker.de\/wp-content\/uploads\/2013\/08\/start-150x150.jpg\" class=\"alignright tfe wp-post-image\" alt=\"\" decoding=\"async\" loading=\"lazy\" \/><\/a><p>Informationen aus den USA zufolge bereitet sich T-Mobile dort auf ein arbeitsreiches Wochenende vom 20. bis 22. September vor. Offenbar wurden bereits Urlaubssperren f\u00fcr Mitarbeiter verh\u00e4ngt. Der Termin w\u00fcrde perfekt zu der momentan f\u00fcr den 10. September erwarteten Produktvorstellung passen. (via AppleInsider) Die gro\u00dfen Vertriebspartner von Apple sind in der Regel bereits l\u00e4ngere Zeit im [&hellip;]<\/p>\n","protected":false},"author":2,"featured_media":52820,"comment_status":"open","ping_status":"closed","sticky":false,"template":"","format":"standard","meta":{"footnotes":""},"categories":[6],"tags":[2141,1787,363,947],"class_list":["post-52818","post","type-post","status-publish","format-standard","has-post-thumbnail","hentry","category-rumors","tag-iphone-5c","tag-iphone-5s","tag-telekom","tag-verkaufsstart"],"aioseo_notices":[],"featured_image":["http:\/\/www.iphone-ticker.de\/wp-content\/uploads\/2013\/08\/start.jpg"],"rest_api_enabler":{"featured_image":"http:\/\/www.iphone-ticker.de\/wp-content\/uploads\/2013\/08\/start.jpg"},"_links":{"self":[{"href":"https:\/\/www.iphone-ticker.de\/apiv2\/wp\/v2\/posts\/52818","targetHints":{"allow":["GET"]}}],"collection":[{"href":"https:\/\/www.iphone-ticker.de\/apiv2\/wp\/v2\/posts"}],"about":[{"href":"https:\/\/www.iphone-ticker.de\/apiv2\/wp\/v2\/types\/post"}],"author":[{"embeddable":true,"href":"https:\/\/www.iphone-ticker.de\/apiv2\/wp\/v2\/users\/2"}],"replies":[{"embeddable":true,"href":"https:\/\/www.iphone-ticker.de\/apiv2\/wp\/v2\/comments?post=52818"}],"version-history":[{"count":2,"href":"https:\/\/www.iphone-ticker.de\/apiv2\/wp\/v2\/posts\/52818\/revisions"}],"predecessor-version":[{"id":52822,"href":"https:\/\/www.iphone-ticker.de\/apiv2\/wp\/v2\/posts\/52818\/revisions\/52822"}],"wp:featuredmedia":[{"embeddable":true,"href":"https:\/\/www.iphone-ticker.de\/apiv2\/wp\/v2\/media\/52820"}],"wp:attachment":[{"href":"https:\/\/www.iphone-ticker.de\/apiv2\/wp\/v2\/media?parent=52818"}],"wp:term":[{"taxonomy":"category","embeddable":true,"href":"https:\/\/www.iphone-ticker.de\/apiv2\/wp\/v2\/categories?post=52818"},{"taxonomy":"post_tag","embeddable":true,"href":"https:\/\/www.iphone-ticker.de\/apiv2\/wp\/v2\/tags?post=52818"}],"curies":[{"name":"wp","href":"https:\/\/api.w.org\/{rel}","templated":true}]}}