{"id":5269,"date":"2009-02-16T17:28:32","date_gmt":"2009-02-16T16:28:32","guid":{"rendered":"http:\/\/www.iphone-ticker.de\/2009\/02\/16\/ichange-video-schweizer-concept-car-mit-iphone-integration\/"},"modified":"2009-02-16T17:35:37","modified_gmt":"2009-02-16T16:35:37","slug":"ichange-video-schweizer-concept-car-mit-iphone-integration","status":"publish","type":"post","link":"https:\/\/www.iphone-ticker.de\/ichange-video-schweizer-concept-car-mit-iphone-integration-5269\/","title":{"rendered":"&#8222;iChange&#8220; Video: Schweizer Concept-Car mit iPhone-Integration"},"content":{"rendered":"<p>Das Intro des Werbe-Videos (<a href=\"http:\/\/www.viddler.com\/explore\/iFUN\/videos\/74\/\">Viddler-Link<\/a>) zieht sich ein wenig, die dann gezeigte iPhone-Integration in das <a href=\"http:\/\/www.rinspeed.com\/pages\/cars\/cars-d.htm\">Rinspeed Concept-Car &#8222;iChange&#8220;<\/a> sollte euch die Warterei jedoch wert sein. Das Concept-Car der Schweizer Autoschmiede <a href=\"http:\/\/www.rinspeed.com\/\">Rinspeed<\/a> wird erstmals zum 79. Genfer Autosalon vom 5. bis 15. M\u00e4rz 2009 pr\u00e4sentiert und kommt neben etlichen, ebenfalls sehenswerten Spielereien, mit einer umfassenden iPhone-Integration. Neben der Z\u00fcndschl\u00fcssel-Funktion \u00fcbernimmt das iPhone die Steuerung der Licht-Anlage sowie die Kontrolle \u00fcber das schwenkbare Dach.<\/p>\n<p style=\"text-align: center\"><img decoding=\"async\" src=\"http:\/\/www.iphone-ticker.de\/wp-content\/uploads\/2009\/02\/ichange.jpg\" alt=\"ichange.jpg\" \/><\/p>\n<p>Rinspeed schreibt:<\/p>\n<p style=\"margin-left: 40px\"><span style=\"font-style: italic\">&#8222;[&#8230;] bei so viel Extravaganz w\u00e4re wahrlich ein normaler Z\u00fcndschl\u00fcssel recht ordin\u00e4r. Seine Funktion \u00fcbernimmt ein Apple iPhone, das gleichzeitig auch die Fernsteuerung und Bedieneinheit f\u00fcr die wichtigsten Fahrzeugfunktionen ist. Der &#8222;iChange&#8220; unterscheidet sich in jedem Detail von einem herk\u00f6mmlichen Fahrzeug [&#8230;]&#8220;<\/span><\/p>\n<p>Weitere Infos zum Auto sowie eine Hand voll hochaufl\u00f6sender Bilder gibt es <a href=\"http:\/\/www.rinspeed.com\/pages\/cars\/cars-d.htm\">hier<\/a>. Die <a href=\"http:\/\/www.rinspeed.com\/pages\/cars\/ichange\/prd-ichange.htm\">Pressemitteilung<\/a> zum &#8222;iChange&#8220; <a href=\"http:\/\/www.rinspeed.com\/pages\/cars\/ichange\/prd-ichange.htm\">hier<\/a>.<br \/>\n<center><object classid=\"clsid:D27CDB6E-AE6D-11cf-96B8-444553540000\" id=\"viddler_49be4a7d\" width=\"437\" height=\"348\"><param name=\"flashvars\" value=\"disablebranding=t\"><\/param><param name=\"wmode\" value=\"transparent\"><\/param><param name=\"movie\" value=\"http:\/\/www.viddler.com\/simple\/49be4a7d\/\"><\/param><param name=\"allowScriptAccess\" value=\"always\"><\/param><param name=\"allowFullScreen\" value=\"true\"><\/param><div class=\"responsive-video\"><embed src=\"http:\/\/www.viddler.com\/simple\/49be4a7d\/\" type=\"application\/x-shockwave-flash\" allowscriptaccess=\"always\" flashvars=\"disablebranding=t\" allowfullscreen=\"true\" name=\"viddler_49be4a7d\" wmode=\"transparent\" width=\"437\" height=\"348\"><\/embed><\/div><\/object><\/center><\/p>\n","protected":false},"excerpt":{"rendered":"<a href=\"https:\/\/www.iphone-ticker.de\/ichange-video-schweizer-concept-car-mit-iphone-integration-5269\/\"><img width=\"150\" height=\"36\" src=\"https:\/\/images.iphone-ticker.de\/wp-content\/uploads\/2009\/02\/ichange.jpg\" class=\"alignright tfe wp-post-image\" alt=\"\" decoding=\"async\" loading=\"lazy\" \/><\/a><p>Das Intro des Werbe-Videos (Viddler-Link) zieht sich ein wenig, die dann gezeigte iPhone-Integration in das Rinspeed Concept-Car &#8222;iChange&#8220; sollte euch die Warterei jedoch wert sein. Das Concept-Car der Schweizer Autoschmiede Rinspeed wird erstmals zum 79. Genfer Autosalon vom 5. bis 15. M\u00e4rz 2009 pr\u00e4sentiert und kommt neben etlichen, ebenfalls sehenswerten Spielereien, mit einer umfassenden iPhone-Integration. [&hellip;]<\/p>\n","protected":false},"author":1,"featured_media":5268,"comment_status":"open","ping_status":"open","sticky":false,"template":"","format":"standard","meta":{"footnotes":""},"categories":[1],"tags":[35,78,8],"class_list":["post-5269","post","type-post","status-publish","format-standard","has-post-thumbnail","hentry","category-news","tag-auto","tag-design","tag-video"],"aioseo_notices":[],"rest_api_enabler":[],"_links":{"self":[{"href":"https:\/\/www.iphone-ticker.de\/apiv2\/wp\/v2\/posts\/5269","targetHints":{"allow":["GET"]}}],"collection":[{"href":"https:\/\/www.iphone-ticker.de\/apiv2\/wp\/v2\/posts"}],"about":[{"href":"https:\/\/www.iphone-ticker.de\/apiv2\/wp\/v2\/types\/post"}],"author":[{"embeddable":true,"href":"https:\/\/www.iphone-ticker.de\/apiv2\/wp\/v2\/users\/1"}],"replies":[{"embeddable":true,"href":"https:\/\/www.iphone-ticker.de\/apiv2\/wp\/v2\/comments?post=5269"}],"version-history":[{"count":0,"href":"https:\/\/www.iphone-ticker.de\/apiv2\/wp\/v2\/posts\/5269\/revisions"}],"wp:featuredmedia":[{"embeddable":true,"href":"https:\/\/www.iphone-ticker.de\/apiv2\/wp\/v2\/media\/5268"}],"wp:attachment":[{"href":"https:\/\/www.iphone-ticker.de\/apiv2\/wp\/v2\/media?parent=5269"}],"wp:term":[{"taxonomy":"category","embeddable":true,"href":"https:\/\/www.iphone-ticker.de\/apiv2\/wp\/v2\/categories?post=5269"},{"taxonomy":"post_tag","embeddable":true,"href":"https:\/\/www.iphone-ticker.de\/apiv2\/wp\/v2\/tags?post=5269"}],"curies":[{"name":"wp","href":"https:\/\/api.w.org\/{rel}","templated":true}]}}