{"id":52588,"date":"2013-08-23T17:30:14","date_gmt":"2013-08-23T15:30:14","guid":{"rendered":"http:\/\/www.iphone-ticker.de\/?p=52588"},"modified":"2013-08-23T17:30:14","modified_gmt":"2013-08-23T15:30:14","slug":"telekom-schiebt-myphonebook-aufs-abstellgleis-sync-plus-tritt-nachfolge-an","status":"publish","type":"post","link":"https:\/\/www.iphone-ticker.de\/telekom-schiebt-myphonebook-aufs-abstellgleis-sync-plus-tritt-nachfolge-an-52588\/","title":{"rendered":"Telekom schiebt MyPhonebook aufs Abstellgleis, Sync-Plus tritt Nachfolge an"},"content":{"rendered":"<p>Die Telekom wird den Anfang 2010 gestarteten Synchronisierungsdienst <a href=\"https:\/\/www.t-mobile.de\/myphonebook\/0,20652,21922-_,00.html\">MyPhonebook<\/a> zum Jahresende einstellen und durch das mit erweiterten Funktionen ausgestattete <a href=\"https:\/\/sync.t-online.de\">Sync-Plus<\/a> ersetzen. Erst letzten Monat wurde das Sync-Plus-Angebot um eine <a href=\"http:\/\/www.ifun.de\/sync-plus-fuer-mac-download-43619\/\">Mac-App<\/a> erweitert. Sync-Plus synchronisiert E-Mails, Kontakte und Termine mit der Telekom-Cloud und dar\u00fcber auch mit weiteren Computern und Mobilger\u00e4ten.<\/p>\n<p><a href=\"http:\/\/www.iphone-ticker.de\/wp-content\/uploads\/2013\/08\/myphonebook.jpg\"><img loading=\"lazy\" decoding=\"async\" src=\"http:\/\/www.iphone-ticker.de\/wp-content\/uploads\/2013\/08\/myphonebook.jpg\" alt=\"myphonebook\" width=\"500\" height=\"195\" class=\"alignnone size-full wp-image-52591\" srcset=\"https:\/\/images.iphone-ticker.de\/wp-content\/uploads\/2013\/08\/myphonebook.jpg 500w, https:\/\/images.iphone-ticker.de\/wp-content\/uploads\/2013\/08\/myphonebook-300x117.jpg 300w\" sizes=\"auto, (max-width: 500px) 100vw, 500px\" \/><\/a><\/p>\n<p>Die Telekom informiert derzeit Kunden per SMS und E-Mail \u00fcber die bevorstehende Umstellung und bittet darum die in MyPhonebook gespeicherten Daten rechtzeitig zu exportieren. Eine Anleitung daf\u00fcr findet sich im <a href=\"https:\/\/www.t-mobile.de\/faq\/1,1951,18-_,00.html?vgn%5fform%5fencoding=ISO%2d8859%2d1&#038;p=2&#038;c=465\">Hilfebreich der Telekom<\/a>.<\/p>\n<blockquote><p>MyPhonebook wird zum Jahresende 2013 eingestellt und durch Sync-Plus f\u00fcr E-Mail @t-online ersetzt. Neukunden raten wir daher schon heute zur Nutzung von Sync-Plus f\u00fcr E-Mail @t-online.de. MyPhonebook Bestandskunden k\u00f6nnen den Dienst selbstverst\u00e4ndlich weiterhin bis zur Einstellung nutzen.<\/p><\/blockquote>\n<p>Nutzt jemand von euch den Telekom-Sync? Falls ja, was waren eure Beweggr\u00fcnde, wo seht ihr die Vorteile?<\/p>\n","protected":false},"excerpt":{"rendered":"<a href=\"https:\/\/www.iphone-ticker.de\/telekom-schiebt-myphonebook-aufs-abstellgleis-sync-plus-tritt-nachfolge-an-52588\/\"><img width=\"150\" height=\"150\" src=\"https:\/\/images.iphone-ticker.de\/wp-content\/uploads\/2013\/08\/MYPHONE-150x150.jpg\" class=\"alignright tfe wp-post-image\" alt=\"\" decoding=\"async\" loading=\"lazy\" \/><\/a><p>Die Telekom wird den Anfang 2010 gestarteten Synchronisierungsdienst MyPhonebook zum Jahresende einstellen und durch das mit erweiterten Funktionen ausgestattete Sync-Plus ersetzen. Erst letzten Monat wurde das Sync-Plus-Angebot um eine Mac-App erweitert. Sync-Plus synchronisiert E-Mails, Kontakte und Termine mit der Telekom-Cloud und dar\u00fcber auch mit weiteren Computern und Mobilger\u00e4ten. Die Telekom informiert derzeit Kunden per SMS [&hellip;]<\/p>\n","protected":false},"author":2,"featured_media":52590,"comment_status":"open","ping_status":"closed","sticky":false,"template":"","format":"standard","meta":{"footnotes":""},"categories":[1],"tags":[229,2195,2194,363],"class_list":["post-52588","post","type-post","status-publish","format-standard","has-post-thumbnail","hentry","category-news","tag-kontakte","tag-myphonebook","tag-sync-plus","tag-telekom"],"aioseo_notices":[],"featured_image":["http:\/\/www.iphone-ticker.de\/wp-content\/uploads\/2013\/08\/MYPHONE.jpg"],"rest_api_enabler":{"featured_image":"http:\/\/www.iphone-ticker.de\/wp-content\/uploads\/2013\/08\/MYPHONE.jpg"},"_links":{"self":[{"href":"https:\/\/www.iphone-ticker.de\/apiv2\/wp\/v2\/posts\/52588","targetHints":{"allow":["GET"]}}],"collection":[{"href":"https:\/\/www.iphone-ticker.de\/apiv2\/wp\/v2\/posts"}],"about":[{"href":"https:\/\/www.iphone-ticker.de\/apiv2\/wp\/v2\/types\/post"}],"author":[{"embeddable":true,"href":"https:\/\/www.iphone-ticker.de\/apiv2\/wp\/v2\/users\/2"}],"replies":[{"embeddable":true,"href":"https:\/\/www.iphone-ticker.de\/apiv2\/wp\/v2\/comments?post=52588"}],"version-history":[{"count":2,"href":"https:\/\/www.iphone-ticker.de\/apiv2\/wp\/v2\/posts\/52588\/revisions"}],"predecessor-version":[{"id":52592,"href":"https:\/\/www.iphone-ticker.de\/apiv2\/wp\/v2\/posts\/52588\/revisions\/52592"}],"wp:featuredmedia":[{"embeddable":true,"href":"https:\/\/www.iphone-ticker.de\/apiv2\/wp\/v2\/media\/52590"}],"wp:attachment":[{"href":"https:\/\/www.iphone-ticker.de\/apiv2\/wp\/v2\/media?parent=52588"}],"wp:term":[{"taxonomy":"category","embeddable":true,"href":"https:\/\/www.iphone-ticker.de\/apiv2\/wp\/v2\/categories?post=52588"},{"taxonomy":"post_tag","embeddable":true,"href":"https:\/\/www.iphone-ticker.de\/apiv2\/wp\/v2\/tags?post=52588"}],"curies":[{"name":"wp","href":"https:\/\/api.w.org\/{rel}","templated":true}]}}