{"id":52114,"date":"2013-08-14T18:25:55","date_gmt":"2013-08-14T16:25:55","guid":{"rendered":"http:\/\/www.iphone-ticker.de\/?p=52114"},"modified":"2013-08-15T10:01:01","modified_gmt":"2013-08-15T08:01:01","slug":"downcast-podcast-mac-iphone-video","status":"publish","type":"post","link":"https:\/\/www.iphone-ticker.de\/downcast-podcast-mac-iphone-video-52114\/","title":{"rendered":"Podcast mit Downcast &#8211; Die Mac App und die iPhone App im Video"},"content":{"rendered":"<p>14 Tage nachdem wir \u00fcber die Ver\u00f6ffentlichung der 9\u20ac teuren Downcast-Anwendung f\u00fcr den Mac <a href=\"http:\/\/www.ifun.de\/podcast-app-downcast-mac-os-x-43857\/\">berichteten<\/a>, haben wir uns jetzt auch auf dem gro\u00dfen Monitor mit dem Podcast-Manager angefreundet, der sich endlich sowohl auf iPhone und iPad als auch auf Apples Desktop-Rechnern einsetzen l\u00e4sst.<\/p>\n<p><a href=\"http:\/\/www.iphone-ticker.de\/wp-content\/uploads\/2013\/08\/downcast-mac.jpg\"><img loading=\"lazy\" decoding=\"async\" class=\"aligncenter size-full wp-image-52115\" alt=\"downcast-mac\" src=\"http:\/\/www.iphone-ticker.de\/wp-content\/uploads\/2013\/08\/downcast-mac.jpg\" width=\"500\" height=\"311\" srcset=\"https:\/\/images.iphone-ticker.de\/wp-content\/uploads\/2013\/08\/downcast-mac.jpg 500w, https:\/\/images.iphone-ticker.de\/wp-content\/uploads\/2013\/08\/downcast-mac-300x186.jpg 300w\" sizes=\"auto, (max-width: 500px) 100vw, 500px\" \/><\/a><\/p>\n<p>In <a href=\"http:\/\/www.youtube.com\/watch?v=elJRUUFXHLQ\">unserem Video<\/a> zum Mittwoch-Abend werfen wir einen Blick auf das Zusammenspiel der Anwendungen f\u00fcr OS X und der f\u00fcr Apples mobile Ger\u00e4te-Familie, schauen uns die iCloud-Synchronisation der abonnierten Sendungen an und klicken uns durch die Einstellungen des Audio-Players, der neue Episoden automatisch aus dem Netz l\u00e4dt.<\/p>\n<p>Wie schnell ist der iCloud-Abgleich von Abspiel-Positionen und abonnierten Inhalten \u00fcber Apples Wolke? Welche Optionen bietet Downcast in Sachen H\u00f6rgeschwindigkeit, Sleep-Timer und Co. an? Wie unterscheiden sich die Oberfl\u00e4chen der Mac-App und der, der Universal-Anwendung f\u00fcr iPhone und iPad? Unser 8-Minuten-Clip kl\u00e4rt auf.<\/p>\n<h2>Die Software<\/h2>\n<ul>\n<li><a href=\"https:\/\/itunes.apple.com\/de\/app\/downcast\/id668429425?mt=12&amp;partnerId=2003\">Downcast f\u00fcr Mac<\/a> &#8211; Preis: 8,99\u20ac &#8211; Gr\u00f6\u00dfe: 4 MB<\/li>\n<li><a rel=\"noindex, nofollow\" href=\"http:\/\/www.ifun.de\/app\/393858566\">Downcast f\u00fcr iOS<\/a> &#8211; Preis: 2,69\u20ac &#8211; Gr\u00f6\u00dfe: 14 MB<\/li>\n<\/ul>\n<h2>Das Video<\/h2>\n<p><div class=\"responsive-video\"><iframe loading=\"lazy\" width=\"700\" height=\"400\" src=\"http:\/\/www.youtube.com\/embed\/elJRUUFXHLQ\" frameborder=\"0\" allowfullscreen><\/iframe><\/div> (<a href=\"http:\/\/youtu.be\/elJRUUFXHLQ\">Direkt-Link<\/a>)<\/p>\n","protected":false},"excerpt":{"rendered":"<a href=\"https:\/\/www.iphone-ticker.de\/downcast-podcast-mac-iphone-video-52114\/\"><img width=\"150\" height=\"150\" src=\"https:\/\/images.iphone-ticker.de\/wp-content\/uploads\/2013\/08\/downcast-feature-150x150.jpg\" class=\"alignright tfe wp-post-image\" alt=\"\" decoding=\"async\" loading=\"lazy\" \/><\/a><p>14 Tage nachdem wir \u00fcber die Ver\u00f6ffentlichung der 9\u20ac teuren Downcast-Anwendung f\u00fcr den Mac berichteten, haben wir uns jetzt auch auf dem gro\u00dfen Monitor mit dem Podcast-Manager angefreundet, der sich endlich sowohl auf iPhone und iPad als auch auf Apples Desktop-Rechnern einsetzen l\u00e4sst. In unserem Video zum Mittwoch-Abend werfen wir einen Blick auf das Zusammenspiel [&hellip;]<\/p>\n","protected":false},"author":1,"featured_media":52116,"comment_status":"open","ping_status":"closed","sticky":false,"template":"","format":"standard","meta":{"footnotes":""},"categories":[489,1975],"tags":[29,5661,532,344,53,165,166,65,8],"class_list":["post-52114","post","type-post","status-publish","format-standard","has-post-thumbnail","hentry","category-videos","category-feature","tag-download","tag-ios","tag-ipad","tag-iphone","tag-mac","tag-podcast","tag-review","tag-software","tag-video"],"aioseo_notices":[],"aioseo_head":"\n\t\t<!-- All in One SEO Pro 5.0.1 - aioseo.com -->\n\t<meta name=\"description\" content=\"14 Tage nachdem wir \u00fcber die Ver\u00f6ffentlichung der 9\u20ac teuren Downcast-Anwendung f\u00fcr den Mac berichteten, haben wir uns jetzt auch auf dem gro\u00dfen Monitor mit dem Podcast-Manager angefreundet, der sich endlich sowohl auf iPhone und iPad als auch auf Apples Desktop-Rechnern einsetzen l\u00e4sst. In unserem Video zum Mittwoch-Abend werfen wir einen Blick auf das Zusammenspiel\" \/>\n\t<meta name=\"robots\" content=\"max-image-preview:large\" \/>\n\t<meta name=\"author\" content=\"Nicolas\"\/>\n\t<meta name=\"google-site-verification\" content=\"bRuV4_wqNuoQLypC9HVKibZ0X7EtNyELtju97qgyflM\" \/>\n\t<link rel=\"canonical\" href=\"https:\/\/www.iphone-ticker.de\/downcast-podcast-mac-iphone-video-52114\/\" \/>\n\t<meta name=\"generator\" content=\"All in One SEO Pro (AIOSEO) 5.0.1\" \/>\n\t\t<meta property=\"og:locale\" content=\"de_DE\" \/>\n\t\t<meta property=\"og:site_name\" content=\"iphone-ticker.de | Alles zum iPhone. Seit 2007.\" \/>\n\t\t<meta property=\"og:type\" content=\"article\" \/>\n\t\t<meta property=\"og:title\" content=\"Podcast mit Downcast \u2013 Die Mac App und die iPhone App im Video | iphone-ticker.de\" \/>\n\t\t<meta property=\"og:description\" content=\"14 Tage nachdem wir \u00fcber die Ver\u00f6ffentlichung der 9\u20ac teuren Downcast-Anwendung f\u00fcr den Mac berichteten, haben wir uns jetzt auch auf dem gro\u00dfen Monitor mit dem Podcast-Manager angefreundet, der sich endlich sowohl auf iPhone und iPad als auch auf Apples Desktop-Rechnern einsetzen l\u00e4sst. In unserem Video zum Mittwoch-Abend werfen wir einen Blick auf das Zusammenspiel\" \/>\n\t\t<meta property=\"og:url\" content=\"https:\/\/www.iphone-ticker.de\/downcast-podcast-mac-iphone-video-52114\/\" \/>\n\t\t<meta property=\"article:published_time\" content=\"2013-08-14T16:25:55+00:00\" \/>\n\t\t<meta property=\"article:modified_time\" content=\"2013-08-15T08:01:01+00:00\" \/>\n\t\t<meta property=\"article:publisher\" content=\"https:\/\/facebook.com\/ifun.de\" \/>\n\t\t<meta name=\"twitter:card\" content=\"summary_large_image\" \/>\n\t\t<meta name=\"twitter:site\" content=\"@iphoneticker\" \/>\n\t\t<meta name=\"twitter:title\" content=\"Podcast mit Downcast \u2013 Die Mac App und die iPhone App im Video | iphone-ticker.de\" \/>\n\t\t<meta name=\"twitter:description\" content=\"14 Tage nachdem wir \u00fcber die Ver\u00f6ffentlichung der 9\u20ac teuren Downcast-Anwendung f\u00fcr den Mac berichteten, haben wir uns jetzt auch auf dem gro\u00dfen Monitor mit dem Podcast-Manager angefreundet, der sich endlich sowohl auf iPhone und iPad als auch auf Apples Desktop-Rechnern einsetzen l\u00e4sst. In unserem Video zum Mittwoch-Abend werfen wir einen Blick auf das Zusammenspiel\" \/>\n\t\t<meta name=\"twitter:creator\" content=\"@iphoneticker\" \/>\n\t\t<script type=\"application\/ld+json\" class=\"aioseo-schema\">\n\t\t\t{\"@context\":\"https:\\\/\\\/schema.org\",\"@graph\":[{\"@type\":\"BreadcrumbList\",\"@id\":\"https:\\\/\\\/www.iphone-ticker.de\\\/downcast-podcast-mac-iphone-video-52114\\\/#breadcrumblist\",\"itemListElement\":[{\"@type\":\"ListItem\",\"@id\":\"https:\\\/\\\/www.iphone-ticker.de#listItem\",\"position\":1,\"name\":\"Home\",\"item\":\"https:\\\/\\\/www.iphone-ticker.de\",\"nextItem\":{\"@type\":\"ListItem\",\"@id\":\"https:\\\/\\\/www.iphone-ticker.de\\\/category\\\/videos\\\/#listItem\",\"name\":\"Videos\"}},{\"@type\":\"ListItem\",\"@id\":\"https:\\\/\\\/www.iphone-ticker.de\\\/category\\\/videos\\\/#listItem\",\"position\":2,\"name\":\"Videos\",\"item\":\"https:\\\/\\\/www.iphone-ticker.de\\\/category\\\/videos\\\/\",\"nextItem\":{\"@type\":\"ListItem\",\"@id\":\"https:\\\/\\\/www.iphone-ticker.de\\\/downcast-podcast-mac-iphone-video-52114\\\/#listItem\",\"name\":\"Podcast mit Downcast &#8211; Die Mac App und die iPhone App im Video\"},\"previousItem\":{\"@type\":\"ListItem\",\"@id\":\"https:\\\/\\\/www.iphone-ticker.de#listItem\",\"name\":\"Home\"}},{\"@type\":\"ListItem\",\"@id\":\"https:\\\/\\\/www.iphone-ticker.de\\\/downcast-podcast-mac-iphone-video-52114\\\/#listItem\",\"position\":3,\"name\":\"Podcast mit Downcast &#8211; Die Mac App und die iPhone App im Video\",\"previousItem\":{\"@type\":\"ListItem\",\"@id\":\"https:\\\/\\\/www.iphone-ticker.de\\\/category\\\/videos\\\/#listItem\",\"name\":\"Videos\"}}]},{\"@type\":\"NewsArticle\",\"@id\":\"https:\\\/\\\/www.iphone-ticker.de\\\/downcast-podcast-mac-iphone-video-52114\\\/#newsarticle\",\"name\":\"Podcast mit Downcast \\u2013 Die Mac App und die iPhone App im Video | iphone-ticker.de\",\"headline\":\"Podcast mit Downcast &#8211; Die Mac App und die iPhone App im Video\",\"author\":{\"@id\":\"https:\\\/\\\/www.iphone-ticker.de\\\/author\\\/admin\\\/#author\"},\"publisher\":{\"@id\":\"https:\\\/\\\/www.iphone-ticker.de\\\/#organization\"},\"image\":{\"@type\":\"ImageObject\",\"url\":\"https:\\\/\\\/images.iphone-ticker.de\\\/wp-content\\\/uploads\\\/2013\\\/08\\\/downcast-feature.jpg\",\"width\":640,\"height\":252},\"datePublished\":\"2013-08-14T18:25:55+02:00\",\"dateModified\":\"2013-08-15T10:01:01+02:00\",\"inLanguage\":\"de-DE\",\"commentCount\":7,\"mainEntityOfPage\":{\"@id\":\"https:\\\/\\\/www.iphone-ticker.de\\\/downcast-podcast-mac-iphone-video-52114\\\/#webpage\"},\"isPartOf\":{\"@id\":\"https:\\\/\\\/www.iphone-ticker.de\\\/downcast-podcast-mac-iphone-video-52114\\\/#webpage\"},\"articleSection\":\"Videos, zz1A, Download, iOS, iPad, iPhone, Mac, Podcast, Review, Software, Video\",\"dateline\":\"Ver\\u00f6ffentlicht am August 14, 2013.\"},{\"@type\":\"Organization\",\"@id\":\"https:\\\/\\\/www.iphone-ticker.de\\\/#organization\",\"name\":\"aketo GmbH\",\"description\":\"Die aketo GmbH versorgt das deutschsprachige Internet mit den f\\u00fchrenden Nachrichtenangeboten zu Apple, dem iPhone, dem iPad und Apples Lifestyle-Produkten. Konzepte, Redaktion, Recherchen und Archiv.\",\"url\":\"https:\\\/\\\/www.iphone-ticker.de\\\/\",\"email\":\"ifun.de@gmail.com\",\"telephone\":\"+493057707123\",\"foundingDate\":\"2007-01-01\",\"logo\":{\"@type\":\"ImageObject\",\"url\":\"https:\\\/\\\/images.iphone-ticker.de\\\/wp-content\\\/uploads\\\/2026\\\/02\\\/apple-touch-icon.png\",\"@id\":\"https:\\\/\\\/www.iphone-ticker.de\\\/downcast-podcast-mac-iphone-video-52114\\\/#organizationLogo\",\"width\":1024,\"height\":1024,\"caption\":\"Apple Touch Icon\"},\"image\":{\"@id\":\"https:\\\/\\\/www.iphone-ticker.de\\\/downcast-podcast-mac-iphone-video-52114\\\/#organizationLogo\"},\"sameAs\":[\"https:\\\/\\\/facebook.com\\\/ifun.de\",\"https:\\\/\\\/x.com\\\/iphoneticker\"]},{\"@type\":\"Person\",\"@id\":\"https:\\\/\\\/www.iphone-ticker.de\\\/author\\\/admin\\\/#author\",\"url\":\"https:\\\/\\\/www.iphone-ticker.de\\\/author\\\/admin\\\/\",\"name\":\"Nicolas\"},{\"@type\":\"WebPage\",\"@id\":\"https:\\\/\\\/www.iphone-ticker.de\\\/downcast-podcast-mac-iphone-video-52114\\\/#webpage\",\"url\":\"https:\\\/\\\/www.iphone-ticker.de\\\/downcast-podcast-mac-iphone-video-52114\\\/\",\"name\":\"Podcast mit Downcast \\u2013 Die Mac App und die iPhone App im Video | iphone-ticker.de\",\"description\":\"14 Tage nachdem wir \\u00fcber die Ver\\u00f6ffentlichung der 9\\u20ac teuren Downcast-Anwendung f\\u00fcr den Mac berichteten, haben wir uns jetzt auch auf dem gro\\u00dfen Monitor mit dem Podcast-Manager angefreundet, der sich endlich sowohl auf iPhone und iPad als auch auf Apples Desktop-Rechnern einsetzen l\\u00e4sst. In unserem Video zum Mittwoch-Abend werfen wir einen Blick auf das Zusammenspiel\",\"inLanguage\":\"de-DE\",\"isPartOf\":{\"@id\":\"https:\\\/\\\/www.iphone-ticker.de\\\/#website\"},\"breadcrumb\":{\"@id\":\"https:\\\/\\\/www.iphone-ticker.de\\\/downcast-podcast-mac-iphone-video-52114\\\/#breadcrumblist\"},\"author\":{\"@id\":\"https:\\\/\\\/www.iphone-ticker.de\\\/author\\\/admin\\\/#author\"},\"creator\":{\"@id\":\"https:\\\/\\\/www.iphone-ticker.de\\\/author\\\/admin\\\/#author\"},\"image\":{\"@type\":\"ImageObject\",\"url\":\"https:\\\/\\\/images.iphone-ticker.de\\\/wp-content\\\/uploads\\\/2013\\\/08\\\/downcast-feature.jpg\",\"@id\":\"https:\\\/\\\/www.iphone-ticker.de\\\/downcast-podcast-mac-iphone-video-52114\\\/#mainImage\",\"width\":640,\"height\":252},\"primaryImageOfPage\":{\"@id\":\"https:\\\/\\\/www.iphone-ticker.de\\\/downcast-podcast-mac-iphone-video-52114\\\/#mainImage\"},\"datePublished\":\"2013-08-14T18:25:55+02:00\",\"dateModified\":\"2013-08-15T10:01:01+02:00\"},{\"@type\":\"WebSite\",\"@id\":\"https:\\\/\\\/www.iphone-ticker.de\\\/#website\",\"url\":\"https:\\\/\\\/www.iphone-ticker.de\\\/\",\"name\":\"iphone-ticker.de\",\"description\":\"Alles zum iPhone. Seit 2007.\",\"inLanguage\":\"de-DE\",\"publisher\":{\"@id\":\"https:\\\/\\\/www.iphone-ticker.de\\\/#organization\"}}]}\n\t\t<\/script>\n\t\t<!-- All in One SEO Pro -->\r\n\t\t<title>Podcast mit Downcast \u2013 Die Mac App und die iPhone App im Video | iphone-ticker.de<\/title>\n\n","aioseo_head_json":{"title":"Podcast mit Downcast \u2013 Die Mac App und die iPhone App im Video | iphone-ticker.de","description":"14 Tage nachdem wir \u00fcber die Ver\u00f6ffentlichung der 9\u20ac teuren Downcast-Anwendung f\u00fcr den Mac berichteten, haben wir uns jetzt auch auf dem gro\u00dfen Monitor mit dem Podcast-Manager angefreundet, der sich endlich sowohl auf iPhone und iPad als auch auf Apples Desktop-Rechnern einsetzen l\u00e4sst. In unserem Video zum Mittwoch-Abend werfen wir einen Blick auf das Zusammenspiel","canonical_url":"https:\/\/www.iphone-ticker.de\/downcast-podcast-mac-iphone-video-52114\/","robots":"max-image-preview:large","keywords":"","webmasterTools":{"google-site-verification":"bRuV4_wqNuoQLypC9HVKibZ0X7EtNyELtju97qgyflM","miscellaneous":""},"schema":{"@context":"https:\/\/schema.org","@graph":[{"@type":"BreadcrumbList","@id":"https:\/\/www.iphone-ticker.de\/downcast-podcast-mac-iphone-video-52114\/#breadcrumblist","itemListElement":[{"@type":"ListItem","@id":"https:\/\/www.iphone-ticker.de#listItem","position":1,"name":"Home","item":"https:\/\/www.iphone-ticker.de","nextItem":{"@type":"ListItem","@id":"https:\/\/www.iphone-ticker.de\/category\/videos\/#listItem","name":"Videos"}},{"@type":"ListItem","@id":"https:\/\/www.iphone-ticker.de\/category\/videos\/#listItem","position":2,"name":"Videos","item":"https:\/\/www.iphone-ticker.de\/category\/videos\/","nextItem":{"@type":"ListItem","@id":"https:\/\/www.iphone-ticker.de\/downcast-podcast-mac-iphone-video-52114\/#listItem","name":"Podcast mit Downcast &#8211; Die Mac App und die iPhone App im Video"},"previousItem":{"@type":"ListItem","@id":"https:\/\/www.iphone-ticker.de#listItem","name":"Home"}},{"@type":"ListItem","@id":"https:\/\/www.iphone-ticker.de\/downcast-podcast-mac-iphone-video-52114\/#listItem","position":3,"name":"Podcast mit Downcast &#8211; Die Mac App und die iPhone App im Video","previousItem":{"@type":"ListItem","@id":"https:\/\/www.iphone-ticker.de\/category\/videos\/#listItem","name":"Videos"}}]},{"@type":"NewsArticle","@id":"https:\/\/www.iphone-ticker.de\/downcast-podcast-mac-iphone-video-52114\/#newsarticle","name":"Podcast mit Downcast \u2013 Die Mac App und die iPhone App im Video | iphone-ticker.de","headline":"Podcast mit Downcast &#8211; Die Mac App und die iPhone App im Video","author":{"@id":"https:\/\/www.iphone-ticker.de\/author\/admin\/#author"},"publisher":{"@id":"https:\/\/www.iphone-ticker.de\/#organization"},"image":{"@type":"ImageObject","url":"https:\/\/images.iphone-ticker.de\/wp-content\/uploads\/2013\/08\/downcast-feature.jpg","width":640,"height":252},"datePublished":"2013-08-14T18:25:55+02:00","dateModified":"2013-08-15T10:01:01+02:00","inLanguage":"de-DE","commentCount":7,"mainEntityOfPage":{"@id":"https:\/\/www.iphone-ticker.de\/downcast-podcast-mac-iphone-video-52114\/#webpage"},"isPartOf":{"@id":"https:\/\/www.iphone-ticker.de\/downcast-podcast-mac-iphone-video-52114\/#webpage"},"articleSection":"Videos, zz1A, Download, iOS, iPad, iPhone, Mac, Podcast, Review, Software, Video","dateline":"Ver\u00f6ffentlicht am August 14, 2013."},{"@type":"Organization","@id":"https:\/\/www.iphone-ticker.de\/#organization","name":"aketo GmbH","description":"Die aketo GmbH versorgt das deutschsprachige Internet mit den f\u00fchrenden Nachrichtenangeboten zu Apple, dem iPhone, dem iPad und Apples Lifestyle-Produkten. Konzepte, Redaktion, Recherchen und Archiv.","url":"https:\/\/www.iphone-ticker.de\/","email":"ifun.de@gmail.com","telephone":"+493057707123","foundingDate":"2007-01-01","logo":{"@type":"ImageObject","url":"https:\/\/images.iphone-ticker.de\/wp-content\/uploads\/2026\/02\/apple-touch-icon.png","@id":"https:\/\/www.iphone-ticker.de\/downcast-podcast-mac-iphone-video-52114\/#organizationLogo","width":1024,"height":1024,"caption":"Apple Touch Icon"},"image":{"@id":"https:\/\/www.iphone-ticker.de\/downcast-podcast-mac-iphone-video-52114\/#organizationLogo"},"sameAs":["https:\/\/facebook.com\/ifun.de","https:\/\/x.com\/iphoneticker"]},{"@type":"Person","@id":"https:\/\/www.iphone-ticker.de\/author\/admin\/#author","url":"https:\/\/www.iphone-ticker.de\/author\/admin\/","name":"Nicolas"},{"@type":"WebPage","@id":"https:\/\/www.iphone-ticker.de\/downcast-podcast-mac-iphone-video-52114\/#webpage","url":"https:\/\/www.iphone-ticker.de\/downcast-podcast-mac-iphone-video-52114\/","name":"Podcast mit Downcast \u2013 Die Mac App und die iPhone App im Video | iphone-ticker.de","description":"14 Tage nachdem wir \u00fcber die Ver\u00f6ffentlichung der 9\u20ac teuren Downcast-Anwendung f\u00fcr den Mac berichteten, haben wir uns jetzt auch auf dem gro\u00dfen Monitor mit dem Podcast-Manager angefreundet, der sich endlich sowohl auf iPhone und iPad als auch auf Apples Desktop-Rechnern einsetzen l\u00e4sst. In unserem Video zum Mittwoch-Abend werfen wir einen Blick auf das Zusammenspiel","inLanguage":"de-DE","isPartOf":{"@id":"https:\/\/www.iphone-ticker.de\/#website"},"breadcrumb":{"@id":"https:\/\/www.iphone-ticker.de\/downcast-podcast-mac-iphone-video-52114\/#breadcrumblist"},"author":{"@id":"https:\/\/www.iphone-ticker.de\/author\/admin\/#author"},"creator":{"@id":"https:\/\/www.iphone-ticker.de\/author\/admin\/#author"},"image":{"@type":"ImageObject","url":"https:\/\/images.iphone-ticker.de\/wp-content\/uploads\/2013\/08\/downcast-feature.jpg","@id":"https:\/\/www.iphone-ticker.de\/downcast-podcast-mac-iphone-video-52114\/#mainImage","width":640,"height":252},"primaryImageOfPage":{"@id":"https:\/\/www.iphone-ticker.de\/downcast-podcast-mac-iphone-video-52114\/#mainImage"},"datePublished":"2013-08-14T18:25:55+02:00","dateModified":"2013-08-15T10:01:01+02:00"},{"@type":"WebSite","@id":"https:\/\/www.iphone-ticker.de\/#website","url":"https:\/\/www.iphone-ticker.de\/","name":"iphone-ticker.de","description":"Alles zum iPhone. Seit 2007.","inLanguage":"de-DE","publisher":{"@id":"https:\/\/www.iphone-ticker.de\/#organization"}}]},"og:locale":"de_DE","og:site_name":"iphone-ticker.de | Alles zum iPhone. Seit 2007.","og:type":"article","og:title":"Podcast mit Downcast \u2013 Die Mac App und die iPhone App im Video | iphone-ticker.de","og:description":"14 Tage nachdem wir \u00fcber die Ver\u00f6ffentlichung der 9\u20ac teuren Downcast-Anwendung f\u00fcr den Mac berichteten, haben wir uns jetzt auch auf dem gro\u00dfen Monitor mit dem Podcast-Manager angefreundet, der sich endlich sowohl auf iPhone und iPad als auch auf Apples Desktop-Rechnern einsetzen l\u00e4sst. In unserem Video zum Mittwoch-Abend werfen wir einen Blick auf das Zusammenspiel","og:url":"https:\/\/www.iphone-ticker.de\/downcast-podcast-mac-iphone-video-52114\/","article:published_time":"2013-08-14T16:25:55+00:00","article:modified_time":"2013-08-15T08:01:01+00:00","article:publisher":"https:\/\/facebook.com\/ifun.de","twitter:card":"summary_large_image","twitter:site":"@iphoneticker","twitter:title":"Podcast mit Downcast \u2013 Die Mac App und die iPhone App im Video | iphone-ticker.de","twitter:description":"14 Tage nachdem wir \u00fcber die Ver\u00f6ffentlichung der 9\u20ac teuren Downcast-Anwendung f\u00fcr den Mac berichteten, haben wir uns jetzt auch auf dem gro\u00dfen Monitor mit dem Podcast-Manager angefreundet, der sich endlich sowohl auf iPhone und iPad als auch auf Apples Desktop-Rechnern einsetzen l\u00e4sst. In unserem Video zum Mittwoch-Abend werfen wir einen Blick auf das Zusammenspiel","twitter:creator":"@iphoneticker"},"aioseo_meta_data":{"post_id":"52114","title":null,"description":null,"keywords":null,"keyphrases":null,"primary_term":null,"canonical_url":null,"og_title":null,"og_description":null,"og_object_type":"default","og_image_type":"default","og_image_url":null,"og_image_width":null,"og_image_height":null,"og_image_custom_url":null,"og_image_custom_fields":null,"og_video":null,"og_custom_url":null,"og_article_section":null,"og_article_tags":null,"twitter_use_og":false,"twitter_card":"default","twitter_image_type":"default","twitter_image_url":null,"twitter_image_custom_url":null,"twitter_image_custom_fields":null,"twitter_title":null,"twitter_description":null,"schema":{"blockGraphs":[],"customGraphs":[],"default":{"data":{"Article":[],"Course":[],"Dataset":[],"FAQPage":[],"Movie":[],"Person":[],"Product":[],"ProductReview":[],"Car":[],"Recipe":[],"Service":[],"SoftwareApplication":[],"WebPage":[]},"graphName":"NewsArticle","isEnabled":true},"graphs":[]},"schema_type":"default","schema_type_options":null,"pillar_content":false,"robots_default":true,"robots_noindex":false,"robots_noarchive":false,"robots_nosnippet":false,"robots_nofollow":false,"robots_noimageindex":false,"robots_noodp":false,"robots_notranslate":false,"robots_max_snippet":null,"robots_max_videopreview":null,"robots_max_imagepreview":"large","priority":null,"frequency":null,"local_seo":null,"seo_analyzer_scan_date":"2026-07-01 20:05:49","breadcrumb_settings":null,"limit_modified_date":false,"open_ai":null,"ai":null,"created":"2026-02-19 23:02:30","updated":"2026-07-01 20:05:49","focus_keyword":null,"additional_keywords":null,"truseo_locale":null},"aioseo_breadcrumb":"<div class=\"aioseo-breadcrumbs\"><span class=\"aioseo-breadcrumb\">\n\t<a href=\"https:\/\/www.iphone-ticker.de\" title=\"Home\">Home<\/a>\n<\/span><span class=\"aioseo-breadcrumb-separator\">\u00bb<\/span><span class=\"aioseo-breadcrumb\">\n\t<a href=\"https:\/\/www.iphone-ticker.de\/category\/videos\/\" title=\"Videos\">Videos<\/a>\n<\/span><span class=\"aioseo-breadcrumb-separator\">\u00bb<\/span><span class=\"aioseo-breadcrumb\">\n\tPodcast mit Downcast \u2013 Die Mac App und die iPhone App im Video\n<\/span><\/div>","aioseo_breadcrumb_json":[{"label":"Home","link":"https:\/\/www.iphone-ticker.de"},{"label":"Videos","link":"https:\/\/www.iphone-ticker.de\/category\/videos\/"},{"label":"Podcast mit Downcast &#8211; Die Mac App und die iPhone App im Video","link":"https:\/\/www.iphone-ticker.de\/downcast-podcast-mac-iphone-video-52114\/"}],"featured_image":["http:\/\/www.iphone-ticker.de\/wp-content\/uploads\/2013\/08\/downcast-feature.jpg"],"rest_api_enabler":{"featured_image":"http:\/\/www.iphone-ticker.de\/wp-content\/uploads\/2013\/08\/downcast-feature.jpg"},"_links":{"self":[{"href":"https:\/\/www.iphone-ticker.de\/apiv2\/wp\/v2\/posts\/52114","targetHints":{"allow":["GET"]}}],"collection":[{"href":"https:\/\/www.iphone-ticker.de\/apiv2\/wp\/v2\/posts"}],"about":[{"href":"https:\/\/www.iphone-ticker.de\/apiv2\/wp\/v2\/types\/post"}],"author":[{"embeddable":true,"href":"https:\/\/www.iphone-ticker.de\/apiv2\/wp\/v2\/users\/1"}],"replies":[{"embeddable":true,"href":"https:\/\/www.iphone-ticker.de\/apiv2\/wp\/v2\/comments?post=52114"}],"version-history":[{"count":4,"href":"https:\/\/www.iphone-ticker.de\/apiv2\/wp\/v2\/posts\/52114\/revisions"}],"predecessor-version":[{"id":52141,"href":"https:\/\/www.iphone-ticker.de\/apiv2\/wp\/v2\/posts\/52114\/revisions\/52141"}],"wp:featuredmedia":[{"embeddable":true,"href":"https:\/\/www.iphone-ticker.de\/apiv2\/wp\/v2\/media\/52116"}],"wp:attachment":[{"href":"https:\/\/www.iphone-ticker.de\/apiv2\/wp\/v2\/media?parent=52114"}],"wp:term":[{"taxonomy":"category","embeddable":true,"href":"https:\/\/www.iphone-ticker.de\/apiv2\/wp\/v2\/categories?post=52114"},{"taxonomy":"post_tag","embeddable":true,"href":"https:\/\/www.iphone-ticker.de\/apiv2\/wp\/v2\/tags?post=52114"}],"curies":[{"name":"wp","href":"https:\/\/api.w.org\/{rel}","templated":true}]}}