{"id":51537,"date":"2013-08-03T09:35:20","date_gmt":"2013-08-03T07:35:20","guid":{"rendered":"http:\/\/www.iphone-ticker.de\/?p=51537"},"modified":"2013-08-03T09:46:58","modified_gmt":"2013-08-03T07:46:58","slug":"iphone-5c-ipad-5-videos","status":"publish","type":"post","link":"https:\/\/www.iphone-ticker.de\/iphone-5c-ipad-5-videos-51537\/","title":{"rendered":"iPhone 5C? iPad 5? Die vermeintlichen Geh\u00e4use der beiden Ger\u00e4te im Video"},"content":{"rendered":"<p>Zeigen die beiden unten eingebetteten Videos tats\u00e4chlich die Geh\u00e4use der kommenden iPhone- und iPad-Modelle? In jedem Fall dokumentieren sie noch einmal anschaulich den gegenw\u00e4rtigen Stand der Erwartungen.<\/p>\n<p><a href=\"http:\/\/www.iphone-ticker.de\/wp-content\/uploads\/2013\/08\/vidscreens.jpg\"><img loading=\"lazy\" decoding=\"async\" src=\"http:\/\/www.iphone-ticker.de\/wp-content\/uploads\/2013\/08\/vidscreens.jpg\" alt=\"vidscreens\" width=\"500\" height=\"134\" class=\"alignnone size-full wp-image-51545\" srcset=\"https:\/\/images.iphone-ticker.de\/wp-content\/uploads\/2013\/08\/vidscreens.jpg 500w, https:\/\/images.iphone-ticker.de\/wp-content\/uploads\/2013\/08\/vidscreens-300x80.jpg 300w\" sizes=\"auto, (max-width: 500px) 100vw, 500px\" \/><\/a><\/p>\n<p>Das gro\u00dfe iPad mit einem an die Formen des iPad mini angelehnten Geh\u00e4use und deutlich schmaleren seitlichen Bildschirmr\u00e4ndern. Das (&#8222;Billig-&#8222;)iPhone mit der mittlerweile allseits bekannten Kunststoffr\u00fcckschale und ebenfalls abgerundeten Kanten.<\/p>\n<p><div class=\"responsive-video\"><iframe loading=\"lazy\" width=\"700\" height=\"394\" src=\"\/\/www.youtube.com\/embed\/h2l-aVWW9sk\" frameborder=\"0\" allowfullscreen><\/iframe><\/div>(<a href=\"http:\/\/youtu.be\/h2l-aVWW9sk\">Direktlink zum Video<\/a>)<\/p>\n<p><div class=\"responsive-video\"><iframe loading=\"lazy\" width=\"700\" height=\"394\" src=\"\/\/www.youtube.com\/embed\/TyqVzO90zx0\" frameborder=\"0\" allowfullscreen><\/iframe><\/div>(<a href=\"http:\/\/youtu.be\/TyqVzO90zx0\">Direktlink zum Video<\/a>)<br \/>\n(via <a href=\"http:\/\/www.sonnydickson.com\/2013\/08\/03\/iphone-5c-ipad-5\/\">SonnyDickson<\/a>)<\/p>\n","protected":false},"excerpt":{"rendered":"<a href=\"https:\/\/www.iphone-ticker.de\/iphone-5c-ipad-5-videos-51537\/\"><img width=\"150\" height=\"150\" src=\"https:\/\/images.iphone-ticker.de\/wp-content\/uploads\/2013\/08\/iphone5c-icon.jpg\" class=\"alignright tfe wp-post-image\" alt=\"\" decoding=\"async\" loading=\"lazy\" \/><\/a><p>Zeigen die beiden unten eingebetteten Videos tats\u00e4chlich die Geh\u00e4use der kommenden iPhone- und iPad-Modelle? In jedem Fall dokumentieren sie noch einmal anschaulich den gegenw\u00e4rtigen Stand der Erwartungen. Das gro\u00dfe iPad mit einem an die Formen des iPad mini angelehnten Geh\u00e4use und deutlich schmaleren seitlichen Bildschirmr\u00e4ndern. Das (&#8222;Billig-&#8222;)iPhone mit der mittlerweile allseits bekannten Kunststoffr\u00fcckschale und ebenfalls [&hellip;]<\/p>\n","protected":false},"author":2,"featured_media":51540,"comment_status":"open","ping_status":"closed","sticky":false,"template":"","format":"standard","meta":{"footnotes":""},"categories":[6],"tags":[2064,2160,2141],"class_list":["post-51537","post","type-post","status-publish","format-standard","has-post-thumbnail","hentry","category-rumors","tag-geruechte","tag-ipad-5","tag-iphone-5c"],"aioseo_notices":[],"aioseo_head":"\n\t\t<!-- All in One SEO Pro 5.0.1 - aioseo.com -->\n\t<meta name=\"description\" content=\"Zeigen die beiden unten eingebetteten Videos tats\u00e4chlich die Geh\u00e4use der kommenden iPhone- und iPad-Modelle? In jedem Fall dokumentieren sie noch einmal anschaulich den gegenw\u00e4rtigen Stand der Erwartungen. Das gro\u00dfe iPad mit einem an die Formen des iPad mini angelehnten Geh\u00e4use und deutlich schmaleren seitlichen Bildschirmr\u00e4ndern. Das (&quot;Billig-&quot;)iPhone mit der mittlerweile allseits bekannten Kunststoffr\u00fcckschale und ebenfalls\" \/>\n\t<meta name=\"robots\" content=\"max-image-preview:large\" \/>\n\t<meta name=\"author\" content=\"chris\"\/>\n\t<meta name=\"google-site-verification\" content=\"bRuV4_wqNuoQLypC9HVKibZ0X7EtNyELtju97qgyflM\" \/>\n\t<link rel=\"canonical\" href=\"https:\/\/www.iphone-ticker.de\/iphone-5c-ipad-5-videos-51537\/\" \/>\n\t<meta name=\"generator\" content=\"All in One SEO Pro (AIOSEO) 5.0.1\" \/>\n\t\t<meta property=\"og:locale\" content=\"de_DE\" \/>\n\t\t<meta property=\"og:site_name\" content=\"iphone-ticker.de | Alles zum iPhone. Seit 2007.\" \/>\n\t\t<meta property=\"og:type\" content=\"article\" \/>\n\t\t<meta property=\"og:title\" content=\"iPhone 5C? iPad 5? Die vermeintlichen Geh\u00e4use der beiden Ger\u00e4te im Video | iphone-ticker.de\" \/>\n\t\t<meta property=\"og:description\" content=\"Zeigen die beiden unten eingebetteten Videos tats\u00e4chlich die Geh\u00e4use der kommenden iPhone- und iPad-Modelle? In jedem Fall dokumentieren sie noch einmal anschaulich den gegenw\u00e4rtigen Stand der Erwartungen. Das gro\u00dfe iPad mit einem an die Formen des iPad mini angelehnten Geh\u00e4use und deutlich schmaleren seitlichen Bildschirmr\u00e4ndern. Das (&quot;Billig-&quot;)iPhone mit der mittlerweile allseits bekannten Kunststoffr\u00fcckschale und ebenfalls\" \/>\n\t\t<meta property=\"og:url\" content=\"https:\/\/www.iphone-ticker.de\/iphone-5c-ipad-5-videos-51537\/\" \/>\n\t\t<meta property=\"article:published_time\" content=\"2013-08-03T07:35:20+00:00\" \/>\n\t\t<meta property=\"article:modified_time\" content=\"2013-08-03T07:46:58+00:00\" \/>\n\t\t<meta property=\"article:publisher\" content=\"https:\/\/facebook.com\/ifun.de\" \/>\n\t\t<meta name=\"twitter:card\" content=\"summary_large_image\" \/>\n\t\t<meta name=\"twitter:site\" content=\"@iphoneticker\" \/>\n\t\t<meta name=\"twitter:title\" content=\"iPhone 5C? iPad 5? Die vermeintlichen Geh\u00e4use der beiden Ger\u00e4te im Video | iphone-ticker.de\" \/>\n\t\t<meta name=\"twitter:description\" content=\"Zeigen die beiden unten eingebetteten Videos tats\u00e4chlich die Geh\u00e4use der kommenden iPhone- und iPad-Modelle? In jedem Fall dokumentieren sie noch einmal anschaulich den gegenw\u00e4rtigen Stand der Erwartungen. Das gro\u00dfe iPad mit einem an die Formen des iPad mini angelehnten Geh\u00e4use und deutlich schmaleren seitlichen Bildschirmr\u00e4ndern. Das (&quot;Billig-&quot;)iPhone mit der mittlerweile allseits bekannten Kunststoffr\u00fcckschale und ebenfalls\" \/>\n\t\t<meta name=\"twitter:creator\" content=\"@iphoneticker\" \/>\n\t\t<script type=\"application\/ld+json\" class=\"aioseo-schema\">\n\t\t\t{\"@context\":\"https:\\\/\\\/schema.org\",\"@graph\":[{\"@type\":\"BreadcrumbList\",\"@id\":\"https:\\\/\\\/www.iphone-ticker.de\\\/iphone-5c-ipad-5-videos-51537\\\/#breadcrumblist\",\"itemListElement\":[{\"@type\":\"ListItem\",\"@id\":\"https:\\\/\\\/www.iphone-ticker.de#listItem\",\"position\":1,\"name\":\"Home\",\"item\":\"https:\\\/\\\/www.iphone-ticker.de\",\"nextItem\":{\"@type\":\"ListItem\",\"@id\":\"https:\\\/\\\/www.iphone-ticker.de\\\/category\\\/rumors\\\/#listItem\",\"name\":\"Rumors\"}},{\"@type\":\"ListItem\",\"@id\":\"https:\\\/\\\/www.iphone-ticker.de\\\/category\\\/rumors\\\/#listItem\",\"position\":2,\"name\":\"Rumors\",\"item\":\"https:\\\/\\\/www.iphone-ticker.de\\\/category\\\/rumors\\\/\",\"nextItem\":{\"@type\":\"ListItem\",\"@id\":\"https:\\\/\\\/www.iphone-ticker.de\\\/iphone-5c-ipad-5-videos-51537\\\/#listItem\",\"name\":\"iPhone 5C? iPad 5? Die vermeintlichen Geh\\u00e4use der beiden Ger\\u00e4te im Video\"},\"previousItem\":{\"@type\":\"ListItem\",\"@id\":\"https:\\\/\\\/www.iphone-ticker.de#listItem\",\"name\":\"Home\"}},{\"@type\":\"ListItem\",\"@id\":\"https:\\\/\\\/www.iphone-ticker.de\\\/iphone-5c-ipad-5-videos-51537\\\/#listItem\",\"position\":3,\"name\":\"iPhone 5C? iPad 5? Die vermeintlichen Geh\\u00e4use der beiden Ger\\u00e4te im Video\",\"previousItem\":{\"@type\":\"ListItem\",\"@id\":\"https:\\\/\\\/www.iphone-ticker.de\\\/category\\\/rumors\\\/#listItem\",\"name\":\"Rumors\"}}]},{\"@type\":\"NewsArticle\",\"@id\":\"https:\\\/\\\/www.iphone-ticker.de\\\/iphone-5c-ipad-5-videos-51537\\\/#newsarticle\",\"name\":\"iPhone 5C? iPad 5? Die vermeintlichen Geh\\u00e4use der beiden Ger\\u00e4te im Video | iphone-ticker.de\",\"headline\":\"iPhone 5C? iPad 5? Die vermeintlichen Geh\\u00e4use der beiden Ger\\u00e4te im Video\",\"author\":{\"@id\":\"https:\\\/\\\/www.iphone-ticker.de\\\/author\\\/chris\\\/#author\"},\"publisher\":{\"@id\":\"https:\\\/\\\/www.iphone-ticker.de\\\/#organization\"},\"image\":{\"@type\":\"ImageObject\",\"url\":\"https:\\\/\\\/images.iphone-ticker.de\\\/wp-content\\\/uploads\\\/2013\\\/08\\\/iphone5c-icon.jpg\",\"width\":150,\"height\":150},\"datePublished\":\"2013-08-03T09:35:20+02:00\",\"dateModified\":\"2013-08-03T09:46:58+02:00\",\"inLanguage\":\"de-DE\",\"commentCount\":100,\"mainEntityOfPage\":{\"@id\":\"https:\\\/\\\/www.iphone-ticker.de\\\/iphone-5c-ipad-5-videos-51537\\\/#webpage\"},\"isPartOf\":{\"@id\":\"https:\\\/\\\/www.iphone-ticker.de\\\/iphone-5c-ipad-5-videos-51537\\\/#webpage\"},\"articleSection\":\"Rumors, Ger\\u00fcchte, iPad 5, iPhone 5c\",\"dateline\":\"Ver\\u00f6ffentlicht am August 3, 2013.\"},{\"@type\":\"Organization\",\"@id\":\"https:\\\/\\\/www.iphone-ticker.de\\\/#organization\",\"name\":\"aketo GmbH\",\"description\":\"Die aketo GmbH versorgt das deutschsprachige Internet mit den f\\u00fchrenden Nachrichtenangeboten zu Apple, dem iPhone, dem iPad und Apples Lifestyle-Produkten. Konzepte, Redaktion, Recherchen und Archiv.\",\"url\":\"https:\\\/\\\/www.iphone-ticker.de\\\/\",\"email\":\"ifun.de@gmail.com\",\"telephone\":\"+493057707123\",\"foundingDate\":\"2007-01-01\",\"logo\":{\"@type\":\"ImageObject\",\"url\":\"https:\\\/\\\/images.iphone-ticker.de\\\/wp-content\\\/uploads\\\/2026\\\/02\\\/apple-touch-icon.png\",\"@id\":\"https:\\\/\\\/www.iphone-ticker.de\\\/iphone-5c-ipad-5-videos-51537\\\/#organizationLogo\",\"width\":1024,\"height\":1024,\"caption\":\"Apple Touch Icon\"},\"image\":{\"@id\":\"https:\\\/\\\/www.iphone-ticker.de\\\/iphone-5c-ipad-5-videos-51537\\\/#organizationLogo\"},\"sameAs\":[\"https:\\\/\\\/facebook.com\\\/ifun.de\",\"https:\\\/\\\/x.com\\\/iphoneticker\"]},{\"@type\":\"Person\",\"@id\":\"https:\\\/\\\/www.iphone-ticker.de\\\/author\\\/chris\\\/#author\",\"url\":\"https:\\\/\\\/www.iphone-ticker.de\\\/author\\\/chris\\\/\",\"name\":\"chris\"},{\"@type\":\"WebPage\",\"@id\":\"https:\\\/\\\/www.iphone-ticker.de\\\/iphone-5c-ipad-5-videos-51537\\\/#webpage\",\"url\":\"https:\\\/\\\/www.iphone-ticker.de\\\/iphone-5c-ipad-5-videos-51537\\\/\",\"name\":\"iPhone 5C? iPad 5? Die vermeintlichen Geh\\u00e4use der beiden Ger\\u00e4te im Video | iphone-ticker.de\",\"description\":\"Zeigen die beiden unten eingebetteten Videos tats\\u00e4chlich die Geh\\u00e4use der kommenden iPhone- und iPad-Modelle? In jedem Fall dokumentieren sie noch einmal anschaulich den gegenw\\u00e4rtigen Stand der Erwartungen. Das gro\\u00dfe iPad mit einem an die Formen des iPad mini angelehnten Geh\\u00e4use und deutlich schmaleren seitlichen Bildschirmr\\u00e4ndern. Das (\\\"Billig-\\\")iPhone mit der mittlerweile allseits bekannten Kunststoffr\\u00fcckschale und ebenfalls\",\"inLanguage\":\"de-DE\",\"isPartOf\":{\"@id\":\"https:\\\/\\\/www.iphone-ticker.de\\\/#website\"},\"breadcrumb\":{\"@id\":\"https:\\\/\\\/www.iphone-ticker.de\\\/iphone-5c-ipad-5-videos-51537\\\/#breadcrumblist\"},\"author\":{\"@id\":\"https:\\\/\\\/www.iphone-ticker.de\\\/author\\\/chris\\\/#author\"},\"creator\":{\"@id\":\"https:\\\/\\\/www.iphone-ticker.de\\\/author\\\/chris\\\/#author\"},\"image\":{\"@type\":\"ImageObject\",\"url\":\"https:\\\/\\\/images.iphone-ticker.de\\\/wp-content\\\/uploads\\\/2013\\\/08\\\/iphone5c-icon.jpg\",\"@id\":\"https:\\\/\\\/www.iphone-ticker.de\\\/iphone-5c-ipad-5-videos-51537\\\/#mainImage\",\"width\":150,\"height\":150},\"primaryImageOfPage\":{\"@id\":\"https:\\\/\\\/www.iphone-ticker.de\\\/iphone-5c-ipad-5-videos-51537\\\/#mainImage\"},\"datePublished\":\"2013-08-03T09:35:20+02:00\",\"dateModified\":\"2013-08-03T09:46:58+02:00\"},{\"@type\":\"WebSite\",\"@id\":\"https:\\\/\\\/www.iphone-ticker.de\\\/#website\",\"url\":\"https:\\\/\\\/www.iphone-ticker.de\\\/\",\"name\":\"iphone-ticker.de\",\"description\":\"Alles zum iPhone. Seit 2007.\",\"inLanguage\":\"de-DE\",\"publisher\":{\"@id\":\"https:\\\/\\\/www.iphone-ticker.de\\\/#organization\"}}]}\n\t\t<\/script>\n\t\t<!-- All in One SEO Pro -->\r\n\t\t<title>iPhone 5C? iPad 5? Die vermeintlichen Geh\u00e4use der beiden Ger\u00e4te im Video | iphone-ticker.de<\/title>\n\n","aioseo_head_json":{"title":"iPhone 5C? iPad 5? Die vermeintlichen Geh\u00e4use der beiden Ger\u00e4te im Video | iphone-ticker.de","description":"Zeigen die beiden unten eingebetteten Videos tats\u00e4chlich die Geh\u00e4use der kommenden iPhone- und iPad-Modelle? In jedem Fall dokumentieren sie noch einmal anschaulich den gegenw\u00e4rtigen Stand der Erwartungen. Das gro\u00dfe iPad mit einem an die Formen des iPad mini angelehnten Geh\u00e4use und deutlich schmaleren seitlichen Bildschirmr\u00e4ndern. Das (\"Billig-\")iPhone mit der mittlerweile allseits bekannten Kunststoffr\u00fcckschale und ebenfalls","canonical_url":"https:\/\/www.iphone-ticker.de\/iphone-5c-ipad-5-videos-51537\/","robots":"max-image-preview:large","keywords":"","webmasterTools":{"google-site-verification":"bRuV4_wqNuoQLypC9HVKibZ0X7EtNyELtju97qgyflM","miscellaneous":""},"schema":{"@context":"https:\/\/schema.org","@graph":[{"@type":"BreadcrumbList","@id":"https:\/\/www.iphone-ticker.de\/iphone-5c-ipad-5-videos-51537\/#breadcrumblist","itemListElement":[{"@type":"ListItem","@id":"https:\/\/www.iphone-ticker.de#listItem","position":1,"name":"Home","item":"https:\/\/www.iphone-ticker.de","nextItem":{"@type":"ListItem","@id":"https:\/\/www.iphone-ticker.de\/category\/rumors\/#listItem","name":"Rumors"}},{"@type":"ListItem","@id":"https:\/\/www.iphone-ticker.de\/category\/rumors\/#listItem","position":2,"name":"Rumors","item":"https:\/\/www.iphone-ticker.de\/category\/rumors\/","nextItem":{"@type":"ListItem","@id":"https:\/\/www.iphone-ticker.de\/iphone-5c-ipad-5-videos-51537\/#listItem","name":"iPhone 5C? iPad 5? Die vermeintlichen Geh\u00e4use der beiden Ger\u00e4te im Video"},"previousItem":{"@type":"ListItem","@id":"https:\/\/www.iphone-ticker.de#listItem","name":"Home"}},{"@type":"ListItem","@id":"https:\/\/www.iphone-ticker.de\/iphone-5c-ipad-5-videos-51537\/#listItem","position":3,"name":"iPhone 5C? iPad 5? Die vermeintlichen Geh\u00e4use der beiden Ger\u00e4te im Video","previousItem":{"@type":"ListItem","@id":"https:\/\/www.iphone-ticker.de\/category\/rumors\/#listItem","name":"Rumors"}}]},{"@type":"NewsArticle","@id":"https:\/\/www.iphone-ticker.de\/iphone-5c-ipad-5-videos-51537\/#newsarticle","name":"iPhone 5C? iPad 5? Die vermeintlichen Geh\u00e4use der beiden Ger\u00e4te im Video | iphone-ticker.de","headline":"iPhone 5C? iPad 5? Die vermeintlichen Geh\u00e4use der beiden Ger\u00e4te im Video","author":{"@id":"https:\/\/www.iphone-ticker.de\/author\/chris\/#author"},"publisher":{"@id":"https:\/\/www.iphone-ticker.de\/#organization"},"image":{"@type":"ImageObject","url":"https:\/\/images.iphone-ticker.de\/wp-content\/uploads\/2013\/08\/iphone5c-icon.jpg","width":150,"height":150},"datePublished":"2013-08-03T09:35:20+02:00","dateModified":"2013-08-03T09:46:58+02:00","inLanguage":"de-DE","commentCount":100,"mainEntityOfPage":{"@id":"https:\/\/www.iphone-ticker.de\/iphone-5c-ipad-5-videos-51537\/#webpage"},"isPartOf":{"@id":"https:\/\/www.iphone-ticker.de\/iphone-5c-ipad-5-videos-51537\/#webpage"},"articleSection":"Rumors, Ger\u00fcchte, iPad 5, iPhone 5c","dateline":"Ver\u00f6ffentlicht am August 3, 2013."},{"@type":"Organization","@id":"https:\/\/www.iphone-ticker.de\/#organization","name":"aketo GmbH","description":"Die aketo GmbH versorgt das deutschsprachige Internet mit den f\u00fchrenden Nachrichtenangeboten zu Apple, dem iPhone, dem iPad und Apples Lifestyle-Produkten. Konzepte, Redaktion, Recherchen und Archiv.","url":"https:\/\/www.iphone-ticker.de\/","email":"ifun.de@gmail.com","telephone":"+493057707123","foundingDate":"2007-01-01","logo":{"@type":"ImageObject","url":"https:\/\/images.iphone-ticker.de\/wp-content\/uploads\/2026\/02\/apple-touch-icon.png","@id":"https:\/\/www.iphone-ticker.de\/iphone-5c-ipad-5-videos-51537\/#organizationLogo","width":1024,"height":1024,"caption":"Apple Touch Icon"},"image":{"@id":"https:\/\/www.iphone-ticker.de\/iphone-5c-ipad-5-videos-51537\/#organizationLogo"},"sameAs":["https:\/\/facebook.com\/ifun.de","https:\/\/x.com\/iphoneticker"]},{"@type":"Person","@id":"https:\/\/www.iphone-ticker.de\/author\/chris\/#author","url":"https:\/\/www.iphone-ticker.de\/author\/chris\/","name":"chris"},{"@type":"WebPage","@id":"https:\/\/www.iphone-ticker.de\/iphone-5c-ipad-5-videos-51537\/#webpage","url":"https:\/\/www.iphone-ticker.de\/iphone-5c-ipad-5-videos-51537\/","name":"iPhone 5C? iPad 5? Die vermeintlichen Geh\u00e4use der beiden Ger\u00e4te im Video | iphone-ticker.de","description":"Zeigen die beiden unten eingebetteten Videos tats\u00e4chlich die Geh\u00e4use der kommenden iPhone- und iPad-Modelle? In jedem Fall dokumentieren sie noch einmal anschaulich den gegenw\u00e4rtigen Stand der Erwartungen. Das gro\u00dfe iPad mit einem an die Formen des iPad mini angelehnten Geh\u00e4use und deutlich schmaleren seitlichen Bildschirmr\u00e4ndern. Das (\"Billig-\")iPhone mit der mittlerweile allseits bekannten Kunststoffr\u00fcckschale und ebenfalls","inLanguage":"de-DE","isPartOf":{"@id":"https:\/\/www.iphone-ticker.de\/#website"},"breadcrumb":{"@id":"https:\/\/www.iphone-ticker.de\/iphone-5c-ipad-5-videos-51537\/#breadcrumblist"},"author":{"@id":"https:\/\/www.iphone-ticker.de\/author\/chris\/#author"},"creator":{"@id":"https:\/\/www.iphone-ticker.de\/author\/chris\/#author"},"image":{"@type":"ImageObject","url":"https:\/\/images.iphone-ticker.de\/wp-content\/uploads\/2013\/08\/iphone5c-icon.jpg","@id":"https:\/\/www.iphone-ticker.de\/iphone-5c-ipad-5-videos-51537\/#mainImage","width":150,"height":150},"primaryImageOfPage":{"@id":"https:\/\/www.iphone-ticker.de\/iphone-5c-ipad-5-videos-51537\/#mainImage"},"datePublished":"2013-08-03T09:35:20+02:00","dateModified":"2013-08-03T09:46:58+02:00"},{"@type":"WebSite","@id":"https:\/\/www.iphone-ticker.de\/#website","url":"https:\/\/www.iphone-ticker.de\/","name":"iphone-ticker.de","description":"Alles zum iPhone. Seit 2007.","inLanguage":"de-DE","publisher":{"@id":"https:\/\/www.iphone-ticker.de\/#organization"}}]},"og:locale":"de_DE","og:site_name":"iphone-ticker.de | Alles zum iPhone. Seit 2007.","og:type":"article","og:title":"iPhone 5C? iPad 5? Die vermeintlichen Geh\u00e4use der beiden Ger\u00e4te im Video | iphone-ticker.de","og:description":"Zeigen die beiden unten eingebetteten Videos tats\u00e4chlich die Geh\u00e4use der kommenden iPhone- und iPad-Modelle? In jedem Fall dokumentieren sie noch einmal anschaulich den gegenw\u00e4rtigen Stand der Erwartungen. Das gro\u00dfe iPad mit einem an die Formen des iPad mini angelehnten Geh\u00e4use und deutlich schmaleren seitlichen Bildschirmr\u00e4ndern. Das (&quot;Billig-&quot;)iPhone mit der mittlerweile allseits bekannten Kunststoffr\u00fcckschale und ebenfalls","og:url":"https:\/\/www.iphone-ticker.de\/iphone-5c-ipad-5-videos-51537\/","article:published_time":"2013-08-03T07:35:20+00:00","article:modified_time":"2013-08-03T07:46:58+00:00","article:publisher":"https:\/\/facebook.com\/ifun.de","twitter:card":"summary_large_image","twitter:site":"@iphoneticker","twitter:title":"iPhone 5C? iPad 5? Die vermeintlichen Geh\u00e4use der beiden Ger\u00e4te im Video | iphone-ticker.de","twitter:description":"Zeigen die beiden unten eingebetteten Videos tats\u00e4chlich die Geh\u00e4use der kommenden iPhone- und iPad-Modelle? In jedem Fall dokumentieren sie noch einmal anschaulich den gegenw\u00e4rtigen Stand der Erwartungen. Das gro\u00dfe iPad mit einem an die Formen des iPad mini angelehnten Geh\u00e4use und deutlich schmaleren seitlichen Bildschirmr\u00e4ndern. Das (&quot;Billig-&quot;)iPhone mit der mittlerweile allseits bekannten Kunststoffr\u00fcckschale und ebenfalls","twitter:creator":"@iphoneticker"},"aioseo_meta_data":{"post_id":"51537","title":null,"description":null,"keywords":null,"keyphrases":null,"primary_term":null,"canonical_url":null,"og_title":null,"og_description":null,"og_object_type":"default","og_image_type":"default","og_image_url":null,"og_image_width":null,"og_image_height":null,"og_image_custom_url":null,"og_image_custom_fields":null,"og_video":null,"og_custom_url":null,"og_article_section":null,"og_article_tags":null,"twitter_use_og":false,"twitter_card":"default","twitter_image_type":"default","twitter_image_url":null,"twitter_image_custom_url":null,"twitter_image_custom_fields":null,"twitter_title":null,"twitter_description":null,"schema":{"blockGraphs":[],"customGraphs":[],"default":{"data":{"Article":[],"Course":[],"Dataset":[],"FAQPage":[],"Movie":[],"Person":[],"Product":[],"ProductReview":[],"Car":[],"Recipe":[],"Service":[],"SoftwareApplication":[],"WebPage":[]},"graphName":"NewsArticle","isEnabled":true},"graphs":[]},"schema_type":"default","schema_type_options":null,"pillar_content":false,"robots_default":true,"robots_noindex":false,"robots_noarchive":false,"robots_nosnippet":false,"robots_nofollow":false,"robots_noimageindex":false,"robots_noodp":false,"robots_notranslate":false,"robots_max_snippet":null,"robots_max_videopreview":null,"robots_max_imagepreview":"large","priority":null,"frequency":null,"local_seo":null,"seo_analyzer_scan_date":"2026-07-09 04:51:19","breadcrumb_settings":null,"limit_modified_date":false,"open_ai":null,"ai":null,"created":"2026-02-20 05:16:27","updated":"2026-07-09 04:51:19","focus_keyword":null,"additional_keywords":null,"truseo_locale":null},"aioseo_breadcrumb":"<div class=\"aioseo-breadcrumbs\"><span class=\"aioseo-breadcrumb\">\n\t<a href=\"https:\/\/www.iphone-ticker.de\" title=\"Home\">Home<\/a>\n<\/span><span class=\"aioseo-breadcrumb-separator\">\u00bb<\/span><span class=\"aioseo-breadcrumb\">\n\t<a href=\"https:\/\/www.iphone-ticker.de\/category\/rumors\/\" title=\"Rumors\">Rumors<\/a>\n<\/span><span class=\"aioseo-breadcrumb-separator\">\u00bb<\/span><span class=\"aioseo-breadcrumb\">\n\tiPhone 5C? iPad 5? Die vermeintlichen Geh\u00e4use der beiden Ger\u00e4te im Video\n<\/span><\/div>","aioseo_breadcrumb_json":[{"label":"Home","link":"https:\/\/www.iphone-ticker.de"},{"label":"Rumors","link":"https:\/\/www.iphone-ticker.de\/category\/rumors\/"},{"label":"iPhone 5C? iPad 5? Die vermeintlichen Geh\u00e4use der beiden Ger\u00e4te im Video","link":"https:\/\/www.iphone-ticker.de\/iphone-5c-ipad-5-videos-51537\/"}],"featured_image":["http:\/\/www.iphone-ticker.de\/wp-content\/uploads\/2013\/08\/iphone5c.jpg"],"rest_api_enabler":{"featured_image":"http:\/\/www.iphone-ticker.de\/wp-content\/uploads\/2013\/08\/iphone5c.jpg"},"_links":{"self":[{"href":"https:\/\/www.iphone-ticker.de\/apiv2\/wp\/v2\/posts\/51537","targetHints":{"allow":["GET"]}}],"collection":[{"href":"https:\/\/www.iphone-ticker.de\/apiv2\/wp\/v2\/posts"}],"about":[{"href":"https:\/\/www.iphone-ticker.de\/apiv2\/wp\/v2\/types\/post"}],"author":[{"embeddable":true,"href":"https:\/\/www.iphone-ticker.de\/apiv2\/wp\/v2\/users\/2"}],"replies":[{"embeddable":true,"href":"https:\/\/www.iphone-ticker.de\/apiv2\/wp\/v2\/comments?post=51537"}],"version-history":[{"count":8,"href":"https:\/\/www.iphone-ticker.de\/apiv2\/wp\/v2\/posts\/51537\/revisions"}],"predecessor-version":[{"id":51549,"href":"https:\/\/www.iphone-ticker.de\/apiv2\/wp\/v2\/posts\/51537\/revisions\/51549"}],"wp:featuredmedia":[{"embeddable":true,"href":"https:\/\/www.iphone-ticker.de\/apiv2\/wp\/v2\/media\/51540"}],"wp:attachment":[{"href":"https:\/\/www.iphone-ticker.de\/apiv2\/wp\/v2\/media?parent=51537"}],"wp:term":[{"taxonomy":"category","embeddable":true,"href":"https:\/\/www.iphone-ticker.de\/apiv2\/wp\/v2\/categories?post=51537"},{"taxonomy":"post_tag","embeddable":true,"href":"https:\/\/www.iphone-ticker.de\/apiv2\/wp\/v2\/tags?post=51537"}],"curies":[{"name":"wp","href":"https:\/\/api.w.org\/{rel}","templated":true}]}}