{"id":49943,"date":"2013-07-01T18:59:29","date_gmt":"2013-07-01T16:59:29","guid":{"rendered":"http:\/\/www.iphone-ticker.de\/?p=49943"},"modified":"2013-07-01T19:01:58","modified_gmt":"2013-07-01T17:01:58","slug":"otl-aicher-und-ios-7-design-parallelen","status":"publish","type":"post","link":"https:\/\/www.iphone-ticker.de\/otl-aicher-und-ios-7-design-parallelen-49943\/","title":{"rendered":"Otl Aicher und iOS 7: Seht ihr die Design-Parallelen?"},"content":{"rendered":"<p>Apples Affinit\u00e4t f\u00fcr deutsche Gestalter d\u00fcrfte inzwischen hinl\u00e4nglich bekannt sein. <\/p>\n<p>Die offensichtlichen Design-Anleihen, mit denen die Hard- und Software-Abteilungen Cupertinos ihren Hut vor Dieter Rams, dem ehemaligen Chefdesigner der in den 1960er Jahren entwickelten Braun-Produkte, gezogen haben, wurden inzwischen nicht nur <a href=\"http:\/\/www.ifun.de\/apple-braun-jonathan-ive-dieter-rams-kopie-inspiration-29372\/\">bei uns<\/a> sondern auch <a rel=\"noindex, nofollow\" href=\"http:\/\/www.amazon.de\/gp\/product\/3775730117\/ref=as_li_ss_tl?ie=UTF8&#038;camp=1638&#038;creative=19454&#038;creativeASIN=3775730117&#038;linkCode=as2&#038;tag=musicweb02\">in B\u00fcchern<\/a> und <a href=\"http:\/\/www.iphone-ticker.de\/apple-design-video-25029\/\">Dokumentarfilmen<\/a> verewigt. <\/p>\n<p>Die &#8222;<a href=\"https:\/\/de.wikipedia.org\/wiki\/Dieter_Rams#Zehn_Thesen_f.C3.BCr_gutes_Design\">Zehn Thesen f\u00fcr gutes Design<\/a>&#8220; spiegeln sich in Ives Produktdesign f\u00fcr Apple mehr als deutlich wider. Und: Rams, dies wird beim Blick auf iOS 7 nach und nach deutlich, ist ganz sicher nicht die einzige Design-Gr\u00f6\u00dfe, die Apple inspiriert. <\/p>\n<p><a href=\"http:\/\/www.iphone-ticker.de\/wp-content\/uploads\/2013\/07\/otl.jpg\"><img loading=\"lazy\" decoding=\"async\" src=\"http:\/\/www.iphone-ticker.de\/wp-content\/uploads\/2013\/07\/otl.jpg\" alt=\"otl\" width=\"640\" height=\"252\" class=\"aligncenter size-full wp-image-49944\" srcset=\"https:\/\/images.iphone-ticker.de\/wp-content\/uploads\/2013\/07\/otl.jpg 640w, https:\/\/images.iphone-ticker.de\/wp-content\/uploads\/2013\/07\/otl-300x118.jpg 300w\" sizes=\"auto, (max-width: 640px) 100vw, 640px\" \/><\/a><\/p>\n<p>Nachdem iOS 7 den iPhone-Aficionados mittlerweile fast <a href=\"http:\/\/www.iphone-ticker.de\/die-erste-beta-apple-gibt-ios-7-zum-download-frei-48866\/\">einen Monat<\/a> Zeit gelassen hat, die anf\u00e4ngliche Aufregung zu verdauen, verweisen die <a href=\"http:\/\/daringfireball.net\/linked\/2013\/06\/28\/otl-aicher\">ersten Stimmen<\/a> der Community auf die \u00c4hnlichkeiten des neuen iPhone-Betriebssystems mit dem Werk, der Formgebung und der Farbpalette Otl Aichers. <\/p>\n<p><a href=\"https:\/\/de.wikipedia.org\/wiki\/Otl_Aicher\">Aicher<\/a>, 1922 in Ulm geboren, hat sein Wikipedia-Pr\u00e4dikat als &#8222;einer der pr\u00e4gendsten deutschen Gestalter&#8220; unter anderem mit seinen Arbeiten als Gestaltungsbeauftragter der <a href=\"http:\/\/www.1972municholympics.co.uk\/Posters\/Poster_Sport_Section.php\">Olympischen Spiele<\/a> von M\u00fcnchen in den Jahren 1967 bis 1972 verdient. <\/p>\n<p>Am besten ihr urteilt selbst: Schaut euch die Farbgebung <a href=\"http:\/\/www.1972municholympics.co.uk\/Posters\/Poster_Sport_Section.php\">des Aicher-Verm\u00e4chtnis<\/a> an, \u00fcberfliegt <a href=\"http:\/\/designspiration.net\/image\/379397606392\/\">seine Piktogramme<\/a> und sein <a href=\"http:\/\/www.underconsideration.com\/speakup\/archives\/004931.html\">Gitter-Modell<\/a> f\u00fcr dessen Aufbau, vergleicht Aicher Texte und die Wahl <a href=\"http:\/\/www.google.com\/search?q=Otl+Aicher+munich&#038;source=lnms&#038;tbm=isch&#038;sa=X&#038;ei=eNHNUb7RNoTC4AO4k4CgAQ&#038;ved=0CAcQ_AUoAQ&#038;biw=1024&#038;bih=918\">seiner Schrifttypen<\/a> mit denen in Apples neuem iPhone Betriebssystem. <\/p>\n<p>Klickt euch zu den von Aicher <a href=\"http:\/\/25.media.tumblr.com\/fef4af3c7488517f85957581420433c6\/tumblr_mjnt7aArF31r93b7ro1_1280.jpg\">inspirierten Arbeiten<\/a> durch und stellt die Ergebnisse der <a href=\"http:\/\/www.google.com\/search?q=Otl+Aicher+munich&#038;source=lnms&#038;tbm=isch&#038;sa=X&#038;ei=eNHNUb7RNoTC4AO4k4CgAQ&#038;ved=0CAcQ_AUoAQ&#038;biw=1024&#038;bih=918\">Google-Bildersuche<\/a> dem Ersteindruck nach dem Besuch auf Apples <a href=\"https:\/\/www.apple.com\/ios\/ios7\/\">iOS 7 Sonderseite<\/a> gegen\u00fcber. <\/p>\n<p><strong>Und?<\/strong><\/p>\n","protected":false},"excerpt":{"rendered":"<a href=\"https:\/\/www.iphone-ticker.de\/otl-aicher-und-ios-7-design-parallelen-49943\/\"><img width=\"150\" height=\"150\" src=\"https:\/\/images.iphone-ticker.de\/wp-content\/uploads\/2013\/07\/otl-150x150.jpg\" class=\"alignright tfe wp-post-image\" alt=\"\" decoding=\"async\" loading=\"lazy\" \/><\/a><p>Apples Affinit\u00e4t f\u00fcr deutsche Gestalter d\u00fcrfte inzwischen hinl\u00e4nglich bekannt sein. Die offensichtlichen Design-Anleihen, mit denen die Hard- und Software-Abteilungen Cupertinos ihren Hut vor Dieter Rams, dem ehemaligen Chefdesigner der in den 1960er Jahren entwickelten Braun-Produkte, gezogen haben, wurden inzwischen nicht nur bei uns sondern auch in B\u00fcchern und Dokumentarfilmen verewigt. Die &#8222;Zehn Thesen f\u00fcr gutes [&hellip;]<\/p>\n","protected":false},"author":1,"featured_media":49944,"comment_status":"open","ping_status":"closed","sticky":false,"template":"","format":"standard","meta":{"footnotes":""},"categories":[639],"tags":[3912,78,2105,5661,2104],"class_list":["post-49943","post","type-post","status-publish","format-standard","has-post-thumbnail","hentry","category-ios","tag-apple","tag-design","tag-dieter-rams","tag-ios","tag-otl-aicher"],"aioseo_notices":[],"featured_image":["http:\/\/www.iphone-ticker.de\/wp-content\/uploads\/2013\/07\/otl.jpg"],"rest_api_enabler":{"featured_image":"http:\/\/www.iphone-ticker.de\/wp-content\/uploads\/2013\/07\/otl.jpg"},"_links":{"self":[{"href":"https:\/\/www.iphone-ticker.de\/apiv2\/wp\/v2\/posts\/49943","targetHints":{"allow":["GET"]}}],"collection":[{"href":"https:\/\/www.iphone-ticker.de\/apiv2\/wp\/v2\/posts"}],"about":[{"href":"https:\/\/www.iphone-ticker.de\/apiv2\/wp\/v2\/types\/post"}],"author":[{"embeddable":true,"href":"https:\/\/www.iphone-ticker.de\/apiv2\/wp\/v2\/users\/1"}],"replies":[{"embeddable":true,"href":"https:\/\/www.iphone-ticker.de\/apiv2\/wp\/v2\/comments?post=49943"}],"version-history":[{"count":2,"href":"https:\/\/www.iphone-ticker.de\/apiv2\/wp\/v2\/posts\/49943\/revisions"}],"predecessor-version":[{"id":49946,"href":"https:\/\/www.iphone-ticker.de\/apiv2\/wp\/v2\/posts\/49943\/revisions\/49946"}],"wp:featuredmedia":[{"embeddable":true,"href":"https:\/\/www.iphone-ticker.de\/apiv2\/wp\/v2\/media\/49944"}],"wp:attachment":[{"href":"https:\/\/www.iphone-ticker.de\/apiv2\/wp\/v2\/media?parent=49943"}],"wp:term":[{"taxonomy":"category","embeddable":true,"href":"https:\/\/www.iphone-ticker.de\/apiv2\/wp\/v2\/categories?post=49943"},{"taxonomy":"post_tag","embeddable":true,"href":"https:\/\/www.iphone-ticker.de\/apiv2\/wp\/v2\/tags?post=49943"}],"curies":[{"name":"wp","href":"https:\/\/api.w.org\/{rel}","templated":true}]}}