{"id":47826,"date":"2013-05-22T11:13:39","date_gmt":"2013-05-22T09:13:39","guid":{"rendered":"http:\/\/www.iphone-ticker.de\/?p=47826"},"modified":"2013-05-22T12:17:45","modified_gmt":"2013-05-22T10:17:45","slug":"video-die-wichtigsten-24-sekunden-aus-apples-steuer-anhorung","status":"publish","type":"post","link":"https:\/\/www.iphone-ticker.de\/video-die-wichtigsten-24-sekunden-aus-apples-steuer-anhorung-47826\/","title":{"rendered":"Video: Die wichtigsten 24 Sekunden aus Apples Steuer-Anh\u00f6rung"},"content":{"rendered":"<p>Der Auftritt des Apple Chefs vor dem amerikanischen Senat ist erwartungsgem\u00e4\u00df unspektakul\u00e4r \u00fcber die B\u00fchne gegangen. Gut 3,5 Stunden hat sich der Untersuchungsausschuss, der unter der \u00dcberschrift &#8222;U.S. Tax Code and Offshore Holdings&#8220; zusammengekommen war, unter anderem Apples Steuer-Praktiken erkl\u00e4ren lassen und mit offenen M\u00fcndern dar\u00fcber gestaunt, dass es Firmen gibt, die die von der Politik implementierten Steuersparmodelle auch anwenden. <\/p>\n<p>Wer m\u00f6chte, kann sich die Aufzeichnung im Senats-Fernsehen C-Span <a href=\"http:\/\/www.c-spanvideo.org\/event\/219084\">in voller L\u00e4nge<\/a> zu Gem\u00fcte f\u00fchren. Die Tagesschau bietet hierzulande eine <a href=\"http:\/\/www.tagesschau.de\/wirtschaft\/apple-us-senat102.html\">\u00fcbersichtliche Zusammenfassung<\/a> an. Die relevanten 24 Sekunden haben wir unten eingebettet. Senator John McCain, ehemaliger Pr\u00e4sidentschaftskandidat, nimmt sich die Zeit um Tim Cook die Frage aller Fragen zu stellen: <\/p>\n<blockquote><p>&#8222;Why the hell do I have to keep updating apps on my iPhone all the time?&#8220;<\/p><\/blockquote>\n<p><a href=\"http:\/\/www.iphone-ticker.de\/wp-content\/uploads\/2013\/05\/senat-apple-tim-cook.jpg\"><img loading=\"lazy\" decoding=\"async\" src=\"http:\/\/www.iphone-ticker.de\/wp-content\/uploads\/2013\/05\/senat-apple-tim-cook.jpg\" alt=\"senat-apple-tim-cook\" width=\"640\" height=\"252\" class=\"aligncenter size-full wp-image-47833\" srcset=\"https:\/\/images.iphone-ticker.de\/wp-content\/uploads\/2013\/05\/senat-apple-tim-cook.jpg 640w, https:\/\/images.iphone-ticker.de\/wp-content\/uploads\/2013\/05\/senat-apple-tim-cook-300x118.jpg 300w\" sizes=\"auto, (max-width: 640px) 100vw, 640px\" \/><\/a><\/p>\n<p>Spa\u00df beiseite: Im Steuerjahr 2013 hat Apple mehr als 7 Milliarden US-Dollar Steuern in den Vereinigten Staaten gezahlt. Als B\u00f6rsennotiertes Unternehmen ist Apple zudem in der Pflicht, die durch das zu versteuernde Einkommen auftretenden Verluste so gering wie m\u00f6glich zu halten. Das Cupertino hier die vom amerikanischen Recht zugelassenen Spar-Optionen auch anwendet \u00fcberrascht nicht. Die verstrichenen vier Stunden h\u00e4tten sich wohl auch produktiver nutzen  lassen. <\/p>\n<h2>Die wichtigsten 24 Sekunden: Tim Cook vor dem US-Senat<\/h2>\n<p><div class=\"responsive-video\"><iframe loading=\"lazy\" width=\"640\" height=\"371\" src=\"http:\/\/www.youtube-nocookie.com\/embed\/6YQXDQeKDlM\" frameborder=\"0\" allowfullscreen><\/iframe><\/div><br \/>\n(<a href=\"http:\/\/youtu.be\/6YQXDQeKDlM\">Direkt-Link<\/a>)<\/p>\n<h2>In voller L\u00e4nge: Tim Cook vor dem US-Senat: <\/h2>\n<p><div class=\"responsive-video\"><iframe loading=\"lazy\" width=\"640\" height=\"371\" src=\"http:\/\/www.youtube-nocookie.com\/embed\/Lx6YINOfjaQ\" frameborder=\"0\" allowfullscreen><\/iframe><\/div><br \/>\n(<a href=\"http:\/\/youtu.be\/Lx6YINOfjaQ\">Direkt-Link<\/a>)<\/p>\n<p><div class=\"responsive-video\"><iframe loading=\"lazy\" width=\"640\" height=\"371\" src=\"http:\/\/www.youtube-nocookie.com\/embed\/hRmLm6tYNhQ\" frameborder=\"0\" allowfullscreen><\/iframe><\/div><br \/>\n(<a href=\"http:\/\/youtu.be\/hRmLm6tYNhQ\">Direkt-Link<\/a>)<\/p>\n","protected":false},"excerpt":{"rendered":"<a href=\"https:\/\/www.iphone-ticker.de\/video-die-wichtigsten-24-sekunden-aus-apples-steuer-anhorung-47826\/\"><img width=\"150\" height=\"150\" src=\"https:\/\/images.iphone-ticker.de\/wp-content\/uploads\/2013\/05\/senat-apple-tim-cook-150x150.jpg\" class=\"alignright tfe wp-post-image\" alt=\"\" decoding=\"async\" loading=\"lazy\" \/><\/a><p>Der Auftritt des Apple Chefs vor dem amerikanischen Senat ist erwartungsgem\u00e4\u00df unspektakul\u00e4r \u00fcber die B\u00fchne gegangen. Gut 3,5 Stunden hat sich der Untersuchungsausschuss, der unter der \u00dcberschrift &#8222;U.S. Tax Code and Offshore Holdings&#8220; zusammengekommen war, unter anderem Apples Steuer-Praktiken erkl\u00e4ren lassen und mit offenen M\u00fcndern dar\u00fcber gestaunt, dass es Firmen gibt, die die von der [&hellip;]<\/p>\n","protected":false},"author":1,"featured_media":47833,"comment_status":"open","ping_status":"closed","sticky":false,"template":"","format":"standard","meta":{"footnotes":""},"categories":[489],"tags":[144,3912,41,344,1775,8],"class_list":["post-47826","post","type-post","status-publish","format-standard","has-post-thumbnail","hentry","category-videos","tag-amerika","tag-apple","tag-fun","tag-iphone","tag-steuern","tag-video"],"aioseo_notices":[],"featured_image":["http:\/\/www.iphone-ticker.de\/wp-content\/uploads\/2013\/05\/senat-apple-tim-cook.jpg"],"rest_api_enabler":{"featured_image":"http:\/\/www.iphone-ticker.de\/wp-content\/uploads\/2013\/05\/senat-apple-tim-cook.jpg"},"_links":{"self":[{"href":"https:\/\/www.iphone-ticker.de\/apiv2\/wp\/v2\/posts\/47826","targetHints":{"allow":["GET"]}}],"collection":[{"href":"https:\/\/www.iphone-ticker.de\/apiv2\/wp\/v2\/posts"}],"about":[{"href":"https:\/\/www.iphone-ticker.de\/apiv2\/wp\/v2\/types\/post"}],"author":[{"embeddable":true,"href":"https:\/\/www.iphone-ticker.de\/apiv2\/wp\/v2\/users\/1"}],"replies":[{"embeddable":true,"href":"https:\/\/www.iphone-ticker.de\/apiv2\/wp\/v2\/comments?post=47826"}],"version-history":[{"count":4,"href":"https:\/\/www.iphone-ticker.de\/apiv2\/wp\/v2\/posts\/47826\/revisions"}],"predecessor-version":[{"id":47839,"href":"https:\/\/www.iphone-ticker.de\/apiv2\/wp\/v2\/posts\/47826\/revisions\/47839"}],"wp:featuredmedia":[{"embeddable":true,"href":"https:\/\/www.iphone-ticker.de\/apiv2\/wp\/v2\/media\/47833"}],"wp:attachment":[{"href":"https:\/\/www.iphone-ticker.de\/apiv2\/wp\/v2\/media?parent=47826"}],"wp:term":[{"taxonomy":"category","embeddable":true,"href":"https:\/\/www.iphone-ticker.de\/apiv2\/wp\/v2\/categories?post=47826"},{"taxonomy":"post_tag","embeddable":true,"href":"https:\/\/www.iphone-ticker.de\/apiv2\/wp\/v2\/tags?post=47826"}],"curies":[{"name":"wp","href":"https:\/\/api.w.org\/{rel}","templated":true}]}}