{"id":4749,"date":"2008-12-25T11:25:25","date_gmt":"2008-12-25T09:25:25","guid":{"rendered":"http:\/\/www.iphone-ticker.de\/2008\/12\/25\/ho-ho-ho-%e2%80%93-weihnachtsgruse-an-alte-und-neue-leser\/"},"modified":"2008-12-25T11:33:05","modified_gmt":"2008-12-25T09:33:05","slug":"ho-ho-ho-%e2%80%93-weihnachtsgruse-an-alte-und-neue-leser","status":"publish","type":"post","link":"https:\/\/www.iphone-ticker.de\/ho-ho-ho-%e2%80%93-weihnachtsgruse-an-alte-und-neue-leser-4749\/","title":{"rendered":"Ho Ho Ho \u2013 Weihnachtsgr\u00fc\u00dfe an alte und neue Leser!"},"content":{"rendered":"<p><img src='http:\/\/www.iphone-ticker.de\/wp-content\/uploads\/2008\/12\/weihnachten.jpg' alt='weihnachten.jpg' align=\"right\" \/>Seit mehr als zwei Jahren dreht sich bei iFUN nicht mehr alles nur um den iPod (damit haben wir 2001 angefangen), sondern auch um das iPhone. Anfang 2007 wurde das Ger\u00e4t, um das sich bereits Jahre zuvor erste Ger\u00fcchte rankten, dann vorgestellt und wir haben hier auf dem iPhone-Ticker seit dem knapp 2000 News zum Thema verfasst. Ansporn f\u00fcr all diese Arbeit waren auch die stetig steigenden Leserzahlen sowie all euer Feedback in Form von Kommentaren und E-Mails. Was eigentlich als tempor\u00e4res Blog bis zum deutschen iPhone-Start im Herbst 2007 angedacht war, hat sich heute als feste Anlaufstelle f\u00fcr Tausende Seitenbesucher pro Tag etabliert. <\/p>\n<p>Vielen Dank f\u00fcr eure Unterst\u00fctzung und das viele Feedback vor allem in den letzten Tagen! Es geht ohne Pause weiter, auch wenn die Weihnachtszeit vielleicht f\u00fcr ein wenig Ruhe in der Nachrichtenlandschaft sorgt. <\/p>\n<p>Das n\u00e4chste gro\u00dfe Event steht am 6. Januar mit der Macworld Expo in San Francisco an, die Ger\u00fcchte um ein dort vorzustellendes iPhone nano habt ihr gelesen &#8211; auch wenn wir das Ganze so noch nicht richtig glauben wollen. Aber verpassen werdet ihr nichts: Wir sind bei der bis zum 9. Januar laufenden Apple-Messe in Kalifornien vor Ort.<\/p>\n<p>Noch ein Wort an alle Neulinge hier &#8211; bzw. die Frage ob das iPhone tats\u00e4chlich auch unter einigen Weihnachtsb\u00e4umen lag? Wenn ja, tut euch keinen Zwang an die Kommentarfunktion unter den Artikeln zu nutzen und flei\u00dfig mit zu diskutieren. F\u00fcr brennende Fragen und Probleme k\u00f6nnt ihr ausnahmsweise (eigentlich sollen die Beitr\u00e4ge ja zum Thema der jeweiligen Meldung passen) die Kommentare zu dieser Meldung benutzen. Zuvor solltet ihr allerdings dem <a href=\"http:\/\/www.ifun.de\/component\/option,com_smf\/Itemid,14\/\">iFUN-Forum<\/a> einen Besuch abstatten und die Forensuche dort bem\u00fchen. Die meisten Probleme wurden bereits mehrfach beantwortet.<\/p>\n<p>Und jetzt gibt&#8217;s noch was umsonst: iTunes wird im Rahmen der Aktion &#8222;12 Tage Geschenke&#8220; ab morgen t\u00e4glich einen ausgew\u00e4hlten Download (Musiktitel &#038; Videos) kostenlos anbieten. Wir sind mit iFUN offizieller Partner und werden <a href=\"http:\/\/www.ifun.de\/\">dr\u00fcben<\/a> ab morgen jeden Tag den aktuellen Download vorstellen. Wer sich schon warm machen will, kann bereits heute je eine Folge von Kidnapped und Damages ziehen &#8211; mehr Infos dazu findet ihr <a href=\"http:\/\/www.ifun.de\/content\/view\/5078\/2\/\">hier<\/a>.<\/p>\n<p>Genug geschrieben. Wir w\u00fcnschen euch noch angenehme Feiertage aus Stuttgart und Berlin &#8211; rock on!<\/p>\n","protected":false},"excerpt":{"rendered":"<a href=\"https:\/\/www.iphone-ticker.de\/ho-ho-ho-%e2%80%93-weihnachtsgruse-an-alte-und-neue-leser-4749\/\"><img decoding=\"async\" width=\"150\" src=\"http:\/\/www.iphone-ticker.de\/wp-content\/uploads\/2008\/12\/weihnachten.jpg\" class=\"alignright wp-post-image tfe\" alt=\"weihnachten.jpg\" title=\"\" \/><\/a><p>Seit mehr als zwei Jahren dreht sich bei iFUN nicht mehr alles nur um den iPod (damit haben wir 2001 angefangen), sondern auch um das iPhone. Anfang 2007 wurde das Ger\u00e4t, um das sich bereits Jahre zuvor erste Ger\u00fcchte rankten, dann vorgestellt und wir haben hier auf dem iPhone-Ticker seit dem knapp 2000 News zum [&hellip;]<\/p>\n","protected":false},"author":2,"featured_media":0,"comment_status":"open","ping_status":"open","sticky":false,"template":"","format":"standard","meta":{"footnotes":""},"categories":[1],"tags":[340,190,3910],"class_list":["post-4749","post","type-post","status-publish","format-standard","hentry","category-news","tag-ifun","tag-macworld","tag-rumors"],"aioseo_notices":[],"rest_api_enabler":[],"_links":{"self":[{"href":"https:\/\/www.iphone-ticker.de\/apiv2\/wp\/v2\/posts\/4749","targetHints":{"allow":["GET"]}}],"collection":[{"href":"https:\/\/www.iphone-ticker.de\/apiv2\/wp\/v2\/posts"}],"about":[{"href":"https:\/\/www.iphone-ticker.de\/apiv2\/wp\/v2\/types\/post"}],"author":[{"embeddable":true,"href":"https:\/\/www.iphone-ticker.de\/apiv2\/wp\/v2\/users\/2"}],"replies":[{"embeddable":true,"href":"https:\/\/www.iphone-ticker.de\/apiv2\/wp\/v2\/comments?post=4749"}],"version-history":[{"count":0,"href":"https:\/\/www.iphone-ticker.de\/apiv2\/wp\/v2\/posts\/4749\/revisions"}],"wp:attachment":[{"href":"https:\/\/www.iphone-ticker.de\/apiv2\/wp\/v2\/media?parent=4749"}],"wp:term":[{"taxonomy":"category","embeddable":true,"href":"https:\/\/www.iphone-ticker.de\/apiv2\/wp\/v2\/categories?post=4749"},{"taxonomy":"post_tag","embeddable":true,"href":"https:\/\/www.iphone-ticker.de\/apiv2\/wp\/v2\/tags?post=4749"}],"curies":[{"name":"wp","href":"https:\/\/api.w.org\/{rel}","templated":true}]}}