{"id":4662,"date":"2008-12-15T14:43:51","date_gmt":"2008-12-15T12:43:51","guid":{"rendered":"http:\/\/www.iphone-ticker.de\/2008\/12\/15\/geruchte-iphone-nano-zur-macworld-im-januar\/"},"modified":"2008-12-23T00:41:17","modified_gmt":"2008-12-22T22:41:17","slug":"geruchte-iphone-nano-zur-macworld-im-januar","status":"publish","type":"post","link":"https:\/\/www.iphone-ticker.de\/geruchte-iphone-nano-zur-macworld-im-januar-4662\/","title":{"rendered":"Ger\u00fcchte: iPhone nano zur Macworld im Januar?"},"content":{"rendered":"<p><img decoding=\"async\" src=\"http:\/\/www.iphone-ticker.de\/wp-content\/uploads\/2008\/12\/iphnano.jpg\" alt=\"iphnano.jpg\" align=\"right\" \/>Die Internetseite <a href=\"http:\/\/www.idealschina.com\/Insider\/NewsDetail.aspx?ArticleID=32\" target=\"_blank\">iDealsChina<\/a> zeigt Renderings einer Schutzh\u00fclle f\u00fcr ein &#8222;iPhone nano&#8220;. Angeblich soll Apple-Boss Steve Jobs das geschrumpfte und g\u00fcnstigere iPhone Anfang Januar auf der in San Francisco stattfindenden Macworld Expo vorstellen.<br \/>\nAnhand der H\u00fclle kann man auf ein Ger\u00e4t mit etwas kleinerem Display schlie\u00dfen, dem allerdings ein Ohrh\u00f6reranschluss g\u00e4nzlich fehlt. Dies w\u00fcrde bedeuten, dass Apple komplett auf einen integrierten iPod verzichtet &#8211; die drahtlose \u00dcbertragung des Audiosignals scheint uns mehr als unwahrscheinlich.<\/p>\n<p>iDealsChina hat im Herbst mit der Vorabver\u00f6ffentlichung von H\u00fcllenfotos f\u00fcr die neue iPod nano-Generation ordentlich Credibility erlangt, dennoch sind Zweifel an der Einf\u00fchrung eines iPhone nano durchaus berechtigt. Der kleinere Bildschirm w\u00fcrde zum Beispiel zur Inkompatiblit\u00e4t mit den bislang im App Store erh\u00e4ltlichen Anwendungen f\u00fchren. <em>(via <a href=\"http:\/\/www.macrumors.com\/2008\/12\/15\/iphone-nano-rumors-revived-in-otherwise-quiet-lead-in-to-macworld\/\" target=\"_blank\">MacRumors<\/a>)<\/em><\/p>\n","protected":false},"excerpt":{"rendered":"<a href=\"https:\/\/www.iphone-ticker.de\/geruchte-iphone-nano-zur-macworld-im-januar-4662\/\"><img width=\"150\" height=\"133\" src=\"https:\/\/images.iphone-ticker.de\/wp-content\/uploads\/2008\/12\/iphnano.jpg\" class=\"alignright tfe wp-post-image\" alt=\"\" decoding=\"async\" loading=\"lazy\" \/><\/a><p>Die Internetseite iDealsChina zeigt Renderings einer Schutzh\u00fclle f\u00fcr ein &#8222;iPhone nano&#8220;. Angeblich soll Apple-Boss Steve Jobs das geschrumpfte und g\u00fcnstigere iPhone Anfang Januar auf der in San Francisco stattfindenden Macworld Expo vorstellen. Anhand der H\u00fclle kann man auf ein Ger\u00e4t mit etwas kleinerem Display schlie\u00dfen, dem allerdings ein Ohrh\u00f6reranschluss g\u00e4nzlich fehlt. Dies w\u00fcrde bedeuten, dass [&hellip;]<\/p>\n","protected":false},"author":2,"featured_media":4661,"comment_status":"open","ping_status":"open","sticky":false,"template":"","format":"standard","meta":{"footnotes":""},"categories":[1],"tags":[336,174,3910],"class_list":["post-4662","post","type-post","status-publish","format-standard","has-post-thumbnail","hentry","category-news","tag-iphone-nano","tag-rumor","tag-rumors"],"aioseo_notices":[],"rest_api_enabler":[],"_links":{"self":[{"href":"https:\/\/www.iphone-ticker.de\/apiv2\/wp\/v2\/posts\/4662","targetHints":{"allow":["GET"]}}],"collection":[{"href":"https:\/\/www.iphone-ticker.de\/apiv2\/wp\/v2\/posts"}],"about":[{"href":"https:\/\/www.iphone-ticker.de\/apiv2\/wp\/v2\/types\/post"}],"author":[{"embeddable":true,"href":"https:\/\/www.iphone-ticker.de\/apiv2\/wp\/v2\/users\/2"}],"replies":[{"embeddable":true,"href":"https:\/\/www.iphone-ticker.de\/apiv2\/wp\/v2\/comments?post=4662"}],"version-history":[{"count":0,"href":"https:\/\/www.iphone-ticker.de\/apiv2\/wp\/v2\/posts\/4662\/revisions"}],"wp:featuredmedia":[{"embeddable":true,"href":"https:\/\/www.iphone-ticker.de\/apiv2\/wp\/v2\/media\/4661"}],"wp:attachment":[{"href":"https:\/\/www.iphone-ticker.de\/apiv2\/wp\/v2\/media?parent=4662"}],"wp:term":[{"taxonomy":"category","embeddable":true,"href":"https:\/\/www.iphone-ticker.de\/apiv2\/wp\/v2\/categories?post=4662"},{"taxonomy":"post_tag","embeddable":true,"href":"https:\/\/www.iphone-ticker.de\/apiv2\/wp\/v2\/tags?post=4662"}],"curies":[{"name":"wp","href":"https:\/\/api.w.org\/{rel}","templated":true}]}}