{"id":46484,"date":"2013-04-19T10:46:12","date_gmt":"2013-04-19T09:46:12","guid":{"rendered":"http:\/\/www.iphone-ticker.de\/?p=46484"},"modified":"2013-04-19T10:46:12","modified_gmt":"2013-04-19T09:46:12","slug":"nomad-superkurzes-lightning-kabel-fur-den-schlusselbund","status":"publish","type":"post","link":"https:\/\/www.iphone-ticker.de\/nomad-superkurzes-lightning-kabel-fur-den-schlusselbund-46484\/","title":{"rendered":"Nomad: Superkurzes Lightning-Kabel f\u00fcr den Schl\u00fcsselbund"},"content":{"rendered":"<p>F\u00fcr unterwegs ist das von Apple mit iOS-Ger\u00e4ten gelieferte Lightning-Kabel oft etwas unpraktisch. Mal verknotet sich die wei\u00dfe Schnur in der Tasche und oft genug h\u00e4ngt sie st\u00f6rend im Weg. Das <a href=\"http:\/\/keroproducts.com\">Nomad-Kabel<\/a> von Kero will hier in die Bresche springen. Der kleine Lightning-Adapter ist gerade mal 8 Zentimeter lang. Die Kappe f\u00fcr die USB-Seite des Kabels l\u00e4sst sich an einem Schl\u00fcsselring befestigen und garantiert so stets die schnelle Verf\u00fcgbarkeit. F\u00fcr Funktionssicherheit und Qualit\u00e4t garantiert das \u201eMade for iPhone\u201c-Logo, die Macher haben das Kabel offiziell von Apple zertifizieren lassen.<\/p>\n<p><a href=\"http:\/\/www.iphone-ticker.de\/wp-content\/uploads\/2013\/04\/kero1.jpg\"><img loading=\"lazy\" decoding=\"async\" src=\"http:\/\/www.iphone-ticker.de\/wp-content\/uploads\/2013\/04\/kero1.jpg\" alt=\"kero1\" width=\"494\" height=\"291\" class=\"alignnone size-full wp-image-46485\" srcset=\"https:\/\/images.iphone-ticker.de\/wp-content\/uploads\/2013\/04\/kero1.jpg 494w, https:\/\/images.iphone-ticker.de\/wp-content\/uploads\/2013\/04\/kero1-300x176.jpg 300w\" sizes=\"auto, (max-width: 494px) 100vw, 494px\" \/><\/a><\/p>\n<p>Kero nimmt bereits Vorbestellungen f\u00fcr den kurzen Adapter an und die 25 Dollar Verkaufspreis halten sich eigentlich noch im Rahmen. \u00c4rgerlich nur, dass die aktuelle Gratis-Versand-Aktion des Herstellers sich nur auf Lieferadressen innerhalb der USA bezieht. Wer das Kabel aus Deutschland bestellt, muss je nach Versandart mit mindestens 17 Dollar Porto rechnen. Die Auslieferung an Vorbesteller soll ab Juni erfolgen.<\/p>\n<p><a href=\"http:\/\/www.iphone-ticker.de\/wp-content\/uploads\/2013\/04\/kero2.jpg\"><img loading=\"lazy\" decoding=\"async\" src=\"http:\/\/www.iphone-ticker.de\/wp-content\/uploads\/2013\/04\/kero2.jpg\" alt=\"kero2\" width=\"700\" height=\"258\" class=\"alignnone size-full wp-image-46486\" srcset=\"https:\/\/images.iphone-ticker.de\/wp-content\/uploads\/2013\/04\/kero2.jpg 700w, https:\/\/images.iphone-ticker.de\/wp-content\/uploads\/2013\/04\/kero2-300x110.jpg 300w\" sizes=\"auto, (max-width: 700px) 100vw, 700px\" \/><\/a><\/p>\n<h2>Finger weg von No-Name-Kabeln<\/h2>\n<p>K\u00fcrzere Lightning-Kabel ohne Halterungen f\u00fcr den Schl\u00fcsselbund lassen sich \u00fcber <a rel=\"noindex, nofollow\" href=\"http:\/\/www.amazon.de\/s\/?_encoding=UTF8&#038;camp=1638&#038;creative=19454&#038;field-keywords=lightning%20kabel%20kurz&#038;linkCode=ur2&#038;site-redirect=de&#038;tag=musicweb02\">Amazon<\/a> und eBay bereits bestellen. Allerdings handelt es sich hier durch die Bank um No-Name-Produkte, denen wir aus Erfahrung kritisch gegen\u00fcber stehen. Teils finden sich auf den Verkaufsplattformen auch schon entsprechend negative Bewertungen, kritisiert wird meist die schlechte Verarbeitung und teilweise Inkompatibilit\u00e4t.<\/p>\n","protected":false},"excerpt":{"rendered":"<a href=\"https:\/\/www.iphone-ticker.de\/nomad-superkurzes-lightning-kabel-fur-den-schlusselbund-46484\/\"><img width=\"150\" height=\"150\" src=\"https:\/\/images.iphone-ticker.de\/wp-content\/uploads\/2013\/04\/kero2-150x150.jpg\" class=\"alignright tfe wp-post-image\" alt=\"\" decoding=\"async\" loading=\"lazy\" \/><\/a><p>F\u00fcr unterwegs ist das von Apple mit iOS-Ger\u00e4ten gelieferte Lightning-Kabel oft etwas unpraktisch. Mal verknotet sich die wei\u00dfe Schnur in der Tasche und oft genug h\u00e4ngt sie st\u00f6rend im Weg. Das Nomad-Kabel von Kero will hier in die Bresche springen. Der kleine Lightning-Adapter ist gerade mal 8 Zentimeter lang. Die Kappe f\u00fcr die USB-Seite des [&hellip;]<\/p>\n","protected":false},"author":2,"featured_media":46486,"comment_status":"open","ping_status":"closed","sticky":false,"template":"","format":"standard","meta":{"footnotes":""},"categories":[24],"tags":[458,258,1653],"class_list":["post-46484","post","type-post","status-publish","format-standard","has-post-thumbnail","hentry","category-zubehor","tag-adapter","tag-kabel","tag-lightning"],"aioseo_notices":[],"featured_image":["http:\/\/www.iphone-ticker.de\/wp-content\/uploads\/2013\/04\/nomad.jpg"],"rest_api_enabler":{"featured_image":"http:\/\/www.iphone-ticker.de\/wp-content\/uploads\/2013\/04\/nomad.jpg"},"_links":{"self":[{"href":"https:\/\/www.iphone-ticker.de\/apiv2\/wp\/v2\/posts\/46484","targetHints":{"allow":["GET"]}}],"collection":[{"href":"https:\/\/www.iphone-ticker.de\/apiv2\/wp\/v2\/posts"}],"about":[{"href":"https:\/\/www.iphone-ticker.de\/apiv2\/wp\/v2\/types\/post"}],"author":[{"embeddable":true,"href":"https:\/\/www.iphone-ticker.de\/apiv2\/wp\/v2\/users\/2"}],"replies":[{"embeddable":true,"href":"https:\/\/www.iphone-ticker.de\/apiv2\/wp\/v2\/comments?post=46484"}],"version-history":[{"count":1,"href":"https:\/\/www.iphone-ticker.de\/apiv2\/wp\/v2\/posts\/46484\/revisions"}],"predecessor-version":[{"id":46490,"href":"https:\/\/www.iphone-ticker.de\/apiv2\/wp\/v2\/posts\/46484\/revisions\/46490"}],"wp:featuredmedia":[{"embeddable":true,"href":"https:\/\/www.iphone-ticker.de\/apiv2\/wp\/v2\/media\/46486"}],"wp:attachment":[{"href":"https:\/\/www.iphone-ticker.de\/apiv2\/wp\/v2\/media?parent=46484"}],"wp:term":[{"taxonomy":"category","embeddable":true,"href":"https:\/\/www.iphone-ticker.de\/apiv2\/wp\/v2\/categories?post=46484"},{"taxonomy":"post_tag","embeddable":true,"href":"https:\/\/www.iphone-ticker.de\/apiv2\/wp\/v2\/tags?post=46484"}],"curies":[{"name":"wp","href":"https:\/\/api.w.org\/{rel}","templated":true}]}}