{"id":46424,"date":"2013-04-18T10:58:59","date_gmt":"2013-04-18T09:58:59","guid":{"rendered":"http:\/\/www.iphone-ticker.de\/?p=46424"},"modified":"2013-04-18T14:01:28","modified_gmt":"2013-04-18T13:01:28","slug":"ios-7-vorstellung-am-10-juni","status":"publish","type":"post","link":"https:\/\/www.iphone-ticker.de\/ios-7-vorstellung-am-10-juni-46424\/","title":{"rendered":"iOS 7 Vorstellung am 10. Juni?"},"content":{"rendered":"<p>Apples Entwickler-Konferenz, die in den letzten zehn Jahren immer schneller ausverkaufte WWDC, d\u00fcrfte auch in diesem Jahr wieder im Moscone Center im Herzen San Franciscos abgehalten werden. Einer der wichtigsten Tagesordnungspunkte der Auftaktveranstaltung: Die Vorstellung und anschlie\u00dfende Verteilung der n\u00e4chsten gro\u00dfen iOS-Aktualisierung auf Version 7. <\/p>\n<p>Bereits im letzten Jahr legte Apple die Keynote zur WWDC-Er\u00f6ffnung auf den 10. Juni, pr\u00e4sentierte iOS 6, lie\u00df den Mountain Lion frei und marschierte durch die 10 neuen Funktionen des iPhone-Betriebssystems. Eine Entwickler-Vorschau, deren Videomitschnitt wenige Stunden sp\u00e4ter <a href=\"http:\/\/www.iphone-ticker.de\/download-wwdc-videos-apple-34842\/\">verteilt wurde<\/a>. <\/p>\n<p>Die knapp 100 Minuten lange Aufzeichnung l\u00e4sst sich hier noch <a href=\"http:\/\/events.apple.com.edgesuite.net\/126pihbedvcoihbefvbhjkbvsefbg\/event\/index.html\">immer anschauen<\/a>. <\/p>\n<p><a href=\"http:\/\/www.iphone-ticker.de\/wp-content\/uploads\/2013\/04\/ios-preview.jpg\"><img loading=\"lazy\" decoding=\"async\" src=\"http:\/\/www.iphone-ticker.de\/wp-content\/uploads\/2013\/04\/ios-preview.jpg\" alt=\"ios-preview\" width=\"640\" height=\"252\" class=\"aligncenter size-full wp-image-46425\" srcset=\"https:\/\/images.iphone-ticker.de\/wp-content\/uploads\/2013\/04\/ios-preview.jpg 640w, https:\/\/images.iphone-ticker.de\/wp-content\/uploads\/2013\/04\/ios-preview-300x118.jpg 300w\" sizes=\"auto, (max-width: 640px) 100vw, 640px\" \/><\/a><\/p>\n<p>2013. Auch in diesem Jahr k\u00f6nnte der 10. Juni wieder ganz im Zeichen des mobilen iPhone-Betriebssystems stehen. So deutet der offizielle <a href=\"http:\/\/www.moscone.com\/site\/do\/event\/list?nav.type=0&#038;nav.filter=1305&#038;nav.base=1303\">Veranstaltungskalender<\/a> des Moscone Centers auf ein Apple-Event zwischen dem 10. und 14. Juni hin. Der bislang noch unbest\u00e4tigte Termin sollte in den kommenden Tagen <a href=\"http:\/\/www.computerworld.com\/s\/article\/9237677\/Apple_devs_Pencil_in_June_10_14_as_likely_WWDC_dates\">fest eingetragen<\/a> werden und dann den Vorverkauf der $1600 teuren Entwickler-Tickets ansto\u00dfen. <\/p>\n<p>Im vergangenen Jahr best\u00e4tigte Apple den Termin am 25. April und verkaufte alle Tickets in weniger als zwei Stunden. <\/p>\n","protected":false},"excerpt":{"rendered":"<a href=\"https:\/\/www.iphone-ticker.de\/ios-7-vorstellung-am-10-juni-46424\/\"><img width=\"150\" height=\"150\" src=\"https:\/\/images.iphone-ticker.de\/wp-content\/uploads\/2013\/04\/ios-preview-150x150.jpg\" class=\"alignright tfe wp-post-image\" alt=\"\" decoding=\"async\" loading=\"lazy\" \/><\/a><p>Apples Entwickler-Konferenz, die in den letzten zehn Jahren immer schneller ausverkaufte WWDC, d\u00fcrfte auch in diesem Jahr wieder im Moscone Center im Herzen San Franciscos abgehalten werden. Einer der wichtigsten Tagesordnungspunkte der Auftaktveranstaltung: Die Vorstellung und anschlie\u00dfende Verteilung der n\u00e4chsten gro\u00dfen iOS-Aktualisierung auf Version 7. Bereits im letzten Jahr legte Apple die Keynote zur WWDC-Er\u00f6ffnung [&hellip;]<\/p>\n","protected":false},"author":1,"featured_media":46425,"comment_status":"open","ping_status":"closed","sticky":false,"template":"","format":"standard","meta":{"footnotes":""},"categories":[6,1975],"tags":[1758,3912,5661,3910,105],"class_list":["post-46424","post","type-post","status-publish","format-standard","has-post-thumbnail","hentry","category-rumors","category-feature","tag-1758","tag-apple","tag-ios","tag-rumors","tag-wwdc"],"aioseo_notices":[],"aioseo_head":"\n\t\t<!-- All in One SEO Pro 5.0.1 - aioseo.com -->\n\t<meta name=\"description\" content=\"Apples Entwickler-Konferenz, die in den letzten zehn Jahren immer schneller ausverkaufte WWDC, d\u00fcrfte auch in diesem Jahr wieder im Moscone Center im Herzen San Franciscos abgehalten werden. Einer der wichtigsten Tagesordnungspunkte der Auftaktveranstaltung: Die Vorstellung und anschlie\u00dfende Verteilung der n\u00e4chsten gro\u00dfen iOS-Aktualisierung auf Version 7. Bereits im letzten Jahr legte Apple die Keynote zur WWDC-Er\u00f6ffnung\" \/>\n\t<meta name=\"robots\" content=\"max-image-preview:large\" \/>\n\t<meta name=\"author\" content=\"Nicolas\"\/>\n\t<meta name=\"google-site-verification\" content=\"bRuV4_wqNuoQLypC9HVKibZ0X7EtNyELtju97qgyflM\" \/>\n\t<link rel=\"canonical\" href=\"https:\/\/www.iphone-ticker.de\/ios-7-vorstellung-am-10-juni-46424\/\" \/>\n\t<meta name=\"generator\" content=\"All in One SEO Pro (AIOSEO) 5.0.1\" \/>\n\t\t<meta property=\"og:locale\" content=\"de_DE\" \/>\n\t\t<meta property=\"og:site_name\" content=\"iphone-ticker.de | Alles zum iPhone. Seit 2007.\" \/>\n\t\t<meta property=\"og:type\" content=\"article\" \/>\n\t\t<meta property=\"og:title\" content=\"iOS 7 Vorstellung am 10. Juni? | iphone-ticker.de\" \/>\n\t\t<meta property=\"og:description\" content=\"Apples Entwickler-Konferenz, die in den letzten zehn Jahren immer schneller ausverkaufte WWDC, d\u00fcrfte auch in diesem Jahr wieder im Moscone Center im Herzen San Franciscos abgehalten werden. Einer der wichtigsten Tagesordnungspunkte der Auftaktveranstaltung: Die Vorstellung und anschlie\u00dfende Verteilung der n\u00e4chsten gro\u00dfen iOS-Aktualisierung auf Version 7. Bereits im letzten Jahr legte Apple die Keynote zur WWDC-Er\u00f6ffnung\" \/>\n\t\t<meta property=\"og:url\" content=\"https:\/\/www.iphone-ticker.de\/ios-7-vorstellung-am-10-juni-46424\/\" \/>\n\t\t<meta property=\"article:published_time\" content=\"2013-04-18T09:58:59+00:00\" \/>\n\t\t<meta property=\"article:modified_time\" content=\"2013-04-18T13:01:28+00:00\" \/>\n\t\t<meta property=\"article:publisher\" content=\"https:\/\/facebook.com\/ifun.de\" \/>\n\t\t<meta name=\"twitter:card\" content=\"summary_large_image\" \/>\n\t\t<meta name=\"twitter:site\" content=\"@iphoneticker\" \/>\n\t\t<meta name=\"twitter:title\" content=\"iOS 7 Vorstellung am 10. Juni? | iphone-ticker.de\" \/>\n\t\t<meta name=\"twitter:description\" content=\"Apples Entwickler-Konferenz, die in den letzten zehn Jahren immer schneller ausverkaufte WWDC, d\u00fcrfte auch in diesem Jahr wieder im Moscone Center im Herzen San Franciscos abgehalten werden. Einer der wichtigsten Tagesordnungspunkte der Auftaktveranstaltung: Die Vorstellung und anschlie\u00dfende Verteilung der n\u00e4chsten gro\u00dfen iOS-Aktualisierung auf Version 7. Bereits im letzten Jahr legte Apple die Keynote zur WWDC-Er\u00f6ffnung\" \/>\n\t\t<meta name=\"twitter:creator\" content=\"@iphoneticker\" \/>\n\t\t<script type=\"application\/ld+json\" class=\"aioseo-schema\">\n\t\t\t{\"@context\":\"https:\\\/\\\/schema.org\",\"@graph\":[{\"@type\":\"BreadcrumbList\",\"@id\":\"https:\\\/\\\/www.iphone-ticker.de\\\/ios-7-vorstellung-am-10-juni-46424\\\/#breadcrumblist\",\"itemListElement\":[{\"@type\":\"ListItem\",\"@id\":\"https:\\\/\\\/www.iphone-ticker.de#listItem\",\"position\":1,\"name\":\"Home\",\"item\":\"https:\\\/\\\/www.iphone-ticker.de\",\"nextItem\":{\"@type\":\"ListItem\",\"@id\":\"https:\\\/\\\/www.iphone-ticker.de\\\/category\\\/rumors\\\/#listItem\",\"name\":\"Rumors\"}},{\"@type\":\"ListItem\",\"@id\":\"https:\\\/\\\/www.iphone-ticker.de\\\/category\\\/rumors\\\/#listItem\",\"position\":2,\"name\":\"Rumors\",\"item\":\"https:\\\/\\\/www.iphone-ticker.de\\\/category\\\/rumors\\\/\",\"nextItem\":{\"@type\":\"ListItem\",\"@id\":\"https:\\\/\\\/www.iphone-ticker.de\\\/ios-7-vorstellung-am-10-juni-46424\\\/#listItem\",\"name\":\"iOS 7 Vorstellung am 10. Juni?\"},\"previousItem\":{\"@type\":\"ListItem\",\"@id\":\"https:\\\/\\\/www.iphone-ticker.de#listItem\",\"name\":\"Home\"}},{\"@type\":\"ListItem\",\"@id\":\"https:\\\/\\\/www.iphone-ticker.de\\\/ios-7-vorstellung-am-10-juni-46424\\\/#listItem\",\"position\":3,\"name\":\"iOS 7 Vorstellung am 10. Juni?\",\"previousItem\":{\"@type\":\"ListItem\",\"@id\":\"https:\\\/\\\/www.iphone-ticker.de\\\/category\\\/rumors\\\/#listItem\",\"name\":\"Rumors\"}}]},{\"@type\":\"NewsArticle\",\"@id\":\"https:\\\/\\\/www.iphone-ticker.de\\\/ios-7-vorstellung-am-10-juni-46424\\\/#newsarticle\",\"name\":\"iOS 7 Vorstellung am 10. Juni? | iphone-ticker.de\",\"headline\":\"iOS 7 Vorstellung am 10. Juni?\",\"author\":{\"@id\":\"https:\\\/\\\/www.iphone-ticker.de\\\/author\\\/admin\\\/#author\"},\"publisher\":{\"@id\":\"https:\\\/\\\/www.iphone-ticker.de\\\/#organization\"},\"image\":{\"@type\":\"ImageObject\",\"url\":\"https:\\\/\\\/images.iphone-ticker.de\\\/wp-content\\\/uploads\\\/2013\\\/04\\\/ios-preview.jpg\",\"width\":640,\"height\":252},\"datePublished\":\"2013-04-18T10:58:59+02:00\",\"dateModified\":\"2013-04-18T14:01:28+02:00\",\"inLanguage\":\"de-DE\",\"commentCount\":63,\"mainEntityOfPage\":{\"@id\":\"https:\\\/\\\/www.iphone-ticker.de\\\/ios-7-vorstellung-am-10-juni-46424\\\/#webpage\"},\"isPartOf\":{\"@id\":\"https:\\\/\\\/www.iphone-ticker.de\\\/ios-7-vorstellung-am-10-juni-46424\\\/#webpage\"},\"articleSection\":\"Rumors, zz1A, 2013, Apple, iOS, Rumors, WWDC\",\"dateline\":\"Ver\\u00f6ffentlicht am April 18, 2013.\"},{\"@type\":\"Organization\",\"@id\":\"https:\\\/\\\/www.iphone-ticker.de\\\/#organization\",\"name\":\"aketo GmbH\",\"description\":\"Die aketo GmbH versorgt das deutschsprachige Internet mit den f\\u00fchrenden Nachrichtenangeboten zu Apple, dem iPhone, dem iPad und Apples Lifestyle-Produkten. Konzepte, Redaktion, Recherchen und Archiv.\",\"url\":\"https:\\\/\\\/www.iphone-ticker.de\\\/\",\"email\":\"ifun.de@gmail.com\",\"telephone\":\"+493057707123\",\"foundingDate\":\"2007-01-01\",\"logo\":{\"@type\":\"ImageObject\",\"url\":\"https:\\\/\\\/images.iphone-ticker.de\\\/wp-content\\\/uploads\\\/2026\\\/02\\\/apple-touch-icon.png\",\"@id\":\"https:\\\/\\\/www.iphone-ticker.de\\\/ios-7-vorstellung-am-10-juni-46424\\\/#organizationLogo\",\"width\":1024,\"height\":1024,\"caption\":\"Apple Touch Icon\"},\"image\":{\"@id\":\"https:\\\/\\\/www.iphone-ticker.de\\\/ios-7-vorstellung-am-10-juni-46424\\\/#organizationLogo\"},\"sameAs\":[\"https:\\\/\\\/facebook.com\\\/ifun.de\",\"https:\\\/\\\/x.com\\\/iphoneticker\"]},{\"@type\":\"Person\",\"@id\":\"https:\\\/\\\/www.iphone-ticker.de\\\/author\\\/admin\\\/#author\",\"url\":\"https:\\\/\\\/www.iphone-ticker.de\\\/author\\\/admin\\\/\",\"name\":\"Nicolas\"},{\"@type\":\"WebPage\",\"@id\":\"https:\\\/\\\/www.iphone-ticker.de\\\/ios-7-vorstellung-am-10-juni-46424\\\/#webpage\",\"url\":\"https:\\\/\\\/www.iphone-ticker.de\\\/ios-7-vorstellung-am-10-juni-46424\\\/\",\"name\":\"iOS 7 Vorstellung am 10. Juni? | iphone-ticker.de\",\"description\":\"Apples Entwickler-Konferenz, die in den letzten zehn Jahren immer schneller ausverkaufte WWDC, d\\u00fcrfte auch in diesem Jahr wieder im Moscone Center im Herzen San Franciscos abgehalten werden. Einer der wichtigsten Tagesordnungspunkte der Auftaktveranstaltung: Die Vorstellung und anschlie\\u00dfende Verteilung der n\\u00e4chsten gro\\u00dfen iOS-Aktualisierung auf Version 7. Bereits im letzten Jahr legte Apple die Keynote zur WWDC-Er\\u00f6ffnung\",\"inLanguage\":\"de-DE\",\"isPartOf\":{\"@id\":\"https:\\\/\\\/www.iphone-ticker.de\\\/#website\"},\"breadcrumb\":{\"@id\":\"https:\\\/\\\/www.iphone-ticker.de\\\/ios-7-vorstellung-am-10-juni-46424\\\/#breadcrumblist\"},\"author\":{\"@id\":\"https:\\\/\\\/www.iphone-ticker.de\\\/author\\\/admin\\\/#author\"},\"creator\":{\"@id\":\"https:\\\/\\\/www.iphone-ticker.de\\\/author\\\/admin\\\/#author\"},\"image\":{\"@type\":\"ImageObject\",\"url\":\"https:\\\/\\\/images.iphone-ticker.de\\\/wp-content\\\/uploads\\\/2013\\\/04\\\/ios-preview.jpg\",\"@id\":\"https:\\\/\\\/www.iphone-ticker.de\\\/ios-7-vorstellung-am-10-juni-46424\\\/#mainImage\",\"width\":640,\"height\":252},\"primaryImageOfPage\":{\"@id\":\"https:\\\/\\\/www.iphone-ticker.de\\\/ios-7-vorstellung-am-10-juni-46424\\\/#mainImage\"},\"datePublished\":\"2013-04-18T10:58:59+02:00\",\"dateModified\":\"2013-04-18T14:01:28+02:00\"},{\"@type\":\"WebSite\",\"@id\":\"https:\\\/\\\/www.iphone-ticker.de\\\/#website\",\"url\":\"https:\\\/\\\/www.iphone-ticker.de\\\/\",\"name\":\"iphone-ticker.de\",\"description\":\"Alles zum iPhone. Seit 2007.\",\"inLanguage\":\"de-DE\",\"publisher\":{\"@id\":\"https:\\\/\\\/www.iphone-ticker.de\\\/#organization\"}}]}\n\t\t<\/script>\n\t\t<!-- All in One SEO Pro -->\r\n\t\t<title>iOS 7 Vorstellung am 10. Juni? | iphone-ticker.de<\/title>\n\n","aioseo_head_json":{"title":"iOS 7 Vorstellung am 10. Juni? | iphone-ticker.de","description":"Apples Entwickler-Konferenz, die in den letzten zehn Jahren immer schneller ausverkaufte WWDC, d\u00fcrfte auch in diesem Jahr wieder im Moscone Center im Herzen San Franciscos abgehalten werden. Einer der wichtigsten Tagesordnungspunkte der Auftaktveranstaltung: Die Vorstellung und anschlie\u00dfende Verteilung der n\u00e4chsten gro\u00dfen iOS-Aktualisierung auf Version 7. Bereits im letzten Jahr legte Apple die Keynote zur WWDC-Er\u00f6ffnung","canonical_url":"https:\/\/www.iphone-ticker.de\/ios-7-vorstellung-am-10-juni-46424\/","robots":"max-image-preview:large","keywords":"","webmasterTools":{"google-site-verification":"bRuV4_wqNuoQLypC9HVKibZ0X7EtNyELtju97qgyflM","miscellaneous":""},"schema":{"@context":"https:\/\/schema.org","@graph":[{"@type":"BreadcrumbList","@id":"https:\/\/www.iphone-ticker.de\/ios-7-vorstellung-am-10-juni-46424\/#breadcrumblist","itemListElement":[{"@type":"ListItem","@id":"https:\/\/www.iphone-ticker.de#listItem","position":1,"name":"Home","item":"https:\/\/www.iphone-ticker.de","nextItem":{"@type":"ListItem","@id":"https:\/\/www.iphone-ticker.de\/category\/rumors\/#listItem","name":"Rumors"}},{"@type":"ListItem","@id":"https:\/\/www.iphone-ticker.de\/category\/rumors\/#listItem","position":2,"name":"Rumors","item":"https:\/\/www.iphone-ticker.de\/category\/rumors\/","nextItem":{"@type":"ListItem","@id":"https:\/\/www.iphone-ticker.de\/ios-7-vorstellung-am-10-juni-46424\/#listItem","name":"iOS 7 Vorstellung am 10. Juni?"},"previousItem":{"@type":"ListItem","@id":"https:\/\/www.iphone-ticker.de#listItem","name":"Home"}},{"@type":"ListItem","@id":"https:\/\/www.iphone-ticker.de\/ios-7-vorstellung-am-10-juni-46424\/#listItem","position":3,"name":"iOS 7 Vorstellung am 10. Juni?","previousItem":{"@type":"ListItem","@id":"https:\/\/www.iphone-ticker.de\/category\/rumors\/#listItem","name":"Rumors"}}]},{"@type":"NewsArticle","@id":"https:\/\/www.iphone-ticker.de\/ios-7-vorstellung-am-10-juni-46424\/#newsarticle","name":"iOS 7 Vorstellung am 10. Juni? | iphone-ticker.de","headline":"iOS 7 Vorstellung am 10. Juni?","author":{"@id":"https:\/\/www.iphone-ticker.de\/author\/admin\/#author"},"publisher":{"@id":"https:\/\/www.iphone-ticker.de\/#organization"},"image":{"@type":"ImageObject","url":"https:\/\/images.iphone-ticker.de\/wp-content\/uploads\/2013\/04\/ios-preview.jpg","width":640,"height":252},"datePublished":"2013-04-18T10:58:59+02:00","dateModified":"2013-04-18T14:01:28+02:00","inLanguage":"de-DE","commentCount":63,"mainEntityOfPage":{"@id":"https:\/\/www.iphone-ticker.de\/ios-7-vorstellung-am-10-juni-46424\/#webpage"},"isPartOf":{"@id":"https:\/\/www.iphone-ticker.de\/ios-7-vorstellung-am-10-juni-46424\/#webpage"},"articleSection":"Rumors, zz1A, 2013, Apple, iOS, Rumors, WWDC","dateline":"Ver\u00f6ffentlicht am April 18, 2013."},{"@type":"Organization","@id":"https:\/\/www.iphone-ticker.de\/#organization","name":"aketo GmbH","description":"Die aketo GmbH versorgt das deutschsprachige Internet mit den f\u00fchrenden Nachrichtenangeboten zu Apple, dem iPhone, dem iPad und Apples Lifestyle-Produkten. Konzepte, Redaktion, Recherchen und Archiv.","url":"https:\/\/www.iphone-ticker.de\/","email":"ifun.de@gmail.com","telephone":"+493057707123","foundingDate":"2007-01-01","logo":{"@type":"ImageObject","url":"https:\/\/images.iphone-ticker.de\/wp-content\/uploads\/2026\/02\/apple-touch-icon.png","@id":"https:\/\/www.iphone-ticker.de\/ios-7-vorstellung-am-10-juni-46424\/#organizationLogo","width":1024,"height":1024,"caption":"Apple Touch Icon"},"image":{"@id":"https:\/\/www.iphone-ticker.de\/ios-7-vorstellung-am-10-juni-46424\/#organizationLogo"},"sameAs":["https:\/\/facebook.com\/ifun.de","https:\/\/x.com\/iphoneticker"]},{"@type":"Person","@id":"https:\/\/www.iphone-ticker.de\/author\/admin\/#author","url":"https:\/\/www.iphone-ticker.de\/author\/admin\/","name":"Nicolas"},{"@type":"WebPage","@id":"https:\/\/www.iphone-ticker.de\/ios-7-vorstellung-am-10-juni-46424\/#webpage","url":"https:\/\/www.iphone-ticker.de\/ios-7-vorstellung-am-10-juni-46424\/","name":"iOS 7 Vorstellung am 10. Juni? | iphone-ticker.de","description":"Apples Entwickler-Konferenz, die in den letzten zehn Jahren immer schneller ausverkaufte WWDC, d\u00fcrfte auch in diesem Jahr wieder im Moscone Center im Herzen San Franciscos abgehalten werden. Einer der wichtigsten Tagesordnungspunkte der Auftaktveranstaltung: Die Vorstellung und anschlie\u00dfende Verteilung der n\u00e4chsten gro\u00dfen iOS-Aktualisierung auf Version 7. Bereits im letzten Jahr legte Apple die Keynote zur WWDC-Er\u00f6ffnung","inLanguage":"de-DE","isPartOf":{"@id":"https:\/\/www.iphone-ticker.de\/#website"},"breadcrumb":{"@id":"https:\/\/www.iphone-ticker.de\/ios-7-vorstellung-am-10-juni-46424\/#breadcrumblist"},"author":{"@id":"https:\/\/www.iphone-ticker.de\/author\/admin\/#author"},"creator":{"@id":"https:\/\/www.iphone-ticker.de\/author\/admin\/#author"},"image":{"@type":"ImageObject","url":"https:\/\/images.iphone-ticker.de\/wp-content\/uploads\/2013\/04\/ios-preview.jpg","@id":"https:\/\/www.iphone-ticker.de\/ios-7-vorstellung-am-10-juni-46424\/#mainImage","width":640,"height":252},"primaryImageOfPage":{"@id":"https:\/\/www.iphone-ticker.de\/ios-7-vorstellung-am-10-juni-46424\/#mainImage"},"datePublished":"2013-04-18T10:58:59+02:00","dateModified":"2013-04-18T14:01:28+02:00"},{"@type":"WebSite","@id":"https:\/\/www.iphone-ticker.de\/#website","url":"https:\/\/www.iphone-ticker.de\/","name":"iphone-ticker.de","description":"Alles zum iPhone. Seit 2007.","inLanguage":"de-DE","publisher":{"@id":"https:\/\/www.iphone-ticker.de\/#organization"}}]},"og:locale":"de_DE","og:site_name":"iphone-ticker.de | Alles zum iPhone. Seit 2007.","og:type":"article","og:title":"iOS 7 Vorstellung am 10. Juni? | iphone-ticker.de","og:description":"Apples Entwickler-Konferenz, die in den letzten zehn Jahren immer schneller ausverkaufte WWDC, d\u00fcrfte auch in diesem Jahr wieder im Moscone Center im Herzen San Franciscos abgehalten werden. Einer der wichtigsten Tagesordnungspunkte der Auftaktveranstaltung: Die Vorstellung und anschlie\u00dfende Verteilung der n\u00e4chsten gro\u00dfen iOS-Aktualisierung auf Version 7. Bereits im letzten Jahr legte Apple die Keynote zur WWDC-Er\u00f6ffnung","og:url":"https:\/\/www.iphone-ticker.de\/ios-7-vorstellung-am-10-juni-46424\/","article:published_time":"2013-04-18T09:58:59+00:00","article:modified_time":"2013-04-18T13:01:28+00:00","article:publisher":"https:\/\/facebook.com\/ifun.de","twitter:card":"summary_large_image","twitter:site":"@iphoneticker","twitter:title":"iOS 7 Vorstellung am 10. Juni? | iphone-ticker.de","twitter:description":"Apples Entwickler-Konferenz, die in den letzten zehn Jahren immer schneller ausverkaufte WWDC, d\u00fcrfte auch in diesem Jahr wieder im Moscone Center im Herzen San Franciscos abgehalten werden. Einer der wichtigsten Tagesordnungspunkte der Auftaktveranstaltung: Die Vorstellung und anschlie\u00dfende Verteilung der n\u00e4chsten gro\u00dfen iOS-Aktualisierung auf Version 7. Bereits im letzten Jahr legte Apple die Keynote zur WWDC-Er\u00f6ffnung","twitter:creator":"@iphoneticker"},"aioseo_meta_data":{"post_id":"46424","title":null,"description":null,"keywords":null,"keyphrases":null,"primary_term":null,"canonical_url":null,"og_title":null,"og_description":null,"og_object_type":"default","og_image_type":"default","og_image_url":null,"og_image_width":null,"og_image_height":null,"og_image_custom_url":null,"og_image_custom_fields":null,"og_video":null,"og_custom_url":null,"og_article_section":null,"og_article_tags":null,"twitter_use_og":false,"twitter_card":"default","twitter_image_type":"default","twitter_image_url":null,"twitter_image_custom_url":null,"twitter_image_custom_fields":null,"twitter_title":null,"twitter_description":null,"schema":{"blockGraphs":[],"customGraphs":[],"default":{"data":{"Article":[],"Course":[],"Dataset":[],"FAQPage":[],"Movie":[],"Person":[],"Product":[],"ProductReview":[],"Car":[],"Recipe":[],"Service":[],"SoftwareApplication":[],"WebPage":[]},"graphName":"NewsArticle","isEnabled":true},"graphs":[]},"schema_type":"default","schema_type_options":null,"pillar_content":false,"robots_default":true,"robots_noindex":false,"robots_noarchive":false,"robots_nosnippet":false,"robots_nofollow":false,"robots_noimageindex":false,"robots_noodp":false,"robots_notranslate":false,"robots_max_snippet":null,"robots_max_videopreview":null,"robots_max_imagepreview":"large","priority":null,"frequency":null,"local_seo":null,"seo_analyzer_scan_date":"2026-07-01 17:56:23","breadcrumb_settings":null,"limit_modified_date":false,"open_ai":null,"ai":null,"created":"2026-02-20 03:22:41","updated":"2026-07-01 17:56:23","focus_keyword":null,"additional_keywords":null,"truseo_locale":null},"aioseo_breadcrumb":"<div class=\"aioseo-breadcrumbs\"><span class=\"aioseo-breadcrumb\">\n\t<a href=\"https:\/\/www.iphone-ticker.de\" title=\"Home\">Home<\/a>\n<\/span><span class=\"aioseo-breadcrumb-separator\">\u00bb<\/span><span class=\"aioseo-breadcrumb\">\n\t<a href=\"https:\/\/www.iphone-ticker.de\/category\/rumors\/\" title=\"Rumors\">Rumors<\/a>\n<\/span><span class=\"aioseo-breadcrumb-separator\">\u00bb<\/span><span class=\"aioseo-breadcrumb\">\n\tiOS 7 Vorstellung am 10. Juni?\n<\/span><\/div>","aioseo_breadcrumb_json":[{"label":"Home","link":"https:\/\/www.iphone-ticker.de"},{"label":"Rumors","link":"https:\/\/www.iphone-ticker.de\/category\/rumors\/"},{"label":"iOS 7 Vorstellung am 10. Juni?","link":"https:\/\/www.iphone-ticker.de\/ios-7-vorstellung-am-10-juni-46424\/"}],"featured_image":["http:\/\/www.iphone-ticker.de\/wp-content\/uploads\/2013\/04\/ios-preview.jpg"],"rest_api_enabler":{"featured_image":"http:\/\/www.iphone-ticker.de\/wp-content\/uploads\/2013\/04\/ios-preview.jpg"},"_links":{"self":[{"href":"https:\/\/www.iphone-ticker.de\/apiv2\/wp\/v2\/posts\/46424","targetHints":{"allow":["GET"]}}],"collection":[{"href":"https:\/\/www.iphone-ticker.de\/apiv2\/wp\/v2\/posts"}],"about":[{"href":"https:\/\/www.iphone-ticker.de\/apiv2\/wp\/v2\/types\/post"}],"author":[{"embeddable":true,"href":"https:\/\/www.iphone-ticker.de\/apiv2\/wp\/v2\/users\/1"}],"replies":[{"embeddable":true,"href":"https:\/\/www.iphone-ticker.de\/apiv2\/wp\/v2\/comments?post=46424"}],"version-history":[{"count":3,"href":"https:\/\/www.iphone-ticker.de\/apiv2\/wp\/v2\/posts\/46424\/revisions"}],"predecessor-version":[{"id":46447,"href":"https:\/\/www.iphone-ticker.de\/apiv2\/wp\/v2\/posts\/46424\/revisions\/46447"}],"wp:featuredmedia":[{"embeddable":true,"href":"https:\/\/www.iphone-ticker.de\/apiv2\/wp\/v2\/media\/46425"}],"wp:attachment":[{"href":"https:\/\/www.iphone-ticker.de\/apiv2\/wp\/v2\/media?parent=46424"}],"wp:term":[{"taxonomy":"category","embeddable":true,"href":"https:\/\/www.iphone-ticker.de\/apiv2\/wp\/v2\/categories?post=46424"},{"taxonomy":"post_tag","embeddable":true,"href":"https:\/\/www.iphone-ticker.de\/apiv2\/wp\/v2\/tags?post=46424"}],"curies":[{"name":"wp","href":"https:\/\/api.w.org\/{rel}","templated":true}]}}