{"id":46069,"date":"2013-04-10T14:22:46","date_gmt":"2013-04-10T13:22:46","guid":{"rendered":"http:\/\/www.iphone-ticker.de\/?p=46069"},"modified":"2013-04-13T09:04:23","modified_gmt":"2013-04-13T08:04:23","slug":"der-geruchte-uberblick-zum-iphone-5s","status":"publish","type":"post","link":"https:\/\/www.iphone-ticker.de\/der-geruchte-uberblick-zum-iphone-5s-46069\/","title":{"rendered":"Der komplette Ger\u00fcchte-\u00dcberblick zum iPhone 5S"},"content":{"rendered":"<p>Wir nehmen die zwei heutigen Ger\u00fcchte-Updates zur anstehenden Aktualisierung des iPhone-Lineups noch mal zum Anlass, die seit Anfang des Jahres aufgeschlagenen Spekulationen zum iPhone 5S zu versammeln und zu verlinken.<\/p>\n<p>Der kurze, leicht verdaubare \u00dcberblick auf die neuen und alten Vorhersagen d\u00fcrfte dabei helfen, die ab Mitte des zweiten Quartals erwartete Flut an mehr und weniger gehaltlosen Prognosen aus der richtige Perspektive zu betrachten.<\/p>\n<p><a href=\"http:\/\/www.nowhereelse.fr\/iphone-6-apple-79866\/\"><img loading=\"lazy\" decoding=\"async\" class=\"aligncenter size-full wp-image-46071\" alt=\"renderkl\" src=\"http:\/\/www.iphone-ticker.de\/wp-content\/uploads\/2013\/04\/renderkl.jpg\" width=\"700\" height=\"280\" srcset=\"https:\/\/images.iphone-ticker.de\/wp-content\/uploads\/2013\/04\/renderkl.jpg 700w, https:\/\/images.iphone-ticker.de\/wp-content\/uploads\/2013\/04\/renderkl-300x120.jpg 300w\" sizes=\"auto, (max-width: 700px) 100vw, 700px\" \/><\/a><\/p>\n<p><strong>Was ist neu?<\/strong><\/p>\n<p><strong>Eine neue Farbe:<\/strong> Unter Berufung auf eine &#8222;glaubw\u00fcrdige Quelle&#8220; gesellt sich das japanische Magazin &#8222;<a href=\"http:\/\/appleinsider.com\/articles\/13\/04\/09\/rumor-forthcoming-iphone-5s-to-be-offered-in-5-colorways-debut-in-july\">Mac Otakara<\/a>&#8220; in die Reihen derer, die an die Freigabe eines farbigen iPhone 5S glauben. Neben Wei\u00df und Schwarz soll Apple die Ger\u00e4te-Palette um eine Farb-Option Farbe erweitern.<\/p>\n<p><strong>Mindestens zwei Display-Gr\u00f6\u00dfen<\/strong>: Auch der gleichzeitige Marktstart zwei unterschiedlich gro\u00dfer iPhone-Modelle bekommt weitere F\u00fcrsprecher. Brian Whitex, Analyst bei Topeka Capital, <a href=\"http:\/\/www.businessinsider.com\/topeka-apple-is-going-to-release-the-iphone-5s-in-at-least-two-screen-sizes-2013-4\">geht fest davon aus<\/a>, dass Apple in diesem Jahr &#8222;mindestens&#8220; zwei iPhone-Modelle mit verschiedenen Display-Ma\u00dfen freigeben wird.<\/p>\n<p><strong>Der Blick zur\u00fcck:<\/strong><\/p>\n<ul>\n<ul>\n<li><a href=\"http:\/\/www.iphone-ticker.de\/apples-2013-das-iphone-5s-ein-ipad-mini-retina-und-mehr-40859\/\">22. November<\/a>: Gene Munster prognostiziert Apples 2013. Seine Vorhersage damals. Schon im M\u00e4rz ein Retina iPad mini (falsch) das iPhone 5S im September.<\/li>\n<li><a href=\"http:\/\/www.iphone-ticker.de\/iphone-5s-die-erste-prognose-erreicht-den-los-topf-41504\/\">10. Dezember<\/a>: Die Investmentbank sagt<\/li>\n<li>Jefferies sagt ein iPhone 5S mit NFC, 128GB Speicher und in verschiedenen Farben voraus.<\/li>\n<li><a href=\"http:\/\/www.iphone-ticker.de\/uber-das-zweite-halbjahr-verteilt-apples-mogliche-produkt-neuvorstellungen-im-uberblick-42650\/\">16. Januar<\/a>: Apple Insider zitiert das Branchen-Institut KGI mit seiner Jahresvorschau. Erwartet wird ein iPhone 5S und ein preiswertes Budget-iPhone. Beide im 3. Quartal.<\/li>\n<li><a href=\"http:\/\/www.iphone-ticker.de\/fingerabdruck-erkennung-bereits-im-iphone-5s-42707\/\">17. Januar<\/a>: Das iPhone 5S soll mit einem Modul zur Fingerabdruck-Erkennung ausgestattet sein.<\/li>\n<li><a href=\"http:\/\/www.iphone-ticker.de\/das-preiswert-iphone-ein-hardware-cocktail-aus-iphone-5-und-ipod-touch-43160\/\">29. Januar<\/a>: Das Preiswert-iPhone kommt, ganz sicher. Das Geh\u00e4use aus Kunststoff, kein Glas, kein Aluminium. Optisch \u00e4hnlich dem iPod touch.<\/li>\n<\/ul>\n<\/ul>\n<p><a href=\"http:\/\/www.iphone-ticker.de\/wp-content\/uploads\/2013\/04\/plastik1.jpg\"><img loading=\"lazy\" decoding=\"async\" class=\"aligncenter size-full wp-image-46073\" alt=\"plastik\" src=\"http:\/\/www.iphone-ticker.de\/wp-content\/uploads\/2013\/04\/plastik1.jpg\" width=\"640\" height=\"431\" srcset=\"https:\/\/images.iphone-ticker.de\/wp-content\/uploads\/2013\/04\/plastik1.jpg 640w, https:\/\/images.iphone-ticker.de\/wp-content\/uploads\/2013\/04\/plastik1-300x202.jpg 300w\" sizes=\"auto, (max-width: 640px) 100vw, 640px\" \/><\/a><\/p>\n<ul>\n<li><a href=\"http:\/\/www.iphone-ticker.de\/iphone-5s-iphone-6-apple-201-43682\/\">8. Februar<\/a>: Neben dem iPhone 5S soll Apple auch ein iPhone 6 lancieren. Das Sechser w\u00e4re dann das iPhone-Modell mit 5-Zoll-Bildschirm.<\/li>\n<li><a href=\"http:\/\/www.iphone-ticker.de\/apples-2013-budget-iphone-im-juni-der-grose-nachfolger-2014-43844\/\">13. Februar<\/a>: Das 5-Zoll Ger\u00e4t kommt erst 2014, sagt Peter Misek. 2013 geh\u00f6rt dem iPhone 5S und dem Budget-iPhone.<\/li>\n<li><a href=\"http:\/\/www.iphone-ticker.de\/pdf-download-iphone-bastelbogen-soll-5-zoll-modell-veranschaulichen-44024\/\">19. Februar<\/a>: PDF Download. Ein iPhone-Bastelbogen soll das 5-Zoll-Modell veranschaulichen.<\/li>\n<li><a href=\"http:\/\/www.iphone-ticker.de\/hatte-wenn-und-aber-iphone-namen-gerate-spezifikationen-und-verkaufstermine-44490\/\">5. M\u00e4rz<\/a>: Marktbeobachter Ming-Chi Kuo legt Preise und technische Spezifikationen zum iPhone 5S und zum Budget iPhone vor.<\/li>\n<li><a href=\"http:\/\/www.iphone-ticker.de\/passend-zur-patent-ein-merkwurdiges-iphone-5s-45823\/\">4. April<\/a>: Ein sch\u00f6nes Rendering skizziert das Preiswert-iPhone.<\/li>\n<\/ul>\n","protected":false},"excerpt":{"rendered":"<a href=\"https:\/\/www.iphone-ticker.de\/der-geruchte-uberblick-zum-iphone-5s-46069\/\"><img width=\"150\" height=\"150\" src=\"https:\/\/images.iphone-ticker.de\/wp-content\/uploads\/2013\/04\/render-150x150.jpg\" class=\"alignright tfe wp-post-image\" alt=\"\" decoding=\"async\" loading=\"lazy\" \/><\/a><p>Wir nehmen die zwei heutigen Ger\u00fcchte-Updates zur anstehenden Aktualisierung des iPhone-Lineups noch mal zum Anlass, die seit Anfang des Jahres aufgeschlagenen Spekulationen zum iPhone 5S zu versammeln und zu verlinken. Der kurze, leicht verdaubare \u00dcberblick auf die neuen und alten Vorhersagen d\u00fcrfte dabei helfen, die ab Mitte des zweiten Quartals erwartete Flut an mehr und [&hellip;]<\/p>\n","protected":false},"author":1,"featured_media":46070,"comment_status":"open","ping_status":"closed","sticky":false,"template":"","format":"standard","meta":{"footnotes":""},"categories":[6,1975],"tags":[2064,344,1787,3910],"class_list":["post-46069","post","type-post","status-publish","format-standard","has-post-thumbnail","hentry","category-rumors","category-feature","tag-geruechte","tag-iphone","tag-iphone-5s","tag-rumors"],"aioseo_notices":[],"featured_image":["http:\/\/www.iphone-ticker.de\/wp-content\/uploads\/2013\/04\/render.jpg"],"rest_api_enabler":{"featured_image":"http:\/\/www.iphone-ticker.de\/wp-content\/uploads\/2013\/04\/render.jpg"},"_links":{"self":[{"href":"https:\/\/www.iphone-ticker.de\/apiv2\/wp\/v2\/posts\/46069","targetHints":{"allow":["GET"]}}],"collection":[{"href":"https:\/\/www.iphone-ticker.de\/apiv2\/wp\/v2\/posts"}],"about":[{"href":"https:\/\/www.iphone-ticker.de\/apiv2\/wp\/v2\/types\/post"}],"author":[{"embeddable":true,"href":"https:\/\/www.iphone-ticker.de\/apiv2\/wp\/v2\/users\/1"}],"replies":[{"embeddable":true,"href":"https:\/\/www.iphone-ticker.de\/apiv2\/wp\/v2\/comments?post=46069"}],"version-history":[{"count":4,"href":"https:\/\/www.iphone-ticker.de\/apiv2\/wp\/v2\/posts\/46069\/revisions"}],"predecessor-version":[{"id":46201,"href":"https:\/\/www.iphone-ticker.de\/apiv2\/wp\/v2\/posts\/46069\/revisions\/46201"}],"wp:featuredmedia":[{"embeddable":true,"href":"https:\/\/www.iphone-ticker.de\/apiv2\/wp\/v2\/media\/46070"}],"wp:attachment":[{"href":"https:\/\/www.iphone-ticker.de\/apiv2\/wp\/v2\/media?parent=46069"}],"wp:term":[{"taxonomy":"category","embeddable":true,"href":"https:\/\/www.iphone-ticker.de\/apiv2\/wp\/v2\/categories?post=46069"},{"taxonomy":"post_tag","embeddable":true,"href":"https:\/\/www.iphone-ticker.de\/apiv2\/wp\/v2\/tags?post=46069"}],"curies":[{"name":"wp","href":"https:\/\/api.w.org\/{rel}","templated":true}]}}