{"id":4574,"date":"2008-12-03T02:05:54","date_gmt":"2008-12-03T00:05:54","guid":{"rendered":"http:\/\/www.iphone-ticker.de\/2008\/12\/03\/vorbestellbar-aber-keine-apple-in-ears-fur-das-iphone\/"},"modified":"2008-12-03T02:05:54","modified_gmt":"2008-12-03T00:05:54","slug":"vorbestellbar-aber-keine-apple-in-ears-fur-das-iphone","status":"publish","type":"post","link":"https:\/\/www.iphone-ticker.de\/vorbestellbar-aber-keine-apple-in-ears-fur-das-iphone-4574\/","title":{"rendered":"Vorbestellbar, aber: Keine Apple In-Ears f\u00fcr das iPhone"},"content":{"rendered":"<p><img decoding=\"async\" src=\"http:\/\/www.iphone-ticker.de\/wp-content\/uploads\/2008\/12\/appleinear.png\" alt=\"appleinear.png\" align=\"right\" \/>Auf die <a href=\"http:\/\/www.ifun.de\/content\/view\/4824\/2\/\">am 9. September von Apple angek\u00fcndigten<\/a> In-Ears warten wir nun schon gut drei Monate. Jetzt sind zumindest <a href=\"http:\/\/www.apple.com\/de\/ipod\/inearheadphones\/\">die offiziellen Seiten<\/a> mit den Produktspezifikationen und technischen Daten auf Apples Servern verf\u00fcgbar. Soweit gibt es keine \u00dcberraschungen:<\/p>\n<blockquote><p><em>&#8222;Fernbedienung und Mikrofon werden nur beim iPod nano (4. Generation), beim iPod classic (120 GB) und beim iPod touch (2. Generation) unterst\u00fctzt. Die Audiofunktion wird bei allen iPod Modellen unterst\u00fctzt.&#8220;<\/em><\/p><\/blockquote>\n<p>Wie bereits zur Ank\u00fcndigung tauchen die beiden iPhone-Generationen nicht in der Kompatibilit\u00e4ts-Liste auf. Im Deutschen <a href=\"http:\/\/tracker.tradedoubler.com\/click?p=3469&amp;a=747172&amp;url=http:\/\/store.apple.com\/Apple\/WebObjects\/germanstore?&amp;productLearnMore=MA850\">Apple Store f\u00fcr 79\u20ac<\/a> zu haben wird die voraussichtliche Versandzeit momentan mit 7-10 Gesch\u00e4ftstagen angegeben.<\/p>\n<ul>\n<li>Apple In-Ear Headphones mit Fernbedienung und Mikrofon<\/li>\n<\/ul>\n<ul>\n<li>Transportetui und Zwei Ersatz-Schutzkappen<\/li>\n<\/ul>\n<ul>\n<li>Silikon-Ohrst\u00f6psel in drei Gr\u00f6\u00dfen (klein, mittel, gro\u00df)<\/li>\n<\/ul>\n","protected":false},"excerpt":{"rendered":"<a href=\"https:\/\/www.iphone-ticker.de\/vorbestellbar-aber-keine-apple-in-ears-fur-das-iphone-4574\/\"><img decoding=\"async\" width=\"150\" src=\"http:\/\/www.iphone-ticker.de\/wp-content\/uploads\/2008\/12\/appleinear.png\" class=\"alignright wp-post-image tfe\" alt=\"appleinear.png\" title=\"\" \/><\/a><p>Auf die am 9. September von Apple angek\u00fcndigten In-Ears warten wir nun schon gut drei Monate. Jetzt sind zumindest die offiziellen Seiten mit den Produktspezifikationen und technischen Daten auf Apples Servern verf\u00fcgbar. Soweit gibt es keine \u00dcberraschungen: &#8222;Fernbedienung und Mikrofon werden nur beim iPod nano (4. Generation), beim iPod classic (120 GB) und beim iPod [&hellip;]<\/p>\n","protected":false},"author":1,"featured_media":0,"comment_status":"open","ping_status":"open","sticky":false,"template":"","format":"standard","meta":{"footnotes":""},"categories":[1],"tags":[3912,54,208,5239],"class_list":["post-4574","post","type-post","status-publish","format-standard","hentry","category-news","tag-apple","tag-kopfhorer","tag-ohrhorer","tag-zubehoer"],"aioseo_notices":[],"rest_api_enabler":[],"_links":{"self":[{"href":"https:\/\/www.iphone-ticker.de\/apiv2\/wp\/v2\/posts\/4574","targetHints":{"allow":["GET"]}}],"collection":[{"href":"https:\/\/www.iphone-ticker.de\/apiv2\/wp\/v2\/posts"}],"about":[{"href":"https:\/\/www.iphone-ticker.de\/apiv2\/wp\/v2\/types\/post"}],"author":[{"embeddable":true,"href":"https:\/\/www.iphone-ticker.de\/apiv2\/wp\/v2\/users\/1"}],"replies":[{"embeddable":true,"href":"https:\/\/www.iphone-ticker.de\/apiv2\/wp\/v2\/comments?post=4574"}],"version-history":[{"count":0,"href":"https:\/\/www.iphone-ticker.de\/apiv2\/wp\/v2\/posts\/4574\/revisions"}],"wp:attachment":[{"href":"https:\/\/www.iphone-ticker.de\/apiv2\/wp\/v2\/media?parent=4574"}],"wp:term":[{"taxonomy":"category","embeddable":true,"href":"https:\/\/www.iphone-ticker.de\/apiv2\/wp\/v2\/categories?post=4574"},{"taxonomy":"post_tag","embeddable":true,"href":"https:\/\/www.iphone-ticker.de\/apiv2\/wp\/v2\/tags?post=4574"}],"curies":[{"name":"wp","href":"https:\/\/api.w.org\/{rel}","templated":true}]}}