{"id":45336,"date":"2013-03-26T11:06:16","date_gmt":"2013-03-26T10:06:16","guid":{"rendered":"http:\/\/www.iphone-ticker.de\/?p=45336"},"modified":"2013-03-26T11:06:16","modified_gmt":"2013-03-26T10:06:16","slug":"surfacepad-fallt-auseinander-twelve-south-reagiert-auf-nutzer-kritik","status":"publish","type":"post","link":"https:\/\/www.iphone-ticker.de\/surfacepad-fallt-auseinander-twelve-south-reagiert-auf-nutzer-kritik-45336\/","title":{"rendered":"&#8222;Surfacepad f\u00e4llt auseinander&#8220;: Twelve South reagiert auf Nutzer-Kritik"},"content":{"rendered":"<p>&#8222;Mein Surfacepad f\u00e4llt auseinander!&#8220; schreibt Sebastian und schickt uns zur zur optischen Best\u00e4tigung ein Foto der <a href=\"http:\/\/www.iphone-ticker.de\/twelve-south-surfacepad-video-44093\/\">Mitte Februar im Video vorgestellten<\/a> iPhone-H\u00fclle. Sebastians Mail zum Thema ist nicht die erste kritische Stimme zur damals noch \u00fcberzeugenden Schutzh\u00fclle und erreicht uns mehr oder weniger zeitgleich mit der dem offiziellen Feedback der Twelve South-Macher, die ifun.de bereits nach den ersten negativen Erfahrungsberichten kontaktiert hat. <\/p>\n<p><img loading=\"lazy\" decoding=\"async\" src=\"http:\/\/www.iphone-ticker.de\/wp-content\/uploads\/2013\/03\/tws.jpg\" alt=\"\" title=\"tws\" width=\"464\" height=\"332\" class=\"aligncenter size-full wp-image-45337\" srcset=\"https:\/\/images.iphone-ticker.de\/wp-content\/uploads\/2013\/03\/tws.jpg 464w, https:\/\/images.iphone-ticker.de\/wp-content\/uploads\/2013\/03\/tws-300x214.jpg 300w\" sizes=\"auto, (max-width: 464px) 100vw, 464px\" \/><\/p>\n<p>Shannon Austin, Pressesprecherin bei Twelve South verweist auf die einj\u00e4hrige Garantie und merkt ausdr\u00fccklich an: <\/p>\n<blockquote><p>This shouldn&#8217;t be happening, and isn&#8217;t common. <\/p><\/blockquote>\n<p>Twelve South werde gewohnt kulant auf Fehlerberichte eingehen, sollten die Schwei\u00dfn\u00e4hte bereits im normalen Alltagseinsatz nachgeben. Das Surfacepad wird in verschiedenen Farben und Modell-Varianten f\u00fcr knapp 35\u20ac zum Kauf angeboten.<\/p>\n<p><strong>Die Modelle: <\/strong><\/p>\n<ul>\n<li><a rel=\"noindex, nofollow\" href=\"http:\/\/www.amazon.de\/gp\/product\/B00B9AB96O\/ref=as_li_ss_tl?ie=UTF8&amp;camp=1638&amp;creative=19454&amp;creativeASIN=B00B9AB96O&amp;linkCode=as2&amp;tag=musicweb02\">iPhone 5 Surfacepad in wei\u00df<\/a> &#8211; <a rel=\"noindex, nofollow\" href=\"http:\/\/www.amazon.de\/gp\/product\/B00B9AB95U\/ref=as_li_ss_tl?ie=UTF8&#038;camp=1638&#038;creative=19454&#038;creativeASIN=B00B9AB95U&#038;linkCode=as2&#038;tag=musicweb02\">iPhone 4S-Version<\/a><\/li>\n<li><a rel=\"noindex, nofollow\" href=\"http:\/\/www.amazon.de\/gp\/product\/B00B9AB964\/ref=as_li_ss_tl?ie=UTF8&amp;camp=1638&amp;creative=19454&amp;creativeASIN=B00B9AB964&amp;linkCode=as2&amp;tag=musicweb02\">iPhone 5 Surfacepad in schwarz<\/a> &#8211; <a rel=\"noindex, nofollow\" href=\"http:\/\/www.amazon.de\/gp\/product\/B00B9AB964\/ref=as_li_ss_tl?ie=UTF8&#038;camp=1638&#038;creative=19454&#038;creativeASIN=B00B9AB964&#038;linkCode=as2&#038;tag=musicweb02\">iPhone 4S-Version<\/a><\/li>\n<li><a rel=\"noindex, nofollow\" href=\"http:\/\/www.amazon.de\/gp\/product\/B00B9AB7T8\/ref=as_li_ss_il?ie=UTF8&amp;camp=1638&amp;creative=19454&amp;creativeASIN=B00B9AB7T8&amp;linkCode=as2&amp;tag=musicweb02\">iPhone 5 Surfacepad in rot<\/a> &#8211; <a rel=\"noindex, nofollow\" href=\"http:\/\/www.amazon.de\/gp\/product\/B00B9AB7T8\/ref=as_li_ss_tl?ie=UTF8&#038;camp=1638&#038;creative=19454&#038;creativeASIN=B00B9AB7T8&#038;linkCode=as2&#038;tag=musicweb02\">iPhone 4S-Version<\/a><\/li>\n<\/ul>\n","protected":false},"excerpt":{"rendered":"<a href=\"https:\/\/www.iphone-ticker.de\/surfacepad-fallt-auseinander-twelve-south-reagiert-auf-nutzer-kritik-45336\/\"><img width=\"150\" height=\"107\" src=\"https:\/\/images.iphone-ticker.de\/wp-content\/uploads\/2013\/03\/tws.jpg\" class=\"alignright tfe wp-post-image\" alt=\"\" decoding=\"async\" loading=\"lazy\" srcset=\"https:\/\/images.iphone-ticker.de\/wp-content\/uploads\/2013\/03\/tws.jpg 464w, https:\/\/images.iphone-ticker.de\/wp-content\/uploads\/2013\/03\/tws-300x214.jpg 300w\" sizes=\"auto, (max-width: 150px) 100vw, 150px\" \/><\/a><p>&#8222;Mein Surfacepad f\u00e4llt auseinander!&#8220; schreibt Sebastian und schickt uns zur zur optischen Best\u00e4tigung ein Foto der Mitte Februar im Video vorgestellten iPhone-H\u00fclle. Sebastians Mail zum Thema ist nicht die erste kritische Stimme zur damals noch \u00fcberzeugenden Schutzh\u00fclle und erreicht uns mehr oder weniger zeitgleich mit der dem offiziellen Feedback der Twelve South-Macher, die ifun.de bereits [&hellip;]<\/p>\n","protected":false},"author":1,"featured_media":45337,"comment_status":"open","ping_status":"closed","sticky":false,"template":"","format":"standard","meta":{"footnotes":""},"categories":[24],"tags":[21,22,32,5239],"class_list":["post-45336","post","type-post","status-publish","format-standard","has-post-thumbnail","hentry","category-zubehor","tag-case","tag-hulle","tag-kritik","tag-zubehoer"],"aioseo_notices":[],"rest_api_enabler":[],"_links":{"self":[{"href":"https:\/\/www.iphone-ticker.de\/apiv2\/wp\/v2\/posts\/45336","targetHints":{"allow":["GET"]}}],"collection":[{"href":"https:\/\/www.iphone-ticker.de\/apiv2\/wp\/v2\/posts"}],"about":[{"href":"https:\/\/www.iphone-ticker.de\/apiv2\/wp\/v2\/types\/post"}],"author":[{"embeddable":true,"href":"https:\/\/www.iphone-ticker.de\/apiv2\/wp\/v2\/users\/1"}],"replies":[{"embeddable":true,"href":"https:\/\/www.iphone-ticker.de\/apiv2\/wp\/v2\/comments?post=45336"}],"version-history":[{"count":3,"href":"https:\/\/www.iphone-ticker.de\/apiv2\/wp\/v2\/posts\/45336\/revisions"}],"predecessor-version":[{"id":45340,"href":"https:\/\/www.iphone-ticker.de\/apiv2\/wp\/v2\/posts\/45336\/revisions\/45340"}],"wp:featuredmedia":[{"embeddable":true,"href":"https:\/\/www.iphone-ticker.de\/apiv2\/wp\/v2\/media\/45337"}],"wp:attachment":[{"href":"https:\/\/www.iphone-ticker.de\/apiv2\/wp\/v2\/media?parent=45336"}],"wp:term":[{"taxonomy":"category","embeddable":true,"href":"https:\/\/www.iphone-ticker.de\/apiv2\/wp\/v2\/categories?post=45336"},{"taxonomy":"post_tag","embeddable":true,"href":"https:\/\/www.iphone-ticker.de\/apiv2\/wp\/v2\/tags?post=45336"}],"curies":[{"name":"wp","href":"https:\/\/api.w.org\/{rel}","templated":true}]}}