{"id":44537,"date":"2013-03-06T09:35:02","date_gmt":"2013-03-06T08:35:02","guid":{"rendered":"http:\/\/www.iphone-ticker.de\/?p=44537"},"modified":"2013-03-06T10:24:15","modified_gmt":"2013-03-06T09:24:15","slug":"in-der-arte-app-tote-zuerst","status":"publish","type":"post","link":"https:\/\/www.iphone-ticker.de\/in-der-arte-app-tote-zuerst-44537\/","title":{"rendered":"In der ARTE-App: &#8222;T\u00f6te zuerst!&#8220;"},"content":{"rendered":"<p>Das in der Kategorie &#8222;Beste Dokumentation&#8220; f\u00fcr einen Oscar nominierte 90-Minuten Werk &#8222;<a href=\"http:\/\/videos.arte.tv\/de\/videos\/toete-zuerst--7351110.html\">T\u00f6te zuerst!<\/a>&#8222;, l\u00e4sst sich nach seiner gestrigen TV-Erstausstrahlung jetzt sieben Tage lang \u00fcber die <strong>ARTE-App<\/strong> (<a rel=\"noindex, nofollow\" href=\"http:\/\/www.ifun.de\/app\/405028510\">AppStore-Link<\/a>) abrufen und verdient sich, wie bereits <a href=\"http:\/\/www.iphone-ticker.de\/empfehlungen-furs-wochenende-armadillo-in-der-arte-app-mutant-mudds-swissrailwayclock-41450\/\">Armadillo<\/a> und <a href=\"http:\/\/www.iphone-ticker.de\/kurz-notiert-telekom-erhoht-preise-arte-tipp-fitbit-gesteuerte-steckdose-und-noch-mehr-hintergrunde-zum-jailbreak-43581\/\">Die Besatzer<\/a>, ein Empfehlung.<\/p>\n<p><img loading=\"lazy\" decoding=\"async\" class=\"aligncenter size-full wp-image-44538\" title=\"toete\" src=\"http:\/\/www.iphone-ticker.de\/wp-content\/uploads\/2013\/03\/toete.jpg\" alt=\"\" width=\"464\" height=\"353\" srcset=\"https:\/\/images.iphone-ticker.de\/wp-content\/uploads\/2013\/03\/toete.jpg 464w, https:\/\/images.iphone-ticker.de\/wp-content\/uploads\/2013\/03\/toete-300x228.jpg 300w\" sizes=\"auto, (max-width: 464px) 100vw, 464px\" \/><\/p>\n<p>Die Dokumentation spricht mit den f\u00fcnf ehemaligen Leitern des israelischen Inlandsgeheimdienstes &#8222;Schin Bet&#8220; und zieht, ruhig aber unglaublich mitrei\u00dfend, eine Bilanz der Terrorismusbek\u00e4mpfung, Spionageabwehr und Aufkl\u00e4rung staatsfeindlicher Aktivit\u00e4ten seit dem Sechs-Tage-Krieg von 1967.<\/p>\n<blockquote><p>Vor dem Hintergrund der zentralen Rolle, die Israel beim weltweiten Kampf gegen den Terror spielt, geben die Bekenntnisse dieser \u201eGatekeeper\u201c zu denken und zwingen den Zuschauer sich zu fragen, mit welchen Mitteln dieser Kampf gef\u00fchrt werden soll, ob im Gazastreifen oder in Guant\u00e1namo, in Pal\u00e4stina oder Pakistan. Wie ein moralisches Gleichnis zeigen die Schilderungen der Schin-Bet-Offiziere, was passiert, wenn ein Volk oder eine Nation versucht, Gewalt mit Gewalt zu begegnen.<\/p><\/blockquote>\n<p>Unabh\u00e4ngig vom pers\u00f6nlichen Standpunkt zum Nahost-Konflikt ist &#8222;T\u00f6te zuerst!&#8220; ein sehenswertes St\u00fcck Zeitgeschichte. Wer anschlie\u00dfend noch kann (und dass d\u00fcrften nicht viele sein) nimmt die ebenfalls spannende Dokumentation &#8222;<a href=\"http:\/\/videos.arte.tv\/de\/videos\/die-welt-nach-fukushima--7351116.html\">Die Welt nach Fukoshima<\/a>&#8220; noch mit:<\/p>\n<p><!--more--><\/p>\n<blockquote><p>Der Dokumentarfilmer Kenichi Watanabe st\u00fctzte sich bei seinen Recherchen auf Untersuchungen vor Ort, auf Berichte der betroffenen Familien und der Anwohner, auf Interviews mit Politikern, \u00c4rzten, Historikern, Soziologen und Schriftstellern. Sein Fazit ist niederschmetternd und veranlasst zu \u00fcberaus alarmierenden Bedenken hinsichtlich der Erbschaft, die zuk\u00fcnftige Generationen werden antreten m\u00fcssen.<\/p><\/blockquote>\n","protected":false},"excerpt":{"rendered":"<a href=\"https:\/\/www.iphone-ticker.de\/in-der-arte-app-tote-zuerst-44537\/\"><img width=\"150\" height=\"114\" src=\"https:\/\/images.iphone-ticker.de\/wp-content\/uploads\/2013\/03\/toete.jpg\" class=\"alignright tfe wp-post-image\" alt=\"\" decoding=\"async\" loading=\"lazy\" srcset=\"https:\/\/images.iphone-ticker.de\/wp-content\/uploads\/2013\/03\/toete.jpg 464w, https:\/\/images.iphone-ticker.de\/wp-content\/uploads\/2013\/03\/toete-300x228.jpg 300w\" sizes=\"auto, (max-width: 150px) 100vw, 150px\" \/><\/a><p>Das in der Kategorie &#8222;Beste Dokumentation&#8220; f\u00fcr einen Oscar nominierte 90-Minuten Werk &#8222;T\u00f6te zuerst!&#8222;, l\u00e4sst sich nach seiner gestrigen TV-Erstausstrahlung jetzt sieben Tage lang \u00fcber die ARTE-App (AppStore-Link) abrufen und verdient sich, wie bereits Armadillo und Die Besatzer, ein Empfehlung. Die Dokumentation spricht mit den f\u00fcnf ehemaligen Leitern des israelischen Inlandsgeheimdienstes &#8222;Schin Bet&#8220; und zieht, [&hellip;]<\/p>\n","protected":false},"author":1,"featured_media":44538,"comment_status":"open","ping_status":"closed","sticky":false,"template":"","format":"standard","meta":{"footnotes":""},"categories":[383],"tags":[701,413,74,171],"class_list":["post-44537","post","type-post","status-publish","format-standard","has-post-thumbnail","hentry","category-appletv","tag-arte","tag-fernsehen","tag-tipp","tag-tv"],"aioseo_notices":[],"rest_api_enabler":[],"_links":{"self":[{"href":"https:\/\/www.iphone-ticker.de\/apiv2\/wp\/v2\/posts\/44537","targetHints":{"allow":["GET"]}}],"collection":[{"href":"https:\/\/www.iphone-ticker.de\/apiv2\/wp\/v2\/posts"}],"about":[{"href":"https:\/\/www.iphone-ticker.de\/apiv2\/wp\/v2\/types\/post"}],"author":[{"embeddable":true,"href":"https:\/\/www.iphone-ticker.de\/apiv2\/wp\/v2\/users\/1"}],"replies":[{"embeddable":true,"href":"https:\/\/www.iphone-ticker.de\/apiv2\/wp\/v2\/comments?post=44537"}],"version-history":[{"count":2,"href":"https:\/\/www.iphone-ticker.de\/apiv2\/wp\/v2\/posts\/44537\/revisions"}],"predecessor-version":[{"id":44546,"href":"https:\/\/www.iphone-ticker.de\/apiv2\/wp\/v2\/posts\/44537\/revisions\/44546"}],"wp:featuredmedia":[{"embeddable":true,"href":"https:\/\/www.iphone-ticker.de\/apiv2\/wp\/v2\/media\/44538"}],"wp:attachment":[{"href":"https:\/\/www.iphone-ticker.de\/apiv2\/wp\/v2\/media?parent=44537"}],"wp:term":[{"taxonomy":"category","embeddable":true,"href":"https:\/\/www.iphone-ticker.de\/apiv2\/wp\/v2\/categories?post=44537"},{"taxonomy":"post_tag","embeddable":true,"href":"https:\/\/www.iphone-ticker.de\/apiv2\/wp\/v2\/tags?post=44537"}],"curies":[{"name":"wp","href":"https:\/\/api.w.org\/{rel}","templated":true}]}}