{"id":42834,"date":"2013-01-21T23:06:12","date_gmt":"2013-01-21T22:06:12","guid":{"rendered":"http:\/\/www.iphone-ticker.de\/?p=42834"},"modified":"2013-01-21T23:09:35","modified_gmt":"2013-01-21T22:09:35","slug":"ios-7-keine-lange-wunschliste-sondern-bescheidene-forderungen-nach-mehr-unabhangigkeit","status":"publish","type":"post","link":"https:\/\/www.iphone-ticker.de\/ios-7-keine-lange-wunschliste-sondern-bescheidene-forderungen-nach-mehr-unabhangigkeit-42834\/","title":{"rendered":"iOS 7: Keine lange Wunschliste, sondern bescheidene Forderungen nach mehr Unabh\u00e4ngigkeit"},"content":{"rendered":"<p><a href=\"http:\/\/tomdale.net\/2013\/01\/my-ios-7-wishlist\/\">Absolut lesenswert<\/a> und in weiten Teilen richtig. Tom Dale hat nur einen Wunsch an Apples iOS-Aktualisierung, die, <a href=\"http:\/\/www.iphone-ticker.de\/mehr-einfluss-fur-jony-ive-das-aus-fur-den-lienen-background-und-eingestanzte-leder-nahe-39983\/\">unter der Aufsicht<\/a> von Jony Ive gestaltet, unsere Ger\u00e4te voraussichtlich im Sp\u00e4tsommer erreichen und die iOS Versionsnummer dann von 6 auf 7 anheben wird. Die Freiheit zu genie\u00dfen, nicht mehr bei jedem Schritt an die Hand genommen zu werden. <\/p>\n<blockquote><p>Und das w\u00e4re dann meine Hoffnung f\u00fcr iOS 7 [und mein Wunsch an Apple]: Gebt die OS-Schnittstellen frei, die Module wie Siri und Maps nutzen. Lasst mich die ab Werk installierte Mail-Applikation ersetzen. Wir sind Dankbar, dass Apple uns in den ersten Jahren gef\u00fchrt hat, aber wir haben das Smartphone-Ding inzwischen verstanden. Lasst uns jetzt machen was wir wollen. <\/p><\/blockquote>\n<p>Dales Artikel, &#8222;<a href=\"http:\/\/tomdale.net\/2013\/01\/my-ios-7-wishlist\/\">My iOS 7 Wishlist<\/a>&#8222;, solltet ihr euch wirklich durchlesen. Gerade dem Google-Now-Beispiel und dem Verweis auf das Amazon-Problem k\u00f6nnen wir nichts mehr hinzuf\u00fcgen. Au\u00dfer vielleicht die Erinnerung an unsere Bestandsaufnahme der ersten Spuren <a href=\"http:\/\/www.iphone-ticker.de\/spuren-von-xpc-in-ios-6-interprozess-kommunikation-auf-dem-iphone-41026\/\">aktiver Interprozess-Kommunikation unter iOS<\/a>. <\/p>\n<p>Apple hat iOS 7 wahrscheinlich schon viel weiter gedacht, als uns der letzte, unaufregende Wechsel von iOS 5 auf iOS 6 ahnen l\u00e4sst&#8230;<\/p>\n","protected":false},"excerpt":{"rendered":"<p>Absolut lesenswert und in weiten Teilen richtig. Tom Dale hat nur einen Wunsch an Apples iOS-Aktualisierung, die, unter der Aufsicht von Jony Ive gestaltet, unsere Ger\u00e4te voraussichtlich im Sp\u00e4tsommer erreichen und die iOS Versionsnummer dann von 6 auf 7 anheben wird. Die Freiheit zu genie\u00dfen, nicht mehr bei jedem Schritt an die Hand genommen zu [&hellip;]<\/p>\n","protected":false},"author":1,"featured_media":0,"comment_status":"open","ping_status":"closed","sticky":false,"template":"","format":"standard","meta":{"footnotes":""},"categories":[639],"tags":[3912,32],"class_list":["post-42834","post","type-post","status-publish","format-standard","hentry","category-ios","tag-apple","tag-kritik"],"aioseo_notices":[],"rest_api_enabler":[],"_links":{"self":[{"href":"https:\/\/www.iphone-ticker.de\/apiv2\/wp\/v2\/posts\/42834","targetHints":{"allow":["GET"]}}],"collection":[{"href":"https:\/\/www.iphone-ticker.de\/apiv2\/wp\/v2\/posts"}],"about":[{"href":"https:\/\/www.iphone-ticker.de\/apiv2\/wp\/v2\/types\/post"}],"author":[{"embeddable":true,"href":"https:\/\/www.iphone-ticker.de\/apiv2\/wp\/v2\/users\/1"}],"replies":[{"embeddable":true,"href":"https:\/\/www.iphone-ticker.de\/apiv2\/wp\/v2\/comments?post=42834"}],"version-history":[{"count":3,"href":"https:\/\/www.iphone-ticker.de\/apiv2\/wp\/v2\/posts\/42834\/revisions"}],"predecessor-version":[{"id":42836,"href":"https:\/\/www.iphone-ticker.de\/apiv2\/wp\/v2\/posts\/42834\/revisions\/42836"}],"wp:attachment":[{"href":"https:\/\/www.iphone-ticker.de\/apiv2\/wp\/v2\/media?parent=42834"}],"wp:term":[{"taxonomy":"category","embeddable":true,"href":"https:\/\/www.iphone-ticker.de\/apiv2\/wp\/v2\/categories?post=42834"},{"taxonomy":"post_tag","embeddable":true,"href":"https:\/\/www.iphone-ticker.de\/apiv2\/wp\/v2\/tags?post=42834"}],"curies":[{"name":"wp","href":"https:\/\/api.w.org\/{rel}","templated":true}]}}