{"id":42439,"date":"2013-01-09T10:18:23","date_gmt":"2013-01-09T09:18:23","guid":{"rendered":"http:\/\/www.iphone-ticker.de\/?p=42439"},"modified":"2013-01-09T10:18:36","modified_gmt":"2013-01-09T09:18:36","slug":"wall-street-journal-prognostiziert-einmal-mehr-das-preiswert-iphone-facebook-ladt-zum-medien-event","status":"publish","type":"post","link":"https:\/\/www.iphone-ticker.de\/wall-street-journal-prognostiziert-einmal-mehr-das-preiswert-iphone-facebook-ladt-zum-medien-event-42439\/","title":{"rendered":"Wall Street Journal prognostiziert einmal mehr das &#8222;Preiswert-iPhone&#8220; &#8211; Facebook l\u00e4dt zum Medien-Event"},"content":{"rendered":"<p>Mit Blick auf die zur\u00fcckliegenden Jahre d\u00fcrfte Apples Strategie, nicht nur im Premium-Bereich sondern auch im nicht ganz so preisintensiven Marktsegment mitzuspielen, selbst am gelegentlichen Zeitungsleser nicht vorbei gegangen sein. Traditionell reduziert Cupertino die beiden vorangegangenen iPhone-Modelle beim Launch einer neuen Generation leicht und bietet die nicht mehr ganz neuen iPhone-Einheiten dann noch gut zwei Jahre zum Verkauf an. <\/p>\n<p>Jetzt meldet sich das Wall Street Journal &#8211; <a href=\"http:\/\/www.iphone-ticker.de\/wallstreet-journal-preiswertes-einsteiger-iphone-massive-neuerungen-bei-mobileme-18421\/\">nicht zum ersten Mal<\/a> &#8211; zu Wort <a href=\"http:\/\/9to5mac.com\/2013\/01\/08\/wsj-once-again-claims-apple-working-on-less-expensive-iphone-this-time-for-late-2013\/\">und prognostiziert<\/a> die Abkehr vom eingeschliffenen Takt: <\/p>\n<blockquote><p>Das kosteng\u00fcnstigere iPhone k\u00f6nnte sich \u00e4u\u00dferlich am Original orientieren und mit einen preiswerteren, weniger edlem Geh\u00e4use am Markt starten [&#8230;] Eine der m\u00f6glichen Optionen, die Kosten f\u00fcr das Ger\u00e4t zu reduzieren, ist der Umstieg auf ein Geh\u00e4use aus Polycarbonat und die Abkehr vom Aluminium-Body. Viele andere Teile k\u00f6nnten hingegen unangetastet bzw. von der alten Ger\u00e4te-Linie Recycled werden. <\/p><\/blockquote>\n<p>Zwar k\u00f6nnte Apple sich in diesem Jahr wirklich zu gr\u00f6\u00dferen Umstellungen hinrei\u00dfen lassen &#8211; motiviert vom Lightning-Anschluss, den Cuopertino lieber heute als morgen in der kompletten Produktfamilie verbaut sehen w\u00fcrde &#8211; neu sind die Ger\u00fcchte \u00fcber den bevorstehenden Start eines g\u00fcnstigeren Modells jedoch nicht: Die Geschichte vom preiswerten Einsteiger-iPhone hat das WSJ bereits <a href=\"http:\/\/9to5mac.com\/2013\/01\/08\/wsj-once-again-claims-apple-working-on-less-expensive-iphone-this-time-for-late-2013\/\">am 13. Februar 2011 erz\u00e4hlt<\/a>. <\/p>\n<hr \/>\n<p>Spannender als die substanzlosen Vorhersagen des WSJ, k\u00f6nnte das <a href=\"http:\/\/www.theverge.com\/2013\/1\/8\/3852454\/facebook-press-event-january-15\">jetzt angek\u00fcndigte<\/a> Facebook-Event am 15. Januar werden, das direkt im Anschluss an die Elektronik-Messe CES im Stammsitz des sozialen Netzwerkes in Menlo Park angesetzt wurde. <\/p>\n<p>Es liegt auf der Hand, dass der Claim &#8222;Come and see what we&#8217;re building&#8220; nicht nur auf neue Funktionen der Facebook-Webseite, sondern auch die n\u00e4chsten gro\u00dfen Produkteinf\u00fchrungen bzw. App-Einf\u00fchrungen im mobilen Sektor abzielen wird. <\/p>\n","protected":false},"excerpt":{"rendered":"<p>Mit Blick auf die zur\u00fcckliegenden Jahre d\u00fcrfte Apples Strategie, nicht nur im Premium-Bereich sondern auch im nicht ganz so preisintensiven Marktsegment mitzuspielen, selbst am gelegentlichen Zeitungsleser nicht vorbei gegangen sein. Traditionell reduziert Cupertino die beiden vorangegangenen iPhone-Modelle beim Launch einer neuen Generation leicht und bietet die nicht mehr ganz neuen iPhone-Einheiten dann noch gut zwei [&hellip;]<\/p>\n","protected":false},"author":1,"featured_media":0,"comment_status":"open","ping_status":"closed","sticky":false,"template":"","format":"standard","meta":{"footnotes":""},"categories":[6],"tags":[144,455,2064,344],"class_list":["post-42439","post","type-post","status-publish","format-standard","hentry","category-rumors","tag-amerika","tag-facebook","tag-geruechte","tag-iphone"],"aioseo_notices":[],"rest_api_enabler":[],"_links":{"self":[{"href":"https:\/\/www.iphone-ticker.de\/apiv2\/wp\/v2\/posts\/42439","targetHints":{"allow":["GET"]}}],"collection":[{"href":"https:\/\/www.iphone-ticker.de\/apiv2\/wp\/v2\/posts"}],"about":[{"href":"https:\/\/www.iphone-ticker.de\/apiv2\/wp\/v2\/types\/post"}],"author":[{"embeddable":true,"href":"https:\/\/www.iphone-ticker.de\/apiv2\/wp\/v2\/users\/1"}],"replies":[{"embeddable":true,"href":"https:\/\/www.iphone-ticker.de\/apiv2\/wp\/v2\/comments?post=42439"}],"version-history":[{"count":2,"href":"https:\/\/www.iphone-ticker.de\/apiv2\/wp\/v2\/posts\/42439\/revisions"}],"predecessor-version":[{"id":42441,"href":"https:\/\/www.iphone-ticker.de\/apiv2\/wp\/v2\/posts\/42439\/revisions\/42441"}],"wp:attachment":[{"href":"https:\/\/www.iphone-ticker.de\/apiv2\/wp\/v2\/media?parent=42439"}],"wp:term":[{"taxonomy":"category","embeddable":true,"href":"https:\/\/www.iphone-ticker.de\/apiv2\/wp\/v2\/categories?post=42439"},{"taxonomy":"post_tag","embeddable":true,"href":"https:\/\/www.iphone-ticker.de\/apiv2\/wp\/v2\/tags?post=42439"}],"curies":[{"name":"wp","href":"https:\/\/api.w.org\/{rel}","templated":true}]}}