{"id":41853,"date":"2012-12-20T16:05:57","date_gmt":"2012-12-20T15:05:57","guid":{"rendered":"http:\/\/www.iphone-ticker.de\/?p=41853"},"modified":"2012-12-20T16:07:52","modified_gmt":"2012-12-20T15:07:52","slug":"tim-cook-china-wird-langfristig-zu-unserem-grosten-markt","status":"publish","type":"post","link":"https:\/\/www.iphone-ticker.de\/tim-cook-china-wird-langfristig-zu-unserem-grosten-markt-41853\/","title":{"rendered":"Tim Cook: &#8222;China wird langfristig zu unserem gr\u00f6\u00dften Markt&#8220;"},"content":{"rendered":"<p>In diesem Jahr hat das TIME Magazon den US-Pr\u00e4sidenten Barack Obama zur &#8222;Person des Jahres&#8220; und damit auf das Cover des aktuellen Heftes gew\u00e4hlt. Apple Chef Tim Cook ist unter den Zweitplatzierten und mit einem lesenswerten Portr\u00e4t <a href=\"http:\/\/poy.time.com\/2012\/12\/19\/runner-up-tim-cook-the-technologist\/\">hier vertreten<\/a>.  <\/p>\n<blockquote><p><img loading=\"lazy\" decoding=\"async\" src=\"http:\/\/www.iphone-ticker.de\/wp-content\/uploads\/2012\/12\/timeklein.jpg\" alt=\"\" title=\"timeklein\" width=\"130\" height=\"173\" class=\"alignright size-full wp-image-41857\" \/>Cook unterscheidet sich stellenweise nur unwesentlich von Steve Jobs. Auch der 52j\u00e4hrige ist ein Workaholic und erholt sich nur selten. Er wacht jeden Morgen (&#8222;Ja, jeden Morgen!&#8220;) um Viertel vor vier auf, k\u00fcmmert sich eine Stunde um seine Mails, geht anschlie\u00dfend ins Fitness-Studio, danach zu Starbucks (noch mehr Mails) und dann zur Arbeit. &#8222;Die Sache ist die: Wenn du deine Arbeit liebst, stufst du diese nicht wirklich als Arbeit ein. Es ist einfach das, was du machst. Das Schicksal hat es gut mit mir gemeint.&#8220;<\/p><\/blockquote>\n","protected":false},"excerpt":{"rendered":"<a href=\"https:\/\/www.iphone-ticker.de\/tim-cook-china-wird-langfristig-zu-unserem-grosten-markt-41853\/\"><img width=\"113\" height=\"150\" src=\"https:\/\/images.iphone-ticker.de\/wp-content\/uploads\/2012\/12\/time.jpeg\" class=\"alignright tfe wp-post-image\" alt=\"\" decoding=\"async\" loading=\"lazy\" \/><\/a><p>In diesem Jahr hat das TIME Magazon den US-Pr\u00e4sidenten Barack Obama zur &#8222;Person des Jahres&#8220; und damit auf das Cover des aktuellen Heftes gew\u00e4hlt. Apple Chef Tim Cook ist unter den Zweitplatzierten und mit einem lesenswerten Portr\u00e4t hier vertreten. Cook unterscheidet sich stellenweise nur unwesentlich von Steve Jobs. Auch der 52j\u00e4hrige ist ein Workaholic und [&hellip;]<\/p>\n","protected":false},"author":1,"featured_media":41854,"comment_status":"open","ping_status":"closed","sticky":false,"template":"","format":"standard","meta":{"footnotes":""},"categories":[14],"tags":[3912,160,1439,1812],"class_list":["post-41853","post","type-post","status-publish","format-standard","has-post-thumbnail","hentry","category-apple","tag-apple","tag-china","tag-tim-cook","tag-time"],"aioseo_notices":[],"rest_api_enabler":[],"_links":{"self":[{"href":"https:\/\/www.iphone-ticker.de\/apiv2\/wp\/v2\/posts\/41853","targetHints":{"allow":["GET"]}}],"collection":[{"href":"https:\/\/www.iphone-ticker.de\/apiv2\/wp\/v2\/posts"}],"about":[{"href":"https:\/\/www.iphone-ticker.de\/apiv2\/wp\/v2\/types\/post"}],"author":[{"embeddable":true,"href":"https:\/\/www.iphone-ticker.de\/apiv2\/wp\/v2\/users\/1"}],"replies":[{"embeddable":true,"href":"https:\/\/www.iphone-ticker.de\/apiv2\/wp\/v2\/comments?post=41853"}],"version-history":[{"count":6,"href":"https:\/\/www.iphone-ticker.de\/apiv2\/wp\/v2\/posts\/41853\/revisions"}],"predecessor-version":[{"id":41861,"href":"https:\/\/www.iphone-ticker.de\/apiv2\/wp\/v2\/posts\/41853\/revisions\/41861"}],"wp:featuredmedia":[{"embeddable":true,"href":"https:\/\/www.iphone-ticker.de\/apiv2\/wp\/v2\/media\/41854"}],"wp:attachment":[{"href":"https:\/\/www.iphone-ticker.de\/apiv2\/wp\/v2\/media?parent=41853"}],"wp:term":[{"taxonomy":"category","embeddable":true,"href":"https:\/\/www.iphone-ticker.de\/apiv2\/wp\/v2\/categories?post=41853"},{"taxonomy":"post_tag","embeddable":true,"href":"https:\/\/www.iphone-ticker.de\/apiv2\/wp\/v2\/tags?post=41853"}],"curies":[{"name":"wp","href":"https:\/\/api.w.org\/{rel}","templated":true}]}}